{"id":19938,"date":"2025-10-31T14:48:05","date_gmt":"2025-10-31T11:48:05","guid":{"rendered":"https:\/\/www.hbrkahta.com\/?p=19938"},"modified":"2025-10-31T14:48:05","modified_gmt":"2025-10-31T11:48:05","slug":"adyu-2025-2026-akademik-yili-acilis-toreni-tbmm-baskani-kurtulmusun-katilimiyla-gerceklestirilecek","status":"publish","type":"post","link":"https:\/\/www.hbrkahta.com\/index.php\/2025\/10\/31\/adyu-2025-2026-akademik-yili-acilis-toreni-tbmm-baskani-kurtulmusun-katilimiyla-gerceklestirilecek\/","title":{"rendered":"ADY\u00dc 2025\u20132026 Akademik Y\u0131l\u0131 A\u00e7\u0131l\u0131\u015f T\u00f6reni, TBMM Ba\u015fkan\u0131 Kurtulmu\u015f\u2019un kat\u0131l\u0131m\u0131yla ger\u00e7ekle\u015ftirilecek"},"content":{"rendered":"<p>T\u00f6ren, Ad\u0131yaman \u00dcniversitesi Mustafa Vehbi Ko\u00e7 Konferans Salonu&#8217;nda saat 10.30&#8217;da ba\u015flayacak. A\u00e7\u0131l\u0131\u015fa Ad\u0131yaman Valisi Dr. Osman Varol, Belediye Ba\u015fkan\u0131 Abdurrahman Tutdere, milletvekilleri, akademisyenler, \u00f6\u011frenciler ve \u00e7ok say\u0131da davetlinin kat\u0131lmas\u0131 bekleniyor.<\/p>\n<p>&#8220;K\u00fcresel Adalet Aray\u0131\u015f\u0131&#8221; ba\u015fl\u0131kl\u0131 ilk dersi Kurtulmu\u015f verecek<\/p>\n<p>A\u00e7\u0131l\u0131\u015f program\u0131nda sayg\u0131 duru\u015fu ve \u0130stiklal Mar\u015f\u0131&#8217;n\u0131n ard\u0131ndan tan\u0131t\u0131m filmi g\u00f6sterimi yap\u0131lacak.<\/p>\n<p>T\u00f6rende Ad\u0131yaman \u00dcniversitesi Rekt\u00f6r\u00fc Prof. Dr. Mehmet Kele\u015f ve Ad\u0131yaman Valisi Dr. Osman Varol birer konu\u015fma ger\u00e7ekle\u015ftirecek. Program\u0131n en dikkat \u00e7ekici b\u00f6l\u00fcm\u00fc ise TBMM Ba\u015fkan\u0131 Prof. Dr. Numan Kurtulmu\u015f&#8217;un &#8220;K\u00fcresel Adalet Aray\u0131\u015f\u0131&#8221; ba\u015fl\u0131kl\u0131 ilk dersi olacak. Kurtulmu\u015f&#8217;un, konu\u015fmas\u0131nda adalet, k\u00fcresel bar\u0131\u015f, y\u00fcksek\u00f6\u011fretimde vizyon ve T\u00fcrkiye Y\u00fczy\u0131l\u0131 perspektifine ili\u015fkin de\u011ferlendirmelerde bulunmas\u0131 bekleniyor.<\/p>\n<p>Ad\u0131yaman&#8217;da akademik y\u0131l moral ve dayan\u0131\u015fma vurgusuyla ba\u015flayacak<\/p>\n<p>6 \u015eubat depremlerinin ard\u0131ndan yeniden yap\u0131lanma s\u00fcreci devam eden Ad\u0131yaman&#8217;da ger\u00e7ekle\u015fecek bu akademik y\u0131l a\u00e7\u0131l\u0131\u015f\u0131, e\u011fitimde moral, bilimde dayan\u0131\u015fma ve \u015fehirde yeniden dirili\u015f temalar\u0131yla \u00f6nem ta\u015f\u0131yor. \u00dcniversite y\u00f6netimi, yeni d\u00f6nemde deprem sonras\u0131 kamp\u00fcs d\u00fczenlemeleri, akademik kadro g\u00fc\u00e7lendirmesi ve \u00f6\u011frenci destek projeleriyle e\u011fitim kalitesini y\u00fckseltmeyi hedefliyor.<\/p>\n<p><img decoding=\"async\" alt=\"\" src=\"https:\/\/www.hbrkahta.com\/wp-content\/uploads\/2025\/10\/adyu-20252026-akademik-yili-acilis-toreni-tbmm-baskani-kurtulmusun-katilimiyla-gerceklestirilecek-0-5s1MGxeW.jpg\"><\/p>\n<p>&#8220;A\u00e7\u0131l\u0131\u015f t\u00f6reni program\u0131&#8221;<\/p>\n<p>Sayg\u0131 Duru\u015fu ve \u0130stiklal Mar\u015f\u0131<\/p>\n<p>Tan\u0131t\u0131m Filmi G\u00f6sterimi<\/p>\n<p>A\u00e7\u0131l\u0131\u015f Konu\u015fmalar\u0131:<\/p>\n<p>ADY\u00dc Rekt\u00f6r\u00fc Prof. Dr. Mehmet Kele\u015f<\/p>\n<p>Ad\u0131yaman Valisi Dr. Osman Varol<\/p>\n<p>\u0130lk Ders: TBMM Ba\u015fkan\u0131 Prof. Dr. Numan Kurtulmu\u015f &#8211; &#8220;K\u00fcresel Adalet Aray\u0131\u015f\u0131&#8221;<\/p>\n<p>Hediye Takdimi<\/p>\n<p>Toplu Foto\u011fraf \u00c7ekimi<\/p>\n<p>Kaynak : PERRE<\/p>\n","protected":false},"excerpt":{"rendered":"<p>ADIYAMAN (PERRE) &#8211; \u015eeriban \u00d6Z\u00c7AKMAK &#8211; T\u00fcrkiye B\u00fcy\u00fck Millet Meclisi Ba\u015fkan\u0131 Numan Kurtulmu\u015f, 3 Kas\u0131m 2025 Pazartesi g\u00fcn\u00fc Ad\u0131yaman \u00dcniversitesi 2025-2026 Akademik Y\u0131l\u0131 A\u00e7\u0131l\u0131\u015f T\u00f6reni&#8217;ne kat\u0131lmak \u00fczere Ad\u0131yaman&#8217;a geliyor.<\/p>\n","protected":false},"author":1,"featured_media":19939,"comment_status":"open","ping_status":"open","sticky":false,"template":"","format":"standard","meta":{"om_disable_all_campaigns":false,"_monsterinsights_skip_tracking":false,"_monsterinsights_sitenote_active":false,"_monsterinsights_sitenote_note":"","_monsterinsights_sitenote_category":0,"footnotes":""},"categories":[1,11],"tags":[559,580],"aioseo_notices":[],"_links":{"self":[{"href":"https:\/\/www.hbrkahta.com\/index.php\/wp-json\/wp\/v2\/posts\/19938"}],"collection":[{"href":"https:\/\/www.hbrkahta.com\/index.php\/wp-json\/wp\/v2\/posts"}],"about":[{"href":"https:\/\/www.hbrkahta.com\/index.php\/wp-json\/wp\/v2\/types\/post"}],"author":[{"embeddable":true,"href":"https:\/\/www.hbrkahta.com\/index.php\/wp-json\/wp\/v2\/users\/1"}],"replies":[{"embeddable":true,"href":"https:\/\/www.hbrkahta.com\/index.php\/wp-json\/wp\/v2\/comments?post=19938"}],"version-history":[{"count":1,"href":"https:\/\/www.hbrkahta.com\/index.php\/wp-json\/wp\/v2\/posts\/19938\/revisions"}],"predecessor-version":[{"id":19941,"href":"https:\/\/www.hbrkahta.com\/index.php\/wp-json\/wp\/v2\/posts\/19938\/revisions\/19941"}],"wp:featuredmedia":[{"embeddable":true,"href":"https:\/\/www.hbrkahta.com\/index.php\/wp-json\/wp\/v2\/media\/19939"}],"wp:attachment":[{"href":"https:\/\/www.hbrkahta.com\/index.php\/wp-json\/wp\/v2\/media?parent=19938"}],"wp:term":[{"taxonomy":"category","embeddable":true,"href":"https:\/\/www.hbrkahta.com\/index.php\/wp-json\/wp\/v2\/categories?post=19938"},{"taxonomy":"post_tag","embeddable":true,"href":"https:\/\/www.hbrkahta.com\/index.php\/wp-json\/wp\/v2\/tags?post=19938"}],"curies":[{"name":"wp","href":"https:\/\/api.w.org\/{rel}","templated":true}]}}