{"id":19935,"date":"2025-10-31T14:36:04","date_gmt":"2025-10-31T11:36:04","guid":{"rendered":"https:\/\/www.hbrkahta.com\/?p=19935"},"modified":"2025-10-31T14:36:04","modified_gmt":"2025-10-31T11:36:04","slug":"adalet-bakani-yilmaz-tunc-adiyamana-geliyor","status":"publish","type":"post","link":"https:\/\/www.hbrkahta.com\/index.php\/2025\/10\/31\/adalet-bakani-yilmaz-tunc-adiyamana-geliyor\/","title":{"rendered":"Adalet Bakan\u0131 Y\u0131lmaz Tun\u00e7 Ad\u0131yaman\u2019a geliyor"},"content":{"rendered":"<p>Bakan Tun\u00e7&#8217;tan Besni ve Ad\u0131yaman&#8217;da adalet yat\u0131r\u0131mlar\u0131na a\u00e7\u0131l\u0131\u015f ve inceleme ziyareti<\/p>\n<p>Bakan Tun\u00e7&#8217;un ziyareti kapsam\u0131nda hem Besni Adalet Saray\u0131 hem de Ad\u0131yaman Adalet Saray\u0131 Ek Hizmet Binas\u0131 hizmete a\u00e7\u0131lacak.<\/p>\n<p>Ziyaretin program\u0131 belli oldu<\/p>\n<p>Adalet Bakanl\u0131\u011f\u0131 taraf\u0131ndan a\u00e7\u0131klanan programa g\u00f6re, Y\u0131lmaz Tun\u00e7&#8217;un Ad\u0131yaman temaslar\u0131 saat 13.30&#8217;da Besni Adalet Saray\u0131 A\u00e7\u0131l\u0131\u015f T\u00f6reniyle ba\u015flayacak.<\/p>\n<p>Bakan Tun\u00e7, ard\u0131ndan 15.30&#8217;da Ad\u0131yaman Adalet Saray\u0131 Ek Hizmet Binas\u0131 A\u00e7\u0131l\u0131\u015f T\u00f6reni&#8217;ne kat\u0131lacak.<\/p>\n<p>Ziyaretin son b\u00f6l\u00fcm\u00fcnde ise, Ad\u0131yaman Tar\u0131m M\u00fckemmeliyet Merkezinde incelemelerde bulunacak olan Bakan Tun\u00e7, \u00e7al\u0131\u015fmalar hakk\u0131nda yetkililerden bilgi alacak. \u0130nceleme ziyareti 16.30&#8217;da Sar\u0131harman K\u00f6y\u00fc&#8217;nde ger\u00e7ekle\u015ftirilecek.<\/p>\n<p>Bakan Tun\u00e7&#8217;un ziyareti, 6 \u015eubat depremlerinden en \u00e7ok etkilenen illerden biri olan Ad\u0131yaman&#8217;da, adalet altyap\u0131s\u0131n\u0131n g\u00fc\u00e7lendirilmesi ve yeni kamu hizmet binalar\u0131n\u0131n devreye al\u0131nmas\u0131 a\u00e7\u0131s\u0131ndan \u00f6nem ta\u015f\u0131yor.<\/p>\n<p>Adalet Bakanl\u0131\u011f\u0131&#8217;n\u0131n b\u00f6lgedeki adalet saray\u0131 projeleriyle hem vatanda\u015flar\u0131n hizmete eri\u015fimini kolayla\u015ft\u0131rmak hem de yarg\u0131 \u00e7al\u0131\u015fanlar\u0131n\u0131n daha modern ve g\u00fcvenli ko\u015fullarda g\u00f6rev yapmas\u0131n\u0131 sa\u011flamak hedefleniyor.<\/p>\n<p>Bakan Y\u0131lmaz Tun\u00e7&#8217;un Ad\u0131yaman program\u0131na, yerel y\u00f6neticilerin yan\u0131 s\u0131ra milletvekilleri, yarg\u0131 mensuplar\u0131, sivil toplum kurulu\u015fu temsilcileri ve vatanda\u015flar\u0131n da kat\u0131lmas\u0131 bekleniyor.<\/p>\n<p>Kaynak : PERRE<\/p>\n","protected":false},"excerpt":{"rendered":"<p>ADIYAMAN (PERRE) &#8211; Murat KAYI\u015e &#8211; Adalet Bakan\u0131 Y\u0131lmaz Tun\u00e7, bir dizi a\u00e7\u0131l\u0131\u015f ve inceleme program\u0131 kapsam\u0131nda 1 Kas\u0131m Cumartesi g\u00fcn\u00fc Ad\u0131yaman&#8217;a geliyor.<\/p>\n","protected":false},"author":1,"featured_media":19936,"comment_status":"open","ping_status":"open","sticky":false,"template":"","format":"standard","meta":{"om_disable_all_campaigns":false,"_monsterinsights_skip_tracking":false,"_monsterinsights_sitenote_active":false,"_monsterinsights_sitenote_note":"","_monsterinsights_sitenote_category":0,"footnotes":""},"categories":[1,11],"tags":[2812,559,233],"aioseo_notices":[],"_links":{"self":[{"href":"https:\/\/www.hbrkahta.com\/index.php\/wp-json\/wp\/v2\/posts\/19935"}],"collection":[{"href":"https:\/\/www.hbrkahta.com\/index.php\/wp-json\/wp\/v2\/posts"}],"about":[{"href":"https:\/\/www.hbrkahta.com\/index.php\/wp-json\/wp\/v2\/types\/post"}],"author":[{"embeddable":true,"href":"https:\/\/www.hbrkahta.com\/index.php\/wp-json\/wp\/v2\/users\/1"}],"replies":[{"embeddable":true,"href":"https:\/\/www.hbrkahta.com\/index.php\/wp-json\/wp\/v2\/comments?post=19935"}],"version-history":[{"count":1,"href":"https:\/\/www.hbrkahta.com\/index.php\/wp-json\/wp\/v2\/posts\/19935\/revisions"}],"predecessor-version":[{"id":19937,"href":"https:\/\/www.hbrkahta.com\/index.php\/wp-json\/wp\/v2\/posts\/19935\/revisions\/19937"}],"wp:featuredmedia":[{"embeddable":true,"href":"https:\/\/www.hbrkahta.com\/index.php\/wp-json\/wp\/v2\/media\/19936"}],"wp:attachment":[{"href":"https:\/\/www.hbrkahta.com\/index.php\/wp-json\/wp\/v2\/media?parent=19935"}],"wp:term":[{"taxonomy":"category","embeddable":true,"href":"https:\/\/www.hbrkahta.com\/index.php\/wp-json\/wp\/v2\/categories?post=19935"},{"taxonomy":"post_tag","embeddable":true,"href":"https:\/\/www.hbrkahta.com\/index.php\/wp-json\/wp\/v2\/tags?post=19935"}],"curies":[{"name":"wp","href":"https:\/\/api.w.org\/{rel}","templated":true}]}}