{"id":19925,"date":"2025-10-31T11:36:05","date_gmt":"2025-10-31T08:36:05","guid":{"rendered":"https:\/\/www.hbrkahta.com\/?p=19925"},"modified":"2025-10-31T11:36:05","modified_gmt":"2025-10-31T08:36:05","slug":"baskan-tutdere-muhtarlarla-bir-araya-geldi-icme-suyu-sorununu-birlikte-cozecegiz","status":"publish","type":"post","link":"https:\/\/www.hbrkahta.com\/index.php\/2025\/10\/31\/baskan-tutdere-muhtarlarla-bir-araya-geldi-icme-suyu-sorununu-birlikte-cozecegiz\/","title":{"rendered":"Ba\u015fkan Tutdere muhtarlarla bir araya geldi: \u2018\u0130\u00e7me suyu sorununu birlikte \u00e7\u00f6zece\u011fiz\u2019"},"content":{"rendered":"<p>Ad\u0131yaman Belediye Ba\u015fkan\u0131 Abdurrahman Tutdere, Belediye Meclis Salonu&#8217;nda d\u00fczenlenen isti\u015fare toplant\u0131s\u0131nda merkez mahalle muhtarlar\u0131yla bir araya geldi. Toplant\u0131ya belediye ba\u015fkan yard\u0131mc\u0131lar\u0131 ve birim m\u00fcd\u00fcrleri de kat\u0131ld\u0131. Toplant\u0131da mahallelerin ihtiya\u00e7lar\u0131 ve vatanda\u015flar\u0131n talepleri ele al\u0131nd\u0131. <\/p>\n<p>Ba\u015fkan Tutdere muhtarlar\u0131n g\u00f6r\u00fc\u015flerinin kent y\u00f6netimi a\u00e7\u0131s\u0131ndan b\u00fcy\u00fck \u00f6nem ta\u015f\u0131d\u0131\u011f\u0131n\u0131 vurgulayarak, &#8220;\u00c7ok demokratik bir ortamda t\u00fcm muhtarlar\u0131m\u0131z\u0131n taleplerini, ele\u015ftirilerini ve mahalleleri ad\u0131na dile getirdikleri g\u00f6r\u00fc\u015fleri dikkatle dinledik. T\u00fcm talepler, Muhtarl\u0131k M\u00fcd\u00fcrl\u00fc\u011f\u00fcm\u00fcz taraf\u0131ndan rapor haline getirilecek ve muhtarlar\u0131m\u0131za da birer \u00f6rne\u011fi verilecek. G\u00f6reve geldi\u011fimiz ilk g\u00fcnden bu yana s\u00f6yledi\u011fimiz gibi, \u015fehrimizi sizlerle birlikte aya\u011fa kald\u0131raca\u011f\u0131z. Planl\u0131, adil ve sistematik bir bi\u00e7imde t\u00fcm mahallelerimize e\u015fit hizmet g\u00f6t\u00fcrmek i\u00e7in \u00e7al\u0131\u015f\u0131yoruz&#8221; dedi.<\/p>\n<p>&#8220;Altyap\u0131 ve \u0130\u00e7me Suyu \u00c7al\u0131\u015fmalar\u0131nda H\u0131z Kesmiyoruz&#8221;<\/p>\n<p>Kentte y\u00fcr\u00fct\u00fclen altyap\u0131 \u00e7al\u0131\u015fmalar\u0131 hakk\u0131nda bilgi veren Ba\u015fkan Tutdere, &#8220;\u015eu anda altyap\u0131 5-6 mahallemizde tamamlanmak \u00fczere. Kas\u0131m ay\u0131 i\u00e7erisinde kalan mahallelerimiz i\u00e7in de yeni bir ihaleye \u00e7\u0131kaca\u011f\u0131z. Avrupa Kalk\u0131nma Bankas\u0131&#8217;ndan al\u0131nacak destekle altyap\u0131 ve ya\u011fmur suyu hatlar\u0131n\u0131 yenilemeyi hedefliyoruz. Ad\u0131yaman 6 \u015eubat&#8217;\u0131 ya\u015fam\u0131\u015f bir kent. Vatanda\u015flar\u0131m\u0131z zahmet \u00e7ekiyor ama gelecek nesiller bu yat\u0131r\u0131mlar\u0131n rahatl\u0131\u011f\u0131n\u0131 ya\u015fayacak&#8221; ifadelerini kulland\u0131.<\/p>\n<p><img decoding=\"async\" alt=\"\" src=\"https:\/\/www.hbrkahta.com\/wp-content\/uploads\/2025\/10\/baskan-tutdere-muhtarlarla-bir-araya-geldi-icme-suyu-sorununu-birlikte-cozecegiz-0-Wz22vzj4.jpg\"><\/p>\n<p>&#8220;D\u00f6n\u00fc\u015f\u00fcml\u00fc Su Verme Uygulamas\u0131n\u0131 Sonland\u0131racak \u00c7\u00f6z\u00fcm Planlamalar\u0131m\u0131z Haz\u0131r&#8221;<\/p>\n<p>Toplant\u0131n\u0131n \u00f6nemli g\u00fcndem maddelerinden biri olan i\u00e7me suyu sorununa da de\u011finen Ba\u015fkan Tutdere, &#8220;Ad\u0131yaman&#8217;\u0131n en b\u00fcy\u00fck sorunlar\u0131ndan biri i\u00e7me suyudur. Bu konuyu k\u00f6kten \u00e7\u00f6zmek i\u00e7in hep birlikte hareket etmeliyiz. \u015eehrimizin i\u00e7me suyu ihtiyac\u0131n\u0131n kar\u015f\u0131lanmas\u0131 ve s\u00fcrd\u00fcr\u00fclebilir bir altyap\u0131 kurulmas\u0131 i\u00e7in gereken giri\u015fimleri birlikte takip edece\u011fiz. D\u00f6n\u00fc\u015f\u00fcml\u00fc su verme uygulamas\u0131n\u0131 sonland\u0131racak kal\u0131c\u0131 bir \u00e7\u00f6z\u00fcm i\u00e7in planlamalar\u0131m\u0131z haz\u0131r, \u00e7al\u0131\u015fmalar\u0131m\u0131z s\u00fcr\u00fcyor&#8221; \u015feklinde konu\u015ftu.<\/p>\n<p>&#8220;Tapu ve \u0130mar Sorununa Yasal \u00c7\u00f6z\u00fcm Gerekiyor&#8221;<\/p>\n<p>Kentte y\u0131llard\u0131r devam eden tapu ve m\u00fclkiyet sorununa da de\u011finen Ba\u015fkan Tutdere, \u00e7\u00f6z\u00fcm\u00fcn yasal d\u00fczenleme gerektirdi\u011fini belirterek, &#8220;Ad\u0131yaman&#8217;\u0131n kronikle\u015fmi\u015f tapu sorunu art\u0131k kal\u0131c\u0131 bi\u00e7imde \u00e7\u00f6z\u00fclmelidir. Ge\u00e7mi\u015fte muhtar senetleriyle yap\u0131lan gayrimenkul sat\u0131\u015flar\u0131 nedeniyle ciddi m\u00fclkiyet karma\u015fas\u0131 ya\u015fan\u0131yor. Belediyemizin bu konuda do\u011frudan yetkisi bulunmuyor, ancak yasa de\u011fi\u015fikli\u011fiyle bu sorun k\u00f6kten \u00e7\u00f6z\u00fclebilir. Bu konuyu ilgili kurumlarla payla\u015farak g\u00fcndeme ta\u015f\u0131yaca\u011f\u0131z&#8221; dedi.<\/p>\n<p>&#8220;Tasarrufla B\u00fcy\u00fcyoruz, Halk\u0131n Paras\u0131n\u0131 Halka Harc\u0131yoruz&#8221;<\/p>\n<p>Belediyede uygulanan tasarruf politikalar\u0131na da de\u011finen  Ba\u015fkanTutdere, &#8220;Kiral\u0131k ara\u00e7 uygulamalar\u0131na son vererek, gereksiz harcamalar\u0131 ortadan kald\u0131rd\u0131k. Halk\u0131n paras\u0131n\u0131 yine halk i\u00e7in kullan\u0131yoruz. Hizmet binam\u0131z, kesimhane, halk ekmek fabrikas\u0131, lojistik ve kriz merkezi gibi temel tesisleri y\u0131l sonuna kadar tamamlamay\u0131 hedefliyoruz. 2026 y\u0131l\u0131nda ise muhtar evleri dahil kalan projelerimizi stratejik plan do\u011frultusunda hayata ge\u00e7irece\u011fiz&#8221; ifadelerini kulland\u0131.<\/p>\n<p>Belediye gelirlerinin art\u0131r\u0131lmas\u0131 gerekti\u011fini hat\u0131rlatan Ba\u015fkan Tutdere, muhtarlardan da bu konuda destek isteyerek, &#8220;Mahallelerimizde vatanda\u015flar\u0131m\u0131zla en yak\u0131n ba\u011f\u0131 kuran siz muhtarlar\u0131m\u0131z\u0131n, su ve emlak \u00f6demeleri konusunda fark\u0131ndal\u0131k olu\u015fturman\u0131z \u00e7ok k\u0131ymetli. Vatanda\u015flar\u0131m\u0131z\u0131n bu konudaki duyarl\u0131l\u0131\u011f\u0131 artt\u0131k\u00e7a belediyemizin hizmet kapasitesi de b\u00fcy\u00fcyecektir. Gelirlerimiz artt\u0131k\u00e7a hem mahallelerimize hem de \u015fehrimizin geneline daha fazla hizmet sunma imk&acirc;n\u0131m\u0131z olacak&#8221; dedi.<\/p>\n<p>Kaynak : PERRE<\/p>\n","protected":false},"excerpt":{"rendered":"<p>ADIYAMAN (PERRE) &#8211; \u015eeriban \u00d6Z\u00c7AKMAK &#8211; Ad\u0131yaman Belediye Ba\u015fkan\u0131 Abdurrahman Tutdere, merkez mahalle muhtarlar\u0131yla isti\u015fare toplant\u0131s\u0131nda bir araya gelerek kentin ihtiya\u00e7lar\u0131, altyap\u0131 \u00e7al\u0131\u015fmalar\u0131, i\u00e7me suyu ve tapu sorunlar\u0131 \u00fczerine de\u011ferlendirmelerde bulundu.<\/p>\n","protected":false},"author":1,"featured_media":19926,"comment_status":"open","ping_status":"open","sticky":false,"template":"","format":"standard","meta":{"om_disable_all_campaigns":false,"_monsterinsights_skip_tracking":false,"_monsterinsights_sitenote_active":false,"_monsterinsights_sitenote_note":"","_monsterinsights_sitenote_category":0,"footnotes":""},"categories":[1,11],"tags":[545,540,547,943,949],"aioseo_notices":[],"_links":{"self":[{"href":"https:\/\/www.hbrkahta.com\/index.php\/wp-json\/wp\/v2\/posts\/19925"}],"collection":[{"href":"https:\/\/www.hbrkahta.com\/index.php\/wp-json\/wp\/v2\/posts"}],"about":[{"href":"https:\/\/www.hbrkahta.com\/index.php\/wp-json\/wp\/v2\/types\/post"}],"author":[{"embeddable":true,"href":"https:\/\/www.hbrkahta.com\/index.php\/wp-json\/wp\/v2\/users\/1"}],"replies":[{"embeddable":true,"href":"https:\/\/www.hbrkahta.com\/index.php\/wp-json\/wp\/v2\/comments?post=19925"}],"version-history":[{"count":1,"href":"https:\/\/www.hbrkahta.com\/index.php\/wp-json\/wp\/v2\/posts\/19925\/revisions"}],"predecessor-version":[{"id":19928,"href":"https:\/\/www.hbrkahta.com\/index.php\/wp-json\/wp\/v2\/posts\/19925\/revisions\/19928"}],"wp:featuredmedia":[{"embeddable":true,"href":"https:\/\/www.hbrkahta.com\/index.php\/wp-json\/wp\/v2\/media\/19926"}],"wp:attachment":[{"href":"https:\/\/www.hbrkahta.com\/index.php\/wp-json\/wp\/v2\/media?parent=19925"}],"wp:term":[{"taxonomy":"category","embeddable":true,"href":"https:\/\/www.hbrkahta.com\/index.php\/wp-json\/wp\/v2\/categories?post=19925"},{"taxonomy":"post_tag","embeddable":true,"href":"https:\/\/www.hbrkahta.com\/index.php\/wp-json\/wp\/v2\/tags?post=19925"}],"curies":[{"name":"wp","href":"https:\/\/api.w.org\/{rel}","templated":true}]}}