{"id":19922,"date":"2025-10-31T11:24:08","date_gmt":"2025-10-31T08:24:08","guid":{"rendered":"https:\/\/www.hbrkahta.com\/?p=19922"},"modified":"2025-10-31T11:24:08","modified_gmt":"2025-10-31T08:24:08","slug":"atik-adiyaman-baskanligina-abuzer-kaman-atandi","status":"publish","type":"post","link":"https:\/\/www.hbrkahta.com\/index.php\/2025\/10\/31\/atik-adiyaman-baskanligina-abuzer-kaman-atandi\/","title":{"rendered":"AT\u0130K Ad\u0131yaman Ba\u015fkanl\u0131\u011f\u0131na Abuzer Kaman Atand\u0131"},"content":{"rendered":"<p class=\"MsoNoSpacing\">Uluslararas\u0131 Ticaret ve \u0130\u015fbirli\u011fi Konseyi (AT\u0130K) Ad\u0131yaman Ba\u015fkanl\u0131\u011f\u0131 g\u00f6revine Abuzer Kaman getirildi. Ba\u015fkan Kaman, yeni g\u00f6revinde yapt\u0131\u011f\u0131 a\u00e7\u0131klamada, deprem b\u00f6lgesi olarak yeniden yap\u0131lanma s\u00fcrecinde olan Ad\u0131yaman&#8217;\u0131n T\u00fcrkiye&#8217;nin k\u00fclt\u00fcrel, sosyal ve ekonomik yap\u0131s\u0131nda \u00f6nemli bir yere sahip oldu\u011funu ifade etti.<\/p>\n<p class=\"MsoNoSpacing\">Ba\u015fkan Kaman, kentin sahip oldu\u011fu potansiyelin hem yerel hem de uluslararas\u0131 d\u00fczeyde dayan\u0131\u015fmay\u0131 gerektirdi\u011fini belirterek, &#8220;Ad\u0131yaman, tarihi miras\u0131, ekonomik potansiyeli ve toplumsal dinamikleriyle T\u00fcrkiye&#8217;nin \u00f6nemli kentlerinden biridir. Deprem sonras\u0131 s\u00fcreci birlikte y\u00f6netmek, dayan\u0131\u015fmay\u0131 art\u0131rmak ve kentin kalk\u0131nmas\u0131n\u0131 desteklemek hem yerel hem uluslararas\u0131 i\u015f birlikleriyle m\u00fcmk\u00fcnd\u00fcr&#8221; dedi.<\/p>\n<p class=\"MsoNoSpacing\">Ba\u015fkan Kaman ayr\u0131ca, sivil toplum kurulu\u015flar\u0131, \u00f6zel sekt\u00f6r ve kamu kurumlar\u0131n\u0131n koordineli \u00e7al\u0131\u015fmas\u0131n\u0131n Ad\u0131yaman&#8217;\u0131n yeniden aya\u011fa kalkmas\u0131nda kritik rol oynayaca\u011f\u0131n\u0131 vurgulad\u0131.<\/p>\n<p>Kaynak : PERRE<\/p>\n","protected":false},"excerpt":{"rendered":"<p>ADIYAMAN (PERRE) &#8211; \u015eeriban \u00d6Z\u00c7AKMAK &#8211; G\u00f6revine ba\u015flayan Uluslararas\u0131 Ticaret ve \u0130\u015fbirli\u011fi Konseyi (AT\u0130K) Ad\u0131yaman Ba\u015fkan\u0131 Abuzer Kaman, deprem sonras\u0131 yeniden yap\u0131lanma s\u00fcrecinde olan Ad\u0131yaman&#8217;\u0131n, T\u00fcrkiye&#8217;nin k\u00fclt\u00fcrel, sosyal ve ekonomik yap\u0131s\u0131nda \u00f6nemli bir yere sahip oldu\u011funu vurgulad\u0131.<\/p>\n","protected":false},"author":1,"featured_media":19923,"comment_status":"open","ping_status":"open","sticky":false,"template":"","format":"standard","meta":{"om_disable_all_campaigns":false,"_monsterinsights_skip_tracking":false,"_monsterinsights_sitenote_active":false,"_monsterinsights_sitenote_note":"","_monsterinsights_sitenote_category":0,"footnotes":""},"categories":[1,11],"tags":[],"aioseo_notices":[],"_links":{"self":[{"href":"https:\/\/www.hbrkahta.com\/index.php\/wp-json\/wp\/v2\/posts\/19922"}],"collection":[{"href":"https:\/\/www.hbrkahta.com\/index.php\/wp-json\/wp\/v2\/posts"}],"about":[{"href":"https:\/\/www.hbrkahta.com\/index.php\/wp-json\/wp\/v2\/types\/post"}],"author":[{"embeddable":true,"href":"https:\/\/www.hbrkahta.com\/index.php\/wp-json\/wp\/v2\/users\/1"}],"replies":[{"embeddable":true,"href":"https:\/\/www.hbrkahta.com\/index.php\/wp-json\/wp\/v2\/comments?post=19922"}],"version-history":[{"count":1,"href":"https:\/\/www.hbrkahta.com\/index.php\/wp-json\/wp\/v2\/posts\/19922\/revisions"}],"predecessor-version":[{"id":19924,"href":"https:\/\/www.hbrkahta.com\/index.php\/wp-json\/wp\/v2\/posts\/19922\/revisions\/19924"}],"wp:featuredmedia":[{"embeddable":true,"href":"https:\/\/www.hbrkahta.com\/index.php\/wp-json\/wp\/v2\/media\/19923"}],"wp:attachment":[{"href":"https:\/\/www.hbrkahta.com\/index.php\/wp-json\/wp\/v2\/media?parent=19922"}],"wp:term":[{"taxonomy":"category","embeddable":true,"href":"https:\/\/www.hbrkahta.com\/index.php\/wp-json\/wp\/v2\/categories?post=19922"},{"taxonomy":"post_tag","embeddable":true,"href":"https:\/\/www.hbrkahta.com\/index.php\/wp-json\/wp\/v2\/tags?post=19922"}],"curies":[{"name":"wp","href":"https:\/\/api.w.org\/{rel}","templated":true}]}}