{"id":19807,"date":"2025-10-29T16:24:05","date_gmt":"2025-10-29T13:24:05","guid":{"rendered":"https:\/\/www.hbrkahta.com\/?p=19807"},"modified":"2025-10-29T16:24:05","modified_gmt":"2025-10-29T13:24:05","slug":"baskan-hallactan-29-ekim-cumhuriyet-bayrami-mesaji-2","status":"publish","type":"post","link":"https:\/\/www.hbrkahta.com\/index.php\/2025\/10\/29\/baskan-hallactan-29-ekim-cumhuriyet-bayrami-mesaji-2\/","title":{"rendered":"Ba\u015fkan Halla\u00e7\u2019tan 29 Ekim Cumhuriyet Bayram\u0131 mesaj\u0131"},"content":{"rendered":"<p>Kahta Belediye Ba\u015fkan\u0131 Mehmet Can Halla\u00e7, 29 Ekim Cumhuriyet Bayram\u0131 dolay\u0131s\u0131yla bir kutlama mesaj\u0131 yay\u0131mlad\u0131. Cumhuriyetin 102. y\u0131l d\u00f6n\u00fcm\u00fcn\u00fc b\u00fcy\u00fck bir co\u015fku ve gururla kar\u015f\u0131lad\u0131klar\u0131n\u0131 belirten Ba\u015fkan Halla\u00e7, Cumhuriyetin fedak&acirc;rl\u0131k, inan\u00e7 ve birlik duygusuyla kazan\u0131lm\u0131\u015f en de\u011ferli miras oldu\u011funu ifade etti.<\/p>\n<p>Ba\u015fkan Halla\u00e7 mesaj\u0131nda \u015fu ifadelere yer verdi:<\/p>\n<p>&#8220;Cumhuriyet; vatan\u0131 u\u011fruna can\u0131n\u0131 feda etmeyi g\u00f6ze alanlar\u0131n, kad\u0131n\u0131yla erke\u011fiyle, genciyle ya\u015fl\u0131s\u0131yla kenetlenmi\u015f bir milletin destan\u0131d\u0131r. B\u00fcy\u00fck fedak&acirc;rl\u0131klar ve e\u015fsiz bir inan\u00e7la kazan\u0131lan bu emanet, bizlere b\u0131rak\u0131lm\u0131\u015f en k\u0131ymetli mirast\u0131r.<\/p>\n<p>Cumhuriyetimizin 102. y\u0131l d\u00f6n\u00fcm\u00fcn\u00fc, b\u00fcy\u00fck bir onur ve gururla kutlarken; bu aziz vatan\u0131 bizlere arma\u011fan eden ba\u015fta Gazi Mustafa Kemal Atat\u00fcrk olmak \u00fczere, \u0130stiklal m\u00fccadelemizin t\u00fcm kahramanlar\u0131n\u0131, aziz \u015fehitlerimizi ve gazilerimizi rahmet, minnet ve \u015f\u00fckranla an\u0131yorum.<\/p>\n<p>Cumhuriyetimizin \u0131\u015f\u0131\u011f\u0131nda, birlik ve beraberlik i\u00e7inde daha g\u00fc\u00e7l\u00fc bir T\u00fcrkiye hedefiyle, gelece\u011fe emin ad\u0131mlarla y\u00fcr\u00fcmeye devam edece\u011fiz.&#8221;<\/p>\n<p>Kaynak : PERRE<\/p>\n","protected":false},"excerpt":{"rendered":"<p>ADIYAMAN (PERRE) &#8211; \u015eeriban \u00d6Z\u00c7AKMAK &#8211; Kahta Belediye Ba\u015fkan\u0131 Mehmet Can Halla\u00e7, 29 Ekim Cumhuriyet Bayram\u0131 dolay\u0131s\u0131yla yay\u0131mlad\u0131\u011f\u0131 mesaj\u0131nda, Cumhuriyetin 102. y\u0131l\u0131n\u0131 b\u00fcy\u00fck bir co\u015fku ve gururla kutlad\u0131klar\u0131n\u0131 belirterek birlik, beraberlik ve g\u00fc\u00e7l\u00fc T\u00fcrkiye vurgusu yapt\u0131.<\/p>\n","protected":false},"author":1,"featured_media":19808,"comment_status":"open","ping_status":"open","sticky":false,"template":"","format":"standard","meta":{"om_disable_all_campaigns":false,"_monsterinsights_skip_tracking":false,"_monsterinsights_sitenote_active":false,"_monsterinsights_sitenote_note":"","_monsterinsights_sitenote_category":0,"footnotes":""},"categories":[1,11],"tags":[540],"aioseo_notices":[],"_links":{"self":[{"href":"https:\/\/www.hbrkahta.com\/index.php\/wp-json\/wp\/v2\/posts\/19807"}],"collection":[{"href":"https:\/\/www.hbrkahta.com\/index.php\/wp-json\/wp\/v2\/posts"}],"about":[{"href":"https:\/\/www.hbrkahta.com\/index.php\/wp-json\/wp\/v2\/types\/post"}],"author":[{"embeddable":true,"href":"https:\/\/www.hbrkahta.com\/index.php\/wp-json\/wp\/v2\/users\/1"}],"replies":[{"embeddable":true,"href":"https:\/\/www.hbrkahta.com\/index.php\/wp-json\/wp\/v2\/comments?post=19807"}],"version-history":[{"count":1,"href":"https:\/\/www.hbrkahta.com\/index.php\/wp-json\/wp\/v2\/posts\/19807\/revisions"}],"predecessor-version":[{"id":19809,"href":"https:\/\/www.hbrkahta.com\/index.php\/wp-json\/wp\/v2\/posts\/19807\/revisions\/19809"}],"wp:featuredmedia":[{"embeddable":true,"href":"https:\/\/www.hbrkahta.com\/index.php\/wp-json\/wp\/v2\/media\/19808"}],"wp:attachment":[{"href":"https:\/\/www.hbrkahta.com\/index.php\/wp-json\/wp\/v2\/media?parent=19807"}],"wp:term":[{"taxonomy":"category","embeddable":true,"href":"https:\/\/www.hbrkahta.com\/index.php\/wp-json\/wp\/v2\/categories?post=19807"},{"taxonomy":"post_tag","embeddable":true,"href":"https:\/\/www.hbrkahta.com\/index.php\/wp-json\/wp\/v2\/tags?post=19807"}],"curies":[{"name":"wp","href":"https:\/\/api.w.org\/{rel}","templated":true}]}}