{"id":19792,"date":"2025-10-29T14:36:05","date_gmt":"2025-10-29T11:36:05","guid":{"rendered":"https:\/\/www.hbrkahta.com\/?p=19792"},"modified":"2025-10-29T14:36:05","modified_gmt":"2025-10-29T11:36:05","slug":"baskan-anactan-universiteye-cagri-adiyaman-seyirci-degil-cozum-ureten-bir-universite-istiyor","status":"publish","type":"post","link":"https:\/\/www.hbrkahta.com\/index.php\/2025\/10\/29\/baskan-anactan-universiteye-cagri-adiyaman-seyirci-degil-cozum-ureten-bir-universite-istiyor\/","title":{"rendered":"Ba\u015fkan Ana\u00e7\u2019tan \u00fcniversiteye \u00e7a\u011fr\u0131: \u2018Ad\u0131yaman seyirci de\u011fil, \u00e7\u00f6z\u00fcm \u00fcreten bir \u00fcniversite istiyor\u2019"},"content":{"rendered":"<p>DEVA Partisi \u0130l Ba\u015fkan\u0131 Mehmet Ana\u00e7 yaz\u0131l\u0131 a\u00e7\u0131klamas\u0131nda \u00fcniversite y\u00f6netimini ele\u015ftirdi: &#8220;Ad\u0131yaman seyirci de\u011fil, \u00e7\u00f6z\u00fcm \u00fcreten bir \u00fcniversite istiyor&#8221; ifadelerini kulland\u0131. Ba\u015fkan Ana\u00e7, \u00fcniversitenin \u00fcreticiden, sanayiciden ve halktan koptu\u011funu belirterek, &#8220;Bu sessizlik art\u0131k kabul edilemez&#8221; dedi.<\/p>\n<p>Deprem felaketinin ve iklim de\u011fi\u015fikli\u011finin etkisiyle tar\u0131m\u0131, sanayisi ve ticareti b\u00fcy\u00fck yara alan Ad\u0131yaman&#8217;\u0131n, tarihinin en zorlu d\u00f6neminden ge\u00e7ti\u011fini vurgulayan Ana\u00e7, yeniden aya\u011fa kalkman\u0131n ancak bilimsel ak\u0131l ve kararl\u0131 bir vizyonla m\u00fcmk\u00fcn oldu\u011funu ifade etti.<\/p>\n<p>Ba\u015fkan Ana\u00e7, a\u00e7\u0131klamas\u0131nda \u015fu sorular\u0131 y\u00f6neltti:<\/p>\n<p>&#8220;Ad\u0131yaman \u00dcniversitesi bu s\u00fcrecin neresindedir? Ad\u0131yaman&#8217;\u0131n yeniden kalk\u0131nmas\u0131 i\u00e7in hangi proje, hangi vizyon, hangi katk\u0131 ortaya konmu\u015ftur? \u00dcniversite neden tar\u0131m, g\u0131da ve sanayi alanlar\u0131nda \u00f6zel sekt\u00f6rle ortak projeler y\u00fcr\u00fctm\u00fcyor? Tar\u0131msal sanayiye ge\u00e7i\u015fi destekleyecek Ar-Ge merkezleri, uygulama enstit\u00fcleri ve teknoloji ofisleri neden h&acirc;l&acirc; kurulmad\u0131?&#8221;<\/p>\n<p>\u00dcniversitenin ekonomik kalk\u0131nmada lokomotif de\u011fil, fren konumunda oldu\u011funu savunan Ba\u015fkan Ana\u00e7, &#8220;\u00dcniversiteler bir kentin beyni ve akl\u0131 olmak zorundad\u0131r. Ancak Ad\u0131yaman \u00dcniversitesi, kentin ger\u00e7ek sorunlar\u0131na s\u0131rt\u0131n\u0131 d\u00f6nm\u00fc\u015f durumda&#8221; ifadelerini kulland\u0131.<\/p>\n<p>Ba\u015fkan Ana\u00e7, Ad\u0131yaman&#8217;\u0131n kalk\u0131nmas\u0131 i\u00e7in bilimin sahaya inmesi gerekti\u011fini vurgulayarak, &#8220;Bu \u015fehir laboratuvarlarda de\u011fil, toprakta, tarlada, \u00fcretim band\u0131nda bilimle bulu\u015fmak zorundad\u0131r. Kadim \u015fehrimiz Ad\u0131yaman&#8217;\u0131n kaderi masa ba\u015f\u0131 raporlarla de\u011fil, sahada at\u0131lacak somut ad\u0131mlarla de\u011fi\u015fecektir&#8221; dedi.<\/p>\n<p>\u00dcniversite y\u00f6netimini \u00fcretim g\u00fcc\u00fcne s\u0131rt\u0131n\u0131 d\u00f6nmemeye davet eden Ana\u00e7, a\u00e7\u0131klamas\u0131n\u0131 \u015fu ifadelerle tamamlad\u0131:<\/p>\n<p>&#8220;Bu \u015fehir art\u0131k sessiz kalan kurum istemiyor. Ad\u0131yaman, s\u00f6z de\u011fil, \u00e7\u00f6z\u00fcm \u00fcreten bir \u00fcniversite istiyor. Ad\u0131yaman \u00dcniversitesi, ya bu kentin kalk\u0131nma m\u00fccadelesinde yerini alacak ya da tarihin kenar\u0131nda not d\u00fc\u015f\u00fclecektir. Ad\u0131yaman&#8217;\u0131n gelece\u011fi, bilimin \u0131\u015f\u0131\u011f\u0131nda, cesur ad\u0131mlarla y\u00fckselecektir.&#8221;<\/p>\n<p>Kaynak : PERRE<\/p>\n","protected":false},"excerpt":{"rendered":"<p>ADIYAMAN (PERRE) &#8211; \u015eeriban \u00d6Z\u00c7AKMAK &#8211; DEVA Partisi Ad\u0131yaman \u0130l Ba\u015fkan\u0131 Mehmet Ana\u00e7, yapt\u0131\u011f\u0131 yaz\u0131l\u0131 a\u00e7\u0131klamada Ad\u0131yaman \u00dcniversitesi&#8217;ni kentin ekonomik kalk\u0131nmas\u0131nda yeterince aktif rol almamakla ele\u015ftirerek, &#8220;Ad\u0131yaman \u00dcniversitesi, bu kentin umudu olmak yerine seyirci koltu\u011funa oturmu\u015f bir g\u00f6r\u00fcnt\u00fc vermektedir&#8221; dedi.<\/p>\n","protected":false},"author":1,"featured_media":19793,"comment_status":"open","ping_status":"open","sticky":false,"template":"","format":"standard","meta":{"om_disable_all_campaigns":false,"_monsterinsights_skip_tracking":false,"_monsterinsights_sitenote_active":false,"_monsterinsights_sitenote_note":"","_monsterinsights_sitenote_category":0,"footnotes":""},"categories":[1,11],"tags":[559,1253,1822,1634,814],"aioseo_notices":[],"_links":{"self":[{"href":"https:\/\/www.hbrkahta.com\/index.php\/wp-json\/wp\/v2\/posts\/19792"}],"collection":[{"href":"https:\/\/www.hbrkahta.com\/index.php\/wp-json\/wp\/v2\/posts"}],"about":[{"href":"https:\/\/www.hbrkahta.com\/index.php\/wp-json\/wp\/v2\/types\/post"}],"author":[{"embeddable":true,"href":"https:\/\/www.hbrkahta.com\/index.php\/wp-json\/wp\/v2\/users\/1"}],"replies":[{"embeddable":true,"href":"https:\/\/www.hbrkahta.com\/index.php\/wp-json\/wp\/v2\/comments?post=19792"}],"version-history":[{"count":1,"href":"https:\/\/www.hbrkahta.com\/index.php\/wp-json\/wp\/v2\/posts\/19792\/revisions"}],"predecessor-version":[{"id":19794,"href":"https:\/\/www.hbrkahta.com\/index.php\/wp-json\/wp\/v2\/posts\/19792\/revisions\/19794"}],"wp:featuredmedia":[{"embeddable":true,"href":"https:\/\/www.hbrkahta.com\/index.php\/wp-json\/wp\/v2\/media\/19793"}],"wp:attachment":[{"href":"https:\/\/www.hbrkahta.com\/index.php\/wp-json\/wp\/v2\/media?parent=19792"}],"wp:term":[{"taxonomy":"category","embeddable":true,"href":"https:\/\/www.hbrkahta.com\/index.php\/wp-json\/wp\/v2\/categories?post=19792"},{"taxonomy":"post_tag","embeddable":true,"href":"https:\/\/www.hbrkahta.com\/index.php\/wp-json\/wp\/v2\/tags?post=19792"}],"curies":[{"name":"wp","href":"https:\/\/api.w.org\/{rel}","templated":true}]}}