{"id":19757,"date":"2025-10-28T15:12:04","date_gmt":"2025-10-28T12:12:04","guid":{"rendered":"https:\/\/www.hbrkahta.com\/?p=19757"},"modified":"2025-10-28T15:12:04","modified_gmt":"2025-10-28T12:12:04","slug":"adiyamanda-29-ekim-cumhuriyet-bayrami-toreni-ataturk-anitina-celenk-sunuldu","status":"publish","type":"post","link":"https:\/\/www.hbrkahta.com\/index.php\/2025\/10\/28\/adiyamanda-29-ekim-cumhuriyet-bayrami-toreni-ataturk-anitina-celenk-sunuldu\/","title":{"rendered":"Ad\u0131yaman\u2019da 29 Ekim Cumhuriyet Bayram\u0131 t\u00f6reni: Atat\u00fcrk An\u0131t\u0131\u2019na \u00e7elenk sunuldu"},"content":{"rendered":"<\/p>\n<p>Cumhuriyet&#8217;in 102. y\u0131l\u0131 kutlamalar\u0131 kapsam\u0131nda Ad\u0131yaman&#8217;da Atat\u00fcrk An\u0131t\u0131&#8217;na \u00e7elenk sunma t\u00f6reni ger\u00e7ekle\u015ftirildi. Valilik, Garnizon Komutanl\u0131\u011f\u0131 ve Belediye Ba\u015fkanl\u0131\u011f\u0131 \u00e7elenklerinin Atat\u00fcrk An\u0131t\u0131&#8217;na sunulmas\u0131n\u0131n ard\u0131ndan, sayg\u0131 duru\u015funda bulunuldu ve \u0130stiklal Mar\u015f\u0131 okundu.<\/p>\n<p>T\u00f6rene Ad\u0131yaman Valisi Osman Varol, Garnizon Komutan\u0131 Albay Mustafa K\u00fcr\u015fat Do\u011fan ve Belediye Ba\u015fkan\u0131 Abdurrahman Tutdere ve di\u011fer kurum y\u00f6neticileri, emniyet mensuplar\u0131, sivil toplum kurulu\u015fu temsilcileri, gaziler, \u015fehit yak\u0131nlar\u0131 ve \u00f6\u011frenciler kat\u0131ld\u0131.<\/p>\n<p>Ad\u0131yaman Valisi Osman Varol, \u00e7elenk sunumu sonras\u0131 \u00f6\u011frencilerle sohbet ederek Cumhuriyet Bayram\u0131n\u0131 kutlad\u0131. Vali Osman Varol, &#8220;\u015eanl\u0131 bir tarihe ve k\u00f6kl\u00fc bir medeniyet birikimine sahip aziz milletimizin \u00f6zg\u00fcrl\u00fck ve ba\u011f\u0131ms\u0131zl\u0131\u011f\u0131n\u0131n simgesi olan Cumhuriyet Bayram\u0131m\u0131z kutlu olsun&#8221; ifadelerini kulland\u0131.<\/p>\n<p>Kaynak : PERRE<\/p>\n","protected":false},"excerpt":{"rendered":"<p>ADIYAMAN (PERRE) &#8211; \u015eeriban \u00d6Z\u00c7AKMAK &#8211; Ad\u0131yaman&#8217;da Cumhuriyet&#8217;in ilan\u0131n\u0131n 102. kurulu\u015f y\u0131l d\u00f6n\u00fcm\u00fc kutlamalar\u0131, Valilik bah\u00e7esinde d\u00fczenlenen Atat\u00fcrk An\u0131t\u0131&#8217;na \u00c7elenk Sunma T\u00f6reni ile ba\u015flad\u0131.<\/p>\n","protected":false},"author":1,"featured_media":19758,"comment_status":"open","ping_status":"open","sticky":false,"template":"","format":"standard","meta":{"om_disable_all_campaigns":false,"_monsterinsights_skip_tracking":false,"_monsterinsights_sitenote_active":false,"_monsterinsights_sitenote_note":"","_monsterinsights_sitenote_category":0,"footnotes":""},"categories":[1,11],"tags":[],"aioseo_notices":[],"_links":{"self":[{"href":"https:\/\/www.hbrkahta.com\/index.php\/wp-json\/wp\/v2\/posts\/19757"}],"collection":[{"href":"https:\/\/www.hbrkahta.com\/index.php\/wp-json\/wp\/v2\/posts"}],"about":[{"href":"https:\/\/www.hbrkahta.com\/index.php\/wp-json\/wp\/v2\/types\/post"}],"author":[{"embeddable":true,"href":"https:\/\/www.hbrkahta.com\/index.php\/wp-json\/wp\/v2\/users\/1"}],"replies":[{"embeddable":true,"href":"https:\/\/www.hbrkahta.com\/index.php\/wp-json\/wp\/v2\/comments?post=19757"}],"version-history":[{"count":1,"href":"https:\/\/www.hbrkahta.com\/index.php\/wp-json\/wp\/v2\/posts\/19757\/revisions"}],"predecessor-version":[{"id":19759,"href":"https:\/\/www.hbrkahta.com\/index.php\/wp-json\/wp\/v2\/posts\/19757\/revisions\/19759"}],"wp:featuredmedia":[{"embeddable":true,"href":"https:\/\/www.hbrkahta.com\/index.php\/wp-json\/wp\/v2\/media\/19758"}],"wp:attachment":[{"href":"https:\/\/www.hbrkahta.com\/index.php\/wp-json\/wp\/v2\/media?parent=19757"}],"wp:term":[{"taxonomy":"category","embeddable":true,"href":"https:\/\/www.hbrkahta.com\/index.php\/wp-json\/wp\/v2\/categories?post=19757"},{"taxonomy":"post_tag","embeddable":true,"href":"https:\/\/www.hbrkahta.com\/index.php\/wp-json\/wp\/v2\/tags?post=19757"}],"curies":[{"name":"wp","href":"https:\/\/api.w.org\/{rel}","templated":true}]}}