{"id":19754,"date":"2025-10-28T13:36:04","date_gmt":"2025-10-28T10:36:04","guid":{"rendered":"https:\/\/www.hbrkahta.com\/?p=19754"},"modified":"2025-10-28T13:36:04","modified_gmt":"2025-10-28T10:36:04","slug":"baskan-ali-onattan-29-ekim-mesaji-tarihimizin-en-sanli-donum-noktalarindan-biridir","status":"publish","type":"post","link":"https:\/\/www.hbrkahta.com\/index.php\/2025\/10\/28\/baskan-ali-onattan-29-ekim-mesaji-tarihimizin-en-sanli-donum-noktalarindan-biridir\/","title":{"rendered":"Ba\u015fkan Ali \u00d6nat\u2019tan 29 Ekim mesaj\u0131: \u2018Tarihimizin en \u015fanl\u0131 d\u00f6n\u00fcm noktalar\u0131ndan biridir\u2019"},"content":{"rendered":"<p>\nMilliyet\u00e7i Hareket Partisi (MHP) Ad\u0131yaman \u0130l Ba\u015fkan\u0131 Ali \u00d6nat, 29 Ekim Cumhuriyet Bayram\u0131 nedeniyle yay\u0131mlad\u0131\u011f\u0131 mesaj\u0131nda, T\u00fcrk milletinin ba\u011f\u0131ms\u0131zl\u0131k m\u00fccadelesinin zaferle ta\u00e7land\u0131\u011f\u0131n\u0131 vurgulad\u0131. Ba\u015fkan \u00d6nat, Cumhuriyet&#8217;in, milletin kararl\u0131l\u0131\u011f\u0131, iman ve ba\u011f\u0131ms\u0131zl\u0131k sevdas\u0131n\u0131n eseri oldu\u011funu belirtti.<\/p>\n<p>Ba\u015fkan \u00d6nat, mesaj\u0131nda \u015fu ifadelere yer verdi:<\/p>\n<p>&#8220;Cumhuriyetimizin 102. y\u0131l d\u00f6n\u00fcm\u00fcn\u00fc b\u00fcy\u00fck bir gurur, heyecan ve milli bir onur duygusuyla kutluyoruz. 29 Ekim 1923, T\u00fcrk milletinin istiklal ve istikbal m\u00fccadelesini ta\u00e7land\u0131rd\u0131\u011f\u0131, milli iradenin devlet idaresine yans\u0131d\u0131\u011f\u0131, tarihimizin en \u015fanl\u0131 d\u00f6n\u00fcm noktalar\u0131ndan biridir.<\/p>\n<p>Gazi Mustafa Kemal Atat\u00fcrk&#8217;\u00fcn \u00f6nderli\u011finde kurulan T\u00fcrkiye Cumhuriyeti, T\u00fcrk milletinin kararl\u0131l\u0131\u011f\u0131n\u0131n, iman\u0131n\u0131n ve ba\u011f\u0131ms\u0131zl\u0131k sevdas\u0131n\u0131n eseridir. Cumhuriyet; h\u00fcrriyetin, adaletin, e\u015fitli\u011fin ve milli birli\u011fin timsalidir.<\/p>\n<p>Milliyet\u00e7i Hareket Partisi olarak, Genel Ba\u015fkan\u0131m\u0131z Say\u0131n Devlet Bah\u00e7eli&#8217;nin liderli\u011finde, Cumhuriyetimizin kurucu de\u011ferlerine, milli bekam\u0131za ve devletimizin b\u00f6l\u00fcnmez b\u00fct\u00fcnl\u00fc\u011f\u00fcne kararl\u0131l\u0131kla sahip \u00e7\u0131k\u0131yoruz. Say\u0131n Genel Ba\u015fkan\u0131m\u0131z\u0131n ifade etti\u011fi gibi; &#8216;Cumhuriyet, T\u00fcrk milletinin varl\u0131k senedidir; bu emaneti ya\u015fatmak her vatan evlad\u0131n\u0131n namus borcudur.&#8217;<\/p>\n<p>Bu kutlu miras\u0131 ya\u015fatmay\u0131, geli\u015ftirmeyi ve gelecek nesillere g\u00fc\u00e7l\u00fc bir \u015fekilde devretmeyi \u00fclk\u00fc edindik. Cumhuriyetimizin 102. y\u0131l\u0131nda bir kez daha vurgulamak isterim ki; T\u00fcrk milleti, birli\u011fini, dirli\u011fini ve karde\u015fli\u011fini koruyarak ilelebet payidar kalacakt\u0131r.<\/p>\n<p>Bu vesileyle, Cumhuriyetimizin kurucusu Gazi Mustafa Kemal Atat\u00fcrk&#8217;\u00fc, silah arkada\u015flar\u0131n\u0131, aziz \u015fehitlerimizi ve kahraman gazilerimizi rahmet, minnet ve \u015f\u00fckranla an\u0131yor; t\u00fcm hem\u015fehrilerimin ve aziz milletimizin 29 Ekim Cumhuriyet Bayram\u0131&#8217;n\u0131 en i\u00e7ten dileklerimle kutluyorum.&#8221;<\/p>\n<p>Kaynak : PERRE<\/p>\n","protected":false},"excerpt":{"rendered":"<p>ADIYAMAN (PERRE) &#8211; \u015eeriban \u00d6Z\u00c7AKMAK &#8211; MHP Ad\u0131yaman \u0130l Ba\u015fkan\u0131 Ali \u00d6nat, Cumhuriyet&#8217;in ilan\u0131n\u0131n 102. Y\u0131l d\u00f6n\u00fcm\u00fc dolay\u0131s\u0131yla yay\u0131mlad\u0131\u011f\u0131 mesaj\u0131nda, milli irade, ba\u011f\u0131ms\u0131zl\u0131k ve birlik vurgusu yapt\u0131.<\/p>\n","protected":false},"author":1,"featured_media":19755,"comment_status":"open","ping_status":"open","sticky":false,"template":"","format":"standard","meta":{"om_disable_all_campaigns":false,"_monsterinsights_skip_tracking":false,"_monsterinsights_sitenote_active":false,"_monsterinsights_sitenote_note":"","_monsterinsights_sitenote_category":0,"footnotes":""},"categories":[1,11],"tags":[540,742,2296,744,105],"aioseo_notices":[],"_links":{"self":[{"href":"https:\/\/www.hbrkahta.com\/index.php\/wp-json\/wp\/v2\/posts\/19754"}],"collection":[{"href":"https:\/\/www.hbrkahta.com\/index.php\/wp-json\/wp\/v2\/posts"}],"about":[{"href":"https:\/\/www.hbrkahta.com\/index.php\/wp-json\/wp\/v2\/types\/post"}],"author":[{"embeddable":true,"href":"https:\/\/www.hbrkahta.com\/index.php\/wp-json\/wp\/v2\/users\/1"}],"replies":[{"embeddable":true,"href":"https:\/\/www.hbrkahta.com\/index.php\/wp-json\/wp\/v2\/comments?post=19754"}],"version-history":[{"count":1,"href":"https:\/\/www.hbrkahta.com\/index.php\/wp-json\/wp\/v2\/posts\/19754\/revisions"}],"predecessor-version":[{"id":19756,"href":"https:\/\/www.hbrkahta.com\/index.php\/wp-json\/wp\/v2\/posts\/19754\/revisions\/19756"}],"wp:featuredmedia":[{"embeddable":true,"href":"https:\/\/www.hbrkahta.com\/index.php\/wp-json\/wp\/v2\/media\/19755"}],"wp:attachment":[{"href":"https:\/\/www.hbrkahta.com\/index.php\/wp-json\/wp\/v2\/media?parent=19754"}],"wp:term":[{"taxonomy":"category","embeddable":true,"href":"https:\/\/www.hbrkahta.com\/index.php\/wp-json\/wp\/v2\/categories?post=19754"},{"taxonomy":"post_tag","embeddable":true,"href":"https:\/\/www.hbrkahta.com\/index.php\/wp-json\/wp\/v2\/tags?post=19754"}],"curies":[{"name":"wp","href":"https:\/\/api.w.org\/{rel}","templated":true}]}}