{"id":19751,"date":"2025-10-28T13:24:04","date_gmt":"2025-10-28T10:24:04","guid":{"rendered":"https:\/\/www.hbrkahta.com\/?p=19751"},"modified":"2025-10-28T13:24:04","modified_gmt":"2025-10-28T10:24:04","slug":"baskan-miktat-cetinden-29-ekim-cumhuriyet-bayrami-mesaji","status":"publish","type":"post","link":"https:\/\/www.hbrkahta.com\/index.php\/2025\/10\/28\/baskan-miktat-cetinden-29-ekim-cumhuriyet-bayrami-mesaji\/","title":{"rendered":"Ba\u015fkan Miktat \u00c7etin\u2019den 29 Ekim Cumhuriyet Bayram\u0131 mesaj\u0131"},"content":{"rendered":"<p>Ad\u0131yaman&#8217;\u0131n \u00c7ak\u0131rh\u00fcy\u00fck Belediye Ba\u015fkan\u0131 Miktat \u00c7etin, Cumhuriyet&#8217;in kurulu\u015funun 102. y\u0131l d\u00f6n\u00fcm\u00fc nedeniyle yay\u0131mlad\u0131\u011f\u0131 mesaj\u0131nda, T\u00fcrk milletine kazand\u0131rd\u0131\u011f\u0131 de\u011ferleri hat\u0131rlatarak, birlik ve beraberlik i\u00e7inde bu miras\u0131 ya\u015fatma \u00e7a\u011fr\u0131s\u0131nda bulundu.<\/p>\n<p>Ba\u015fkan \u00c7etin mesaj\u0131nda \u015funlar\u0131 s\u00f6yledi:<\/p>\n<p>&#8220;Cumhuriyetimizin 102. kurulu\u015f y\u0131l d\u00f6n\u00fcm\u00fcn\u00fc b\u00fcy\u00fck bir gurur, co\u015fku ve onurla kutluyoruz. Gazi Mustafa Kemal Atat\u00fcrk ve silah arkada\u015flar\u0131n\u0131n \u00f6nderli\u011finde, milletimizin ba\u011f\u0131ms\u0131zl\u0131k ve \u00f6zg\u00fcrl\u00fck m\u00fccadelesiyle temelleri at\u0131lan Cumhuriyet, bizlere b\u0131rak\u0131lm\u0131\u015f en k\u0131ymetli miraslardan biridir.<\/p>\n<p>29 Ekim 1923, T\u00fcrk milletinin iradesini kendi eline ald\u0131\u011f\u0131, \u00e7a\u011fda\u015f ve demokratik bir devlet anlay\u0131\u015f\u0131na y\u00f6neldi\u011fi tarihi bir d\u00f6n\u00fcm noktas\u0131d\u0131r. Cumhuriyet, bizlere sadece bir y\u00f6netim bi\u00e7imi de\u011fil; ayn\u0131 zamanda ba\u011f\u0131ms\u0131zl\u0131\u011f\u0131n, e\u015fitli\u011fin, \u00f6zg\u00fcrl\u00fc\u011f\u00fcn ve insan onuruna dayal\u0131 bir ya\u015fam\u0131n ifadesidir.<\/p>\n<p>Bizler, Cumhuriyetimizin de\u011ferlerini ya\u015fatmak, geli\u015ftirmek ve gelecek nesillere en g\u00fc\u00e7l\u00fc \u015fekilde aktarmakla sorumluyuz. Bu anlay\u0131\u015fla, \u00fclkemizin her k\u00f6\u015fesinde oldu\u011fu gibi \u00c7ak\u0131rh\u00fcy\u00fck&#8217;\u00fcm\u00fczde de \u00e7al\u0131\u015fmaya, \u00fcretmeye, halk\u0131m\u0131z\u0131n ya\u015fam kalitesini y\u00fckseltmeye ve bu b\u00fcy\u00fck mirasa lay\u0131k olmaya devam ediyoruz.<\/p>\n<p>Gazi Mustafa Kemal Atat\u00fcrk&#8217;\u00fcn &#8216;En b\u00fcy\u00fck eserim&#8217; diyerek bizlere emanet etti\u011fi Cumhuriyetimizi, birlik ve beraberlik i\u00e7inde sonsuza dek ya\u015fatma kararl\u0131l\u0131\u011f\u0131nday\u0131z. Cumhuriyetimizin 102. y\u0131l\u0131 dolay\u0131s\u0131yla ba\u015fta Gazi Mustafa Kemal Atat\u00fcrk ve silah arkada\u015flar\u0131 olmak \u00fczere, vatan\u0131m\u0131z\u0131n ba\u011f\u0131ms\u0131zl\u0131\u011f\u0131 u\u011fruna canlar\u0131n\u0131 feda eden t\u00fcm aziz \u015fehitlerimizi rahmetle, kahraman gazilerimizi minnetle an\u0131yorum.<\/p>\n<p>Bu vesileyle, ba\u015fta \u00c7ak\u0131rh\u00fcy\u00fckl\u00fc hem\u015fehrilerim olmak \u00fczere, aziz milletimizin 29 Ekim Cumhuriyet Bayram\u0131&#8217;n\u0131 en i\u00e7ten dileklerimle kutluyorum. Ya\u015fas\u0131n Cumhuriyet, ya\u015fas\u0131n T\u00fcrkiye!&#8221;<\/p>\n<p>Ba\u015fkan Miktat \u00c7etin, mesaj\u0131n\u0131n sonunda Cumhuriyet&#8217;in de\u011ferlerine sahip \u00e7\u0131kman\u0131n herkesin ortak sorumlulu\u011fu oldu\u011funu belirterek, t\u00fcm vatanda\u015flar\u0131 bu anlaml\u0131 g\u00fcnde birlik, beraberlik ve dayan\u0131\u015fma ruhuyla bayram co\u015fkusunu payla\u015fmaya davet etti.<\/p>\n<p>Kaynak : PERRE<\/p>\n","protected":false},"excerpt":{"rendered":"<p>ADIYAMAN (PERRE) &#8211; \u015eeriban \u00d6Z\u00c7AKMAK &#8211; \u00c7ak\u0131rh\u00fcy\u00fck Belediye Ba\u015fkan\u0131 Miktat \u00c7etin, Cumhuriyet Bayram\u0131&#8217;n\u0131n 102. y\u0131l\u0131 dolay\u0131s\u0131yla yay\u0131mlad\u0131\u011f\u0131 mesaj\u0131nda, Cumhuriyet&#8217;in de\u011ferlerini ve birlik-beraberlik ruhunu vurgulad\u0131.<\/p>\n","protected":false},"author":1,"featured_media":19752,"comment_status":"open","ping_status":"open","sticky":false,"template":"","format":"standard","meta":{"om_disable_all_campaigns":false,"_monsterinsights_skip_tracking":false,"_monsterinsights_sitenote_active":false,"_monsterinsights_sitenote_note":"","_monsterinsights_sitenote_category":0,"footnotes":""},"categories":[1,11],"tags":[540,742],"aioseo_notices":[],"_links":{"self":[{"href":"https:\/\/www.hbrkahta.com\/index.php\/wp-json\/wp\/v2\/posts\/19751"}],"collection":[{"href":"https:\/\/www.hbrkahta.com\/index.php\/wp-json\/wp\/v2\/posts"}],"about":[{"href":"https:\/\/www.hbrkahta.com\/index.php\/wp-json\/wp\/v2\/types\/post"}],"author":[{"embeddable":true,"href":"https:\/\/www.hbrkahta.com\/index.php\/wp-json\/wp\/v2\/users\/1"}],"replies":[{"embeddable":true,"href":"https:\/\/www.hbrkahta.com\/index.php\/wp-json\/wp\/v2\/comments?post=19751"}],"version-history":[{"count":1,"href":"https:\/\/www.hbrkahta.com\/index.php\/wp-json\/wp\/v2\/posts\/19751\/revisions"}],"predecessor-version":[{"id":19753,"href":"https:\/\/www.hbrkahta.com\/index.php\/wp-json\/wp\/v2\/posts\/19751\/revisions\/19753"}],"wp:featuredmedia":[{"embeddable":true,"href":"https:\/\/www.hbrkahta.com\/index.php\/wp-json\/wp\/v2\/media\/19752"}],"wp:attachment":[{"href":"https:\/\/www.hbrkahta.com\/index.php\/wp-json\/wp\/v2\/media?parent=19751"}],"wp:term":[{"taxonomy":"category","embeddable":true,"href":"https:\/\/www.hbrkahta.com\/index.php\/wp-json\/wp\/v2\/categories?post=19751"},{"taxonomy":"post_tag","embeddable":true,"href":"https:\/\/www.hbrkahta.com\/index.php\/wp-json\/wp\/v2\/tags?post=19751"}],"curies":[{"name":"wp","href":"https:\/\/api.w.org\/{rel}","templated":true}]}}