{"id":19702,"date":"2025-10-27T17:00:04","date_gmt":"2025-10-27T14:00:04","guid":{"rendered":"https:\/\/www.hbrkahta.com\/?p=19702"},"modified":"2025-10-27T17:00:04","modified_gmt":"2025-10-27T14:00:04","slug":"pir-sultan-abdal-kultur-derneginden-dayanisma-etkinlikleri-cagrisi","status":"publish","type":"post","link":"https:\/\/www.hbrkahta.com\/index.php\/2025\/10\/27\/pir-sultan-abdal-kultur-derneginden-dayanisma-etkinlikleri-cagrisi\/","title":{"rendered":"Pir Sultan Abdal K\u00fclt\u00fcr Derne\u011fi\u2019nden dayan\u0131\u015fma etkinlikleri \u00e7a\u011fr\u0131s\u0131"},"content":{"rendered":"<p>Pir Sultan Abdal K\u00fclt\u00fcr Derne\u011fi (PSAKD) Genel Ba\u015fkan\u0131 Cuma Er\u00e7e, derne\u011fin Malatya ve Ad\u0131yaman \u015fubelerinin d\u00fczenledi\u011fi dayan\u0131\u015fma etkinlikleri i\u00e7in \u00e7a\u011fr\u0131da bulundu.<\/p>\n<p>Er\u00e7e yapt\u0131\u011f\u0131 a\u00e7\u0131klamada, &#8220;Sevgili Canlar, Yarenler, Yolda\u015flar, 31 Ekim Cuma g\u00fcn\u00fc Malatya \u015eubemizin, 1 Kas\u0131m Cumartesi g\u00fcn\u00fc ise Ad\u0131yaman \u015eubemizin dayan\u0131\u015fma etkinlikleri olacak&#8221; ifadelerini kulland\u0131. <\/p>\n<p>Genel Ba\u015fkan Er\u00e7e, her iki \u015fubenin b\u00f6lgedeki Alevi hak m\u00fccadelesi ve toplumsal dayan\u0131\u015fma a\u00e7\u0131s\u0131ndan \u00f6nemli birer yap\u0131 oldu\u011funu vurgulayarak, &#8220;Her iki \u015fubemiz, 6 \u015eubat depreminin a\u011f\u0131r sanc\u0131lar\u0131n\u0131 ve travmalar\u0131n\u0131 ya\u015fam\u0131\u015f durumda. Bu \u015fubelerimize destek olmak hepimizin g\u00f6revidir. T\u00fcm Canlar\u0131, Dostlar\u0131 ve Yolda\u015flar\u0131, \u015fubelerimizin dayan\u0131\u015fma etkinliklerine kat\u0131lmaya ve katk\u0131 sunmaya davet ediyoruz&#8221; ifadelerini kulland\u0131.<\/p>\n<p>Etkinlikler, hem b\u00f6lgesel dayan\u0131\u015fmay\u0131 g\u00fc\u00e7lendirmeyi hem de Alevi topluluklar\u0131n\u0131n sosyal ve k\u00fclt\u00fcrel dayan\u0131\u015fmas\u0131na katk\u0131 sa\u011flamay\u0131 ama\u00e7l\u0131yor.<\/p>\n<p>Kaynak : PERRE<\/p>\n","protected":false},"excerpt":{"rendered":"<p>ADIYAMAN (PERRE) &#8211; \u015eeriban \u00d6Z\u00c7AKMAK &#8211; Pir Sultan Abdal K\u00fclt\u00fcr Derne\u011fi Genel Ba\u015fkan\u0131 Cuma Er\u00e7e, Malatya ve Ad\u0131yaman \u015fubelerinin d\u00fczenledi\u011fi dayan\u0131\u015fma etkinliklerine t\u00fcm \u00fcyeleri ve destek\u00e7ileri davet etti.<\/p>\n","protected":false},"author":1,"featured_media":19703,"comment_status":"open","ping_status":"open","sticky":false,"template":"","format":"standard","meta":{"om_disable_all_campaigns":false,"_monsterinsights_skip_tracking":false,"_monsterinsights_sitenote_active":false,"_monsterinsights_sitenote_note":"","_monsterinsights_sitenote_category":0,"footnotes":""},"categories":[1,11],"tags":[1312],"aioseo_notices":[],"_links":{"self":[{"href":"https:\/\/www.hbrkahta.com\/index.php\/wp-json\/wp\/v2\/posts\/19702"}],"collection":[{"href":"https:\/\/www.hbrkahta.com\/index.php\/wp-json\/wp\/v2\/posts"}],"about":[{"href":"https:\/\/www.hbrkahta.com\/index.php\/wp-json\/wp\/v2\/types\/post"}],"author":[{"embeddable":true,"href":"https:\/\/www.hbrkahta.com\/index.php\/wp-json\/wp\/v2\/users\/1"}],"replies":[{"embeddable":true,"href":"https:\/\/www.hbrkahta.com\/index.php\/wp-json\/wp\/v2\/comments?post=19702"}],"version-history":[{"count":1,"href":"https:\/\/www.hbrkahta.com\/index.php\/wp-json\/wp\/v2\/posts\/19702\/revisions"}],"predecessor-version":[{"id":19704,"href":"https:\/\/www.hbrkahta.com\/index.php\/wp-json\/wp\/v2\/posts\/19702\/revisions\/19704"}],"wp:featuredmedia":[{"embeddable":true,"href":"https:\/\/www.hbrkahta.com\/index.php\/wp-json\/wp\/v2\/media\/19703"}],"wp:attachment":[{"href":"https:\/\/www.hbrkahta.com\/index.php\/wp-json\/wp\/v2\/media?parent=19702"}],"wp:term":[{"taxonomy":"category","embeddable":true,"href":"https:\/\/www.hbrkahta.com\/index.php\/wp-json\/wp\/v2\/categories?post=19702"},{"taxonomy":"post_tag","embeddable":true,"href":"https:\/\/www.hbrkahta.com\/index.php\/wp-json\/wp\/v2\/tags?post=19702"}],"curies":[{"name":"wp","href":"https:\/\/api.w.org\/{rel}","templated":true}]}}