{"id":19578,"date":"2025-10-24T21:24:04","date_gmt":"2025-10-24T18:24:04","guid":{"rendered":"https:\/\/www.hbrkahta.com\/?p=19578"},"modified":"2025-10-24T21:24:04","modified_gmt":"2025-10-24T18:24:04","slug":"adiyamanda-iskur-genclik-programi-basliyor-819-ogrenci-yararlanacak","status":"publish","type":"post","link":"https:\/\/www.hbrkahta.com\/index.php\/2025\/10\/24\/adiyamanda-iskur-genclik-programi-basliyor-819-ogrenci-yararlanacak\/","title":{"rendered":"Ad\u0131yaman\u2019da \u0130\u015eKUR Gen\u00e7lik Program\u0131 ba\u015fl\u0131yor: 819 \u00f6\u011frenci yararlanacak"},"content":{"rendered":"<p>Ad\u0131yaman \u00dcniversitesi Rekt\u00f6r\u00fc Prof. Dr. Mehmet Kele\u015f ile \u00c7al\u0131\u015fma ve \u0130\u015f Kurumu \u0130l M\u00fcd\u00fcr\u00fc Mehmet Enver \u00d6zbek, gen\u00e7lerin istihdam edilebilirli\u011fini art\u0131rmak amac\u0131yla d\u00fczenlenen \u0130\u015eKUR Gen\u00e7lik Program\u0131 kapsam\u0131nda protokol imzalad\u0131.<\/p>\n<p>Ad\u0131yaman \u00dcniversitesi yerle\u015fkelerinde toplam 819 \u00f6\u011frenci kontenjan\u0131yla uygulanacak program, gen\u00e7lere i\u015f arama becerileri, finansal okuryazarl\u0131k, CV haz\u0131rlama ve m\u00fclakat teknikleri gibi alanlarda e\u011fitim sunarken ayn\u0131 zamanda gelir elde etme f\u0131rsat\u0131 da sa\u011flayacak.<\/p>\n<p>Programa kat\u0131lmak isteyen gen\u00e7ler, 27-31 Ekim tarihleri aras\u0131nda ba\u015fvurular\u0131n\u0131 e-Devlet \u00fczerinden, ALO 170 hatt\u0131 arac\u0131l\u0131\u011f\u0131yla veya \u0130\u015eKUR&#8217;un resmi internet sitesi \u00fczerinden ger\u00e7ekle\u015ftirebilecek. Program\u0131n amac\u0131, gen\u00e7lerin i\u015f hayat\u0131na haz\u0131rlanmalar\u0131n\u0131 ve istihdam edilebilirliklerini art\u0131rmak olarak a\u00e7\u0131kland\u0131.<\/p>\n<p>Kaynak : PERRE<\/p>\n","protected":false},"excerpt":{"rendered":"<p>ADIYAMAN (PERRE) &#8211; \u015eeriban \u00d6Z\u00c7AKMAK &#8211; Ad\u0131yaman \u00dcniversitesi ile \u00c7al\u0131\u015fma ve \u0130\u015f Kurumu i\u015f birli\u011fiyle hayata ge\u00e7irilen \u0130\u015eKUR Gen\u00e7lik Program\u0131, gen\u00e7lerin i\u015f hayat\u0131na haz\u0131rlanmas\u0131n\u0131 ve istihdam edilebilirliklerini art\u0131rmay\u0131 hedefliyor. Programa ba\u015fvurular 27-31 Ekim tarihleri aras\u0131nda e-Devlet, ALO 170 veya \u0130\u015eKUR internet sitesi \u00fczerinden yap\u0131labilecek.<\/p>\n","protected":false},"author":1,"featured_media":19579,"comment_status":"open","ping_status":"open","sticky":false,"template":"","format":"standard","meta":{"om_disable_all_campaigns":false,"_monsterinsights_skip_tracking":false,"_monsterinsights_sitenote_active":false,"_monsterinsights_sitenote_note":"","_monsterinsights_sitenote_category":0,"footnotes":""},"categories":[1,11],"tags":[596],"aioseo_notices":[],"_links":{"self":[{"href":"https:\/\/www.hbrkahta.com\/index.php\/wp-json\/wp\/v2\/posts\/19578"}],"collection":[{"href":"https:\/\/www.hbrkahta.com\/index.php\/wp-json\/wp\/v2\/posts"}],"about":[{"href":"https:\/\/www.hbrkahta.com\/index.php\/wp-json\/wp\/v2\/types\/post"}],"author":[{"embeddable":true,"href":"https:\/\/www.hbrkahta.com\/index.php\/wp-json\/wp\/v2\/users\/1"}],"replies":[{"embeddable":true,"href":"https:\/\/www.hbrkahta.com\/index.php\/wp-json\/wp\/v2\/comments?post=19578"}],"version-history":[{"count":1,"href":"https:\/\/www.hbrkahta.com\/index.php\/wp-json\/wp\/v2\/posts\/19578\/revisions"}],"predecessor-version":[{"id":19580,"href":"https:\/\/www.hbrkahta.com\/index.php\/wp-json\/wp\/v2\/posts\/19578\/revisions\/19580"}],"wp:featuredmedia":[{"embeddable":true,"href":"https:\/\/www.hbrkahta.com\/index.php\/wp-json\/wp\/v2\/media\/19579"}],"wp:attachment":[{"href":"https:\/\/www.hbrkahta.com\/index.php\/wp-json\/wp\/v2\/media?parent=19578"}],"wp:term":[{"taxonomy":"category","embeddable":true,"href":"https:\/\/www.hbrkahta.com\/index.php\/wp-json\/wp\/v2\/categories?post=19578"},{"taxonomy":"post_tag","embeddable":true,"href":"https:\/\/www.hbrkahta.com\/index.php\/wp-json\/wp\/v2\/tags?post=19578"}],"curies":[{"name":"wp","href":"https:\/\/api.w.org\/{rel}","templated":true}]}}