{"id":19500,"date":"2025-10-23T12:48:04","date_gmt":"2025-10-23T09:48:04","guid":{"rendered":"https:\/\/www.hbrkahta.com\/?p=19500"},"modified":"2025-10-23T12:48:04","modified_gmt":"2025-10-23T09:48:04","slug":"besnide-aliya-izzetbegovic-vefatinin-yil-donumunde-anildi","status":"publish","type":"post","link":"https:\/\/www.hbrkahta.com\/index.php\/2025\/10\/23\/besnide-aliya-izzetbegovic-vefatinin-yil-donumunde-anildi\/","title":{"rendered":"Besni\u2019de, Aliya \u0130zzetbegovi\u00e7 vefat\u0131n\u0131n y\u0131l d\u00f6n\u00fcm\u00fcnde an\u0131ld\u0131"},"content":{"rendered":"<p>Bosna Hersek&#8217;in ilk Cumhurba\u015fkan\u0131 Aliya \u0130zzetbegovi\u00e7, vefat\u0131n\u0131n y\u0131l d\u00f6n\u00fcm\u00fcnde Besni&#8217;de d\u00fczenlenen anma program\u0131yla yad edildi. Anadolu Gen\u00e7lik Derne\u011fi, Besni \u0130HH ve Dolunay Derne\u011fi&#8217;nin \u00f6nc\u00fcl\u00fc\u011f\u00fcnde ger\u00e7ekle\u015ftirilen programa \u00e7ok say\u0131da vatanda\u015f kat\u0131ld\u0131.<\/p>\n<p>Program\u0131n a\u00e7\u0131l\u0131\u015f konu\u015fmas\u0131n\u0131 Anadolu Gen\u00e7lik Derne\u011fi Besni \u0130l\u00e7e Temsilcisi Abdulkadir \u00d6zdemir yapt\u0131. Ard\u0131ndan Besni Belediye Ba\u015fkan Yard\u0131mc\u0131s\u0131 G\u00f6khan Serter&#8217;in okudu\u011fu \u015fiir, dinleyenleri duyguland\u0131rd\u0131.<\/p>\n<p>Etkinlikte konu\u015fmac\u0131 olarak yer alan Yazar Ferhat \u00d6zbadem, Aliya \u0130zzetbegovi\u00e7&#8217;in hayat\u0131, m\u00fccadelesi ve \u0130slami duru\u015fu \u00fczerine bir konferans verdi. Gen\u00e7lerin yo\u011fun ilgi g\u00f6sterdi\u011fi programda, Mavi Marmara \u015fehidi Fahri Yald\u0131z&#8217;\u0131n karde\u015fi Ramazan Yald\u0131z, Yazar Ferhat \u00d6zbadem&#8217;e Mavi Marmara gemisini simgeleyen bir maket hediye etti.<\/p>\n<p>Program, Besni M\u00fcft\u00fcs\u00fc Sabri Er\u00e7ek&#8217;in yapt\u0131\u011f\u0131 kapan\u0131\u015f konu\u015fmas\u0131yla sona erdi.<\/p>\n<p>Kaynak : PERRE<\/p>\n","protected":false},"excerpt":{"rendered":"<p>ADIYAMAN (PERRE) &#8211; \u015eeriban \u00d6Z\u00c7AKMAK &#8211; Bosna Hersek&#8217;in ilk Cumhurba\u015fkan\u0131 Aliya \u0130zzetbegovi\u00e7, \u00f6l\u00fcm y\u0131l d\u00f6n\u00fcm\u00fcnde Besni&#8217;de d\u00fczenlenen programla an\u0131ld\u0131. Programa halk yo\u011fun ilgi g\u00f6sterdi.<\/p>\n","protected":false},"author":1,"featured_media":19501,"comment_status":"open","ping_status":"open","sticky":false,"template":"","format":"standard","meta":{"om_disable_all_campaigns":false,"_monsterinsights_skip_tracking":false,"_monsterinsights_sitenote_active":false,"_monsterinsights_sitenote_note":"","_monsterinsights_sitenote_category":0,"footnotes":""},"categories":[1,11],"tags":[941],"aioseo_notices":[],"_links":{"self":[{"href":"https:\/\/www.hbrkahta.com\/index.php\/wp-json\/wp\/v2\/posts\/19500"}],"collection":[{"href":"https:\/\/www.hbrkahta.com\/index.php\/wp-json\/wp\/v2\/posts"}],"about":[{"href":"https:\/\/www.hbrkahta.com\/index.php\/wp-json\/wp\/v2\/types\/post"}],"author":[{"embeddable":true,"href":"https:\/\/www.hbrkahta.com\/index.php\/wp-json\/wp\/v2\/users\/1"}],"replies":[{"embeddable":true,"href":"https:\/\/www.hbrkahta.com\/index.php\/wp-json\/wp\/v2\/comments?post=19500"}],"version-history":[{"count":1,"href":"https:\/\/www.hbrkahta.com\/index.php\/wp-json\/wp\/v2\/posts\/19500\/revisions"}],"predecessor-version":[{"id":19502,"href":"https:\/\/www.hbrkahta.com\/index.php\/wp-json\/wp\/v2\/posts\/19500\/revisions\/19502"}],"wp:featuredmedia":[{"embeddable":true,"href":"https:\/\/www.hbrkahta.com\/index.php\/wp-json\/wp\/v2\/media\/19501"}],"wp:attachment":[{"href":"https:\/\/www.hbrkahta.com\/index.php\/wp-json\/wp\/v2\/media?parent=19500"}],"wp:term":[{"taxonomy":"category","embeddable":true,"href":"https:\/\/www.hbrkahta.com\/index.php\/wp-json\/wp\/v2\/categories?post=19500"},{"taxonomy":"post_tag","embeddable":true,"href":"https:\/\/www.hbrkahta.com\/index.php\/wp-json\/wp\/v2\/tags?post=19500"}],"curies":[{"name":"wp","href":"https:\/\/api.w.org\/{rel}","templated":true}]}}