{"id":19423,"date":"2025-10-21T16:24:04","date_gmt":"2025-10-21T13:24:04","guid":{"rendered":"https:\/\/www.hbrkahta.com\/?p=19423"},"modified":"2025-10-21T16:24:04","modified_gmt":"2025-10-21T13:24:04","slug":"milletvekili-alkayistan-gazeteciler-gunu-mesaji-gazeteciler-vazife-bilinciyle-hareket-eden-dava-insanlaridir","status":"publish","type":"post","link":"https:\/\/www.hbrkahta.com\/index.php\/2025\/10\/21\/milletvekili-alkayistan-gazeteciler-gunu-mesaji-gazeteciler-vazife-bilinciyle-hareket-eden-dava-insanlaridir\/","title":{"rendered":"Milletvekili Alkay\u0131\u015f\u2019tan \u2018Gazeteciler G\u00fcn\u00fc\u2019 mesaj\u0131: \u2018Gazeteciler, vazife bilinciyle hareket eden dava insanlar\u0131d\u0131r\u2019"},"content":{"rendered":"<p>AK Parti Genel Merkez Te\u015fkilat Ba\u015fkan Yard\u0131mc\u0131s\u0131 ve Ad\u0131yaman Milletvekili Av. Mustafa Alkay\u0131\u015f, 21 Ekim Gazeteciler G\u00fcn\u00fc dolay\u0131s\u0131yla a\u00e7\u0131klama yapt\u0131. Milletvekili Alkay\u0131\u015f, gazetecilik mesle\u011finin temel amac\u0131n\u0131n insanlar\u0131 do\u011fru bilgilendirmek oldu\u011funun alt\u0131n\u0131 \u00e7izerek, do\u011fru kaynaktan hareketle toplumu hakkaniyetli bir \u00fcslupla bilgilendiren gazetecilerin, asl\u0131nda bir sorumluluk davas\u0131n\u0131n temsilcileri oldu\u011funu ifade etti.<\/p>\n<p>&#8220;Gazeteciler, Toplumumuzun Vazge\u00e7ilmez Bir Par\u00e7as\u0131d\u0131r&#8221;<\/p>\n<p>Milletvekili Alkay\u0131\u015f a\u00e7\u0131klamas\u0131nda, gazetecili\u011fin cesaret, adalet ve bilgi birikimi gibi temel vas\u0131flar\u0131 bar\u0131nd\u0131rd\u0131\u011f\u0131n\u0131 s\u00f6yleyerek, &#8220;Haber alma, insan i\u00e7in en temel ihtiya\u00e7lardan biridir. \u0130nsanlar \u00e7evresinde, \u00fclkesinde ve d\u00fcnyada neler olup bitti\u011fini \u00f6\u011frenmek ister. \u0130\u015fte bu ihtiyac\u0131 kar\u015f\u0131lamak ad\u0131na gecesini g\u00fcnd\u00fcz\u00fcne katarak \u00e7al\u0131\u015fan gazeteciler, toplumumuzun vazge\u00e7ilmez bir par\u00e7as\u0131d\u0131r&#8221; dedi.<\/p>\n<p>Gazetecili\u011fin kolay bir meslek olmad\u0131\u011f\u0131n\u0131 vurgulayan Milletvekili Alkay\u0131\u015f, bas\u0131n mensuplar\u0131n\u0131n zorlu ko\u015fullara ra\u011fmen do\u011fru bilgiyi kamuoyuna ula\u015ft\u0131rmak i\u00e7in b\u00fcy\u00fck bir \u00f6zveriyle \u00e7al\u0131\u015ft\u0131\u011f\u0131n\u0131 belirtti. &#8220;Gazeteciler, do\u011fruyu ararken yaln\u0131zca cesaretle de\u011fil, bilgiyle ve sorumlulukla hareket ederler&#8221; ifadelerini kulland\u0131.<\/p>\n<p>&#8220;Do\u011fru Bilgi Toplumu Y\u00fcceltir&#8221;<\/p>\n<p>Milletvekili Alkay\u0131\u015f, gazetecilerin toplumun vicdan sesi oldu\u011funu ifade ederek, &#8220;Yanl\u0131\u015f bilgi toplumu yan\u0131lt\u0131r, do\u011fru bilgi ise toplumu y\u00fcceltir. Bu nedenle gazetecilik, do\u011frulu\u011fu \u015fiar edinmi\u015f bir meslektir.&#8221;<\/p>\n<p>Toplumun haber alma hakk\u0131 u\u011fruna emek veren t\u00fcm gazetecilerin 21 Ekim Gazeteciler G\u00fcn\u00fc&#8217;n\u00fc kutlayan Milletvekili Alkay\u0131\u015f, s\u00f6zlerini \u015f\u00f6yle tamamlad\u0131:<\/p>\n<p>&#8220;Gazetecilik mesle\u011fine g\u00f6n\u00fcl vermi\u015f t\u00fcm karde\u015flerimizin bu ulvi g\u00f6revi, ayn\u0131 zamanda bir dava \u015fuuru ve sorumluluk bilinciyle y\u00fcr\u00fctt\u00fcklerine y\u00fcrekten inan\u0131yorum. Milletimizin do\u011fru bilgiye ula\u015fmas\u0131 i\u00e7in gayret g\u00f6steren t\u00fcm bas\u0131n mensuplar\u0131m\u0131za sa\u011fl\u0131k, ba\u015far\u0131 ve kolayl\u0131klar diliyorum.&#8221;<\/p>\n<p>Kaynak : PERRE<\/p>\n","protected":false},"excerpt":{"rendered":"<p>ADIYAMAN (PERRE) &#8211; \u015eeriban \u00d6Z\u00c7AKMAK &#8211; AK Parti Ad\u0131yaman Milletvekili Mustafa Alkay\u0131\u015f, 21 Ekim Gazeteciler G\u00fcn\u00fc dolay\u0131s\u0131yla yapt\u0131\u011f\u0131 a\u00e7\u0131klamada gazetecilerin toplumu do\u011fru bilgilendirme sorumlulu\u011funa dikkat \u00e7ekti.<\/p>\n","protected":false},"author":1,"featured_media":19424,"comment_status":"open","ping_status":"open","sticky":false,"template":"","format":"standard","meta":{"om_disable_all_campaigns":false,"_monsterinsights_skip_tracking":false,"_monsterinsights_sitenote_active":false,"_monsterinsights_sitenote_note":"","_monsterinsights_sitenote_category":0,"footnotes":""},"categories":[1,11],"tags":[1096,540,853,132,2803],"aioseo_notices":[],"_links":{"self":[{"href":"https:\/\/www.hbrkahta.com\/index.php\/wp-json\/wp\/v2\/posts\/19423"}],"collection":[{"href":"https:\/\/www.hbrkahta.com\/index.php\/wp-json\/wp\/v2\/posts"}],"about":[{"href":"https:\/\/www.hbrkahta.com\/index.php\/wp-json\/wp\/v2\/types\/post"}],"author":[{"embeddable":true,"href":"https:\/\/www.hbrkahta.com\/index.php\/wp-json\/wp\/v2\/users\/1"}],"replies":[{"embeddable":true,"href":"https:\/\/www.hbrkahta.com\/index.php\/wp-json\/wp\/v2\/comments?post=19423"}],"version-history":[{"count":1,"href":"https:\/\/www.hbrkahta.com\/index.php\/wp-json\/wp\/v2\/posts\/19423\/revisions"}],"predecessor-version":[{"id":19425,"href":"https:\/\/www.hbrkahta.com\/index.php\/wp-json\/wp\/v2\/posts\/19423\/revisions\/19425"}],"wp:featuredmedia":[{"embeddable":true,"href":"https:\/\/www.hbrkahta.com\/index.php\/wp-json\/wp\/v2\/media\/19424"}],"wp:attachment":[{"href":"https:\/\/www.hbrkahta.com\/index.php\/wp-json\/wp\/v2\/media?parent=19423"}],"wp:term":[{"taxonomy":"category","embeddable":true,"href":"https:\/\/www.hbrkahta.com\/index.php\/wp-json\/wp\/v2\/categories?post=19423"},{"taxonomy":"post_tag","embeddable":true,"href":"https:\/\/www.hbrkahta.com\/index.php\/wp-json\/wp\/v2\/tags?post=19423"}],"curies":[{"name":"wp","href":"https:\/\/api.w.org\/{rel}","templated":true}]}}