{"id":19419,"date":"2025-10-21T16:12:04","date_gmt":"2025-10-21T13:12:04","guid":{"rendered":"https:\/\/www.hbrkahta.com\/?p=19419"},"modified":"2025-10-21T16:12:04","modified_gmt":"2025-10-21T13:12:04","slug":"turk-ocaklarindan-dogu-turkistan-konulu-canli-yayin","status":"publish","type":"post","link":"https:\/\/www.hbrkahta.com\/index.php\/2025\/10\/21\/turk-ocaklarindan-dogu-turkistan-konulu-canli-yayin\/","title":{"rendered":"T\u00fcrk Ocaklar\u0131\u2019ndan \u2018Do\u011fu T\u00fcrkistan\u2019 konulu canl\u0131 yay\u0131n"},"content":{"rendered":"<p>Program\u0131n moderat\u00f6rl\u00fc\u011f\u00fcn\u00fc T\u00fcrk Ocaklar\u0131 Ad\u0131yaman \u015eube Ba\u015fkan\u0131 Do\u00e7. Dr. Samet Zengino\u011flu \u00fcstlenecek. Konu\u015fmac\u0131 olarak ise Ankara \u00dcniversitesi \u00d6\u011fretim \u00dcyesi Prof. Dr. Erkin Emet yer alacak.<\/p>\n<p>&#8216;T\u00fcm vatanda\u015flar\u0131m\u0131z\u0131 yay\u0131na davet ediyoruz&#8217;<\/p>\n<p>Etkinli\u011fe ili\u015fkin a\u00e7\u0131klama yapan Do\u00e7. Dr. Samet Zengino\u011flu, Do\u011fu T\u00fcrkistan meselesinin T\u00fcrk d\u00fcnyas\u0131n\u0131n en \u00f6nemli konular\u0131ndan biri oldu\u011funu belirterek, &#8220;Do\u011fu T\u00fcrkistan konusunu ele alaca\u011f\u0131m\u0131z canl\u0131 yay\u0131n\u0131m\u0131z yar\u0131n ak\u015fam ger\u00e7ekle\u015ftirilecektir. T\u00fcm vatanda\u015flar\u0131m\u0131z yay\u0131n\u0131m\u0131za davetlidir&#8221; dedi.<\/p>\n<p><img decoding=\"async\" alt=\"\" src=\"https:\/\/www.hbrkahta.com\/wp-content\/uploads\/2025\/10\/turk-ocaklarindan-dogu-turkistan-konulu-canli-yayin-0-TebTzlpm.jpg\"><\/p>\n<p>Zengino\u011flu, programda Do\u011fu T\u00fcrkistan&#8217;daki geli\u015fmelerin tarihsel ve g\u00fcncel boyutlar\u0131yla ele al\u0131naca\u011f\u0131n\u0131, T\u00fcrk d\u00fcnyas\u0131n\u0131n ortak meselelerine ili\u015fkin fark\u0131ndal\u0131\u011f\u0131 art\u0131rmay\u0131 hedeflediklerini ifade etti.<\/p>\n<p>Prof. Dr. Erkin Emet konuk olacak<\/p>\n<p>Do\u011fu T\u00fcrkistan \u00fczerine uzun y\u0131llard\u0131r akademik \u00e7al\u0131\u015fmalar yapan Prof. Dr. Erkin Emet, canl\u0131 yay\u0131nda b\u00f6lgedeki sosyo-politik geli\u015fmeleri de\u011ferlendirecek. Program\u0131n Instagram \u00fczerinden @sametzenginoglu ve @erknemet hesaplar\u0131ndan takip edilebilece\u011fi belirtildi.<\/p>\n<p>Kaynak : PERRE<\/p>\n","protected":false},"excerpt":{"rendered":"<p>ADIYAMAN (PERRE) &#8211; \u015eeriban \u00d6Z\u00c7AKMAK &#8211; T\u00fcrk Ocaklar\u0131 Ad\u0131yaman \u015eubesi taraf\u0131ndan d\u00fczenlenen &#8220;Ocakba\u015f\u0131 Sohbetleri&#8221; program\u0131nda bu kez Do\u011fu T\u00fcrkistan meselesi ele al\u0131nacak. Etkinlik, 22 Ekim \u00c7ar\u015famba g\u00fcn\u00fc saat 20.00&#8217;de Instagram \u00fczerinden canl\u0131 yay\u0131n olarak ger\u00e7ekle\u015ftirilecek.<\/p>\n","protected":false},"author":1,"featured_media":19420,"comment_status":"open","ping_status":"open","sticky":false,"template":"","format":"standard","meta":{"om_disable_all_campaigns":false,"_monsterinsights_skip_tracking":false,"_monsterinsights_sitenote_active":false,"_monsterinsights_sitenote_note":"","_monsterinsights_sitenote_category":0,"footnotes":""},"categories":[1,11],"tags":[580,105],"aioseo_notices":[],"_links":{"self":[{"href":"https:\/\/www.hbrkahta.com\/index.php\/wp-json\/wp\/v2\/posts\/19419"}],"collection":[{"href":"https:\/\/www.hbrkahta.com\/index.php\/wp-json\/wp\/v2\/posts"}],"about":[{"href":"https:\/\/www.hbrkahta.com\/index.php\/wp-json\/wp\/v2\/types\/post"}],"author":[{"embeddable":true,"href":"https:\/\/www.hbrkahta.com\/index.php\/wp-json\/wp\/v2\/users\/1"}],"replies":[{"embeddable":true,"href":"https:\/\/www.hbrkahta.com\/index.php\/wp-json\/wp\/v2\/comments?post=19419"}],"version-history":[{"count":1,"href":"https:\/\/www.hbrkahta.com\/index.php\/wp-json\/wp\/v2\/posts\/19419\/revisions"}],"predecessor-version":[{"id":19422,"href":"https:\/\/www.hbrkahta.com\/index.php\/wp-json\/wp\/v2\/posts\/19419\/revisions\/19422"}],"wp:featuredmedia":[{"embeddable":true,"href":"https:\/\/www.hbrkahta.com\/index.php\/wp-json\/wp\/v2\/media\/19420"}],"wp:attachment":[{"href":"https:\/\/www.hbrkahta.com\/index.php\/wp-json\/wp\/v2\/media?parent=19419"}],"wp:term":[{"taxonomy":"category","embeddable":true,"href":"https:\/\/www.hbrkahta.com\/index.php\/wp-json\/wp\/v2\/categories?post=19419"},{"taxonomy":"post_tag","embeddable":true,"href":"https:\/\/www.hbrkahta.com\/index.php\/wp-json\/wp\/v2\/tags?post=19419"}],"curies":[{"name":"wp","href":"https:\/\/api.w.org\/{rel}","templated":true}]}}