{"id":19415,"date":"2025-10-21T15:36:04","date_gmt":"2025-10-21T12:36:04","guid":{"rendered":"https:\/\/www.hbrkahta.com\/?p=19415"},"modified":"2025-10-21T15:36:04","modified_gmt":"2025-10-21T12:36:04","slug":"vali-osman-varol-is-arayan-vatandaslarla-bir-araya-geldi","status":"publish","type":"post","link":"https:\/\/www.hbrkahta.com\/index.php\/2025\/10\/21\/vali-osman-varol-is-arayan-vatandaslarla-bir-araya-geldi\/","title":{"rendered":"Vali Osman Varol, i\u015f arayan vatanda\u015flarla bir araya geldi"},"content":{"rendered":"<p>Ad\u0131yaman Valisi Dr. Osman Varol, bireysel durumlar\u0131na uygun i\u015f aray\u0131\u015f\u0131nda olan vatanda\u015flar\u0131 makam\u0131nda kabul etti. Vatanda\u015flar\u0131 tek tek dinleyen Vali Varol, i\u015f taleplerinin de\u011ferlendirilmesi ve uygun alanlarda istihdam edilmeleri amac\u0131yla T\u00fcrkiye \u0130\u015f Kurumu Genel M\u00fcd\u00fcrl\u00fc\u011f\u00fc (\u0130\u015eKUR) arac\u0131l\u0131\u011f\u0131yla OSB&#8217;deki sanayi tesisleri ile \u00f6zel sekt\u00f6re y\u00f6nlendirilmesi talimat\u0131n\u0131 verdi.<\/p>\n<p><img decoding=\"async\" alt=\"\" src=\"https:\/\/www.hbrkahta.com\/wp-content\/uploads\/2025\/10\/vali-osman-varol-is-arayan-vatandaslarla-bir-araya-geldi-0-yAbTKMUZ.jpg\"><\/p>\n<p>&#8220;\u0130stihdam\u0131 Art\u0131rmak \u0130\u00e7in Yo\u011fun Gayret \u0130\u00e7indeyiz&#8221;<\/p>\n<p>Vali Osman Varol, i\u015fsizlik sorununu \u00e7\u00f6zmek, istihdam\u0131 art\u0131rmak ve toplumsal huzuru g\u00fc\u00e7lendirmek amac\u0131yla \u00e7al\u0131\u015fmalar\u0131n kararl\u0131l\u0131kla s\u00fcrd\u00fc\u011f\u00fcn\u00fc belirterek, &#8220;Valilik olarak vatanda\u015flar\u0131m\u0131z\u0131n i\u015fsizlik sorununu \u00e7\u00f6zmek, istihdam\u0131 art\u0131rmak ve toplumsal huzuru tesis etmek i\u00e7in yo\u011fun gayret sarf ediyoruz&#8221; dedi.<\/p>\n<p>Kaynak : PERRE<\/p>\n","protected":false},"excerpt":{"rendered":"<p>ADIYAMAN (PERRE) &#8211; \u015eeriban \u00d6Z\u00c7AKMAK &#8211; Ad\u0131yaman Valisi Dr. Osman Varol, bireysel durumlar\u0131na uygun i\u015f aray\u0131\u015f\u0131nda bulunan vatanda\u015flarla bir araya geldi. Vali Osman Varol, \u0130\u015eKUR arac\u0131l\u0131\u011f\u0131yla organize sanayi b\u00f6lgesindeki tesisler ve \u00f6zel sekt\u00f6r kurulu\u015flar\u0131nda istihdam imk\u00e2n\u0131 sa\u011flanmas\u0131 i\u00e7in talimat verdi.<\/p>\n","protected":false},"author":1,"featured_media":19416,"comment_status":"open","ping_status":"open","sticky":false,"template":"","format":"standard","meta":{"om_disable_all_campaigns":false,"_monsterinsights_skip_tracking":false,"_monsterinsights_sitenote_active":false,"_monsterinsights_sitenote_note":"","_monsterinsights_sitenote_category":0,"footnotes":""},"categories":[1,11],"tags":[596],"aioseo_notices":[],"_links":{"self":[{"href":"https:\/\/www.hbrkahta.com\/index.php\/wp-json\/wp\/v2\/posts\/19415"}],"collection":[{"href":"https:\/\/www.hbrkahta.com\/index.php\/wp-json\/wp\/v2\/posts"}],"about":[{"href":"https:\/\/www.hbrkahta.com\/index.php\/wp-json\/wp\/v2\/types\/post"}],"author":[{"embeddable":true,"href":"https:\/\/www.hbrkahta.com\/index.php\/wp-json\/wp\/v2\/users\/1"}],"replies":[{"embeddable":true,"href":"https:\/\/www.hbrkahta.com\/index.php\/wp-json\/wp\/v2\/comments?post=19415"}],"version-history":[{"count":1,"href":"https:\/\/www.hbrkahta.com\/index.php\/wp-json\/wp\/v2\/posts\/19415\/revisions"}],"predecessor-version":[{"id":19418,"href":"https:\/\/www.hbrkahta.com\/index.php\/wp-json\/wp\/v2\/posts\/19415\/revisions\/19418"}],"wp:featuredmedia":[{"embeddable":true,"href":"https:\/\/www.hbrkahta.com\/index.php\/wp-json\/wp\/v2\/media\/19416"}],"wp:attachment":[{"href":"https:\/\/www.hbrkahta.com\/index.php\/wp-json\/wp\/v2\/media?parent=19415"}],"wp:term":[{"taxonomy":"category","embeddable":true,"href":"https:\/\/www.hbrkahta.com\/index.php\/wp-json\/wp\/v2\/categories?post=19415"},{"taxonomy":"post_tag","embeddable":true,"href":"https:\/\/www.hbrkahta.com\/index.php\/wp-json\/wp\/v2\/tags?post=19415"}],"curies":[{"name":"wp","href":"https:\/\/api.w.org\/{rel}","templated":true}]}}