{"id":19342,"date":"2025-10-20T17:24:04","date_gmt":"2025-10-20T14:24:04","guid":{"rendered":"https:\/\/www.hbrkahta.com\/?p=19342"},"modified":"2025-10-20T17:24:04","modified_gmt":"2025-10-20T14:24:04","slug":"alkayis-tutun-ureticilerimizin-yanindayiz-surec-yakindan-takip-ediliyor","status":"publish","type":"post","link":"https:\/\/www.hbrkahta.com\/index.php\/2025\/10\/20\/alkayis-tutun-ureticilerimizin-yanindayiz-surec-yakindan-takip-ediliyor\/","title":{"rendered":"Alkay\u0131\u015f: \u2018T\u00fct\u00fcn \u00fcreticilerimizin yan\u0131nday\u0131z, s\u00fcre\u00e7 yak\u0131ndan takip ediliyor\u2019"},"content":{"rendered":"<p>AK Parti Te\u015fkilat Ba\u015fkan Yard\u0131mc\u0131s\u0131 ve Ad\u0131yaman Milletvekili Mustafa Alkay\u0131\u015f, t\u00fct\u00fcn teslimat s\u00fcre\u00e7lerinde ya\u015fanan s\u0131k\u0131nt\u0131larla ilgili a\u00e7\u0131klamalarda bulundu.<\/p>\n<p>&#8220;T\u00fct\u00fcn Ad\u0131yaman&#8217;\u0131n hem ge\u00e7im kayna\u011f\u0131 hem k\u00fclt\u00fcrel de\u011feri&#8221;<\/p>\n<p>Alkay\u0131\u015f, t\u00fct\u00fcn\u00fcn Ad\u0131yaman ekonomisi ve sosyal ya\u015fam\u0131ndaki \u00f6nemine dikkat \u00e7ekerek \u015funlar\u0131 s\u00f6yledi:<\/p>\n<p>&#8220;Ad\u0131yaman&#8217;da \u00fcreticilerimizin al\u0131n teriyle ekmi\u015f olduklar\u0131 t\u00fct\u00fcnlerin al\u0131c\u0131 firmalarla teslim alma s\u00fcre\u00e7lerinde \u00e7e\u015fitli aksakl\u0131klar ya\u015fand\u0131\u011f\u0131n\u0131 biliyoruz. Bu kapsamda T\u00fct\u00fcn ve Alkol Dairesi Ba\u015fkan\u0131m\u0131z Sn. U\u011fur Yal\u00e7\u0131n ile verimli bir g\u00f6r\u00fc\u015fme ger\u00e7ekle\u015ftirdik. T\u00fct\u00fcn \u00fcreticilerimizin ma\u011fduriyet ya\u015famamas\u0131 i\u00e7in gerekli t\u00fcm giri\u015fimler ba\u015flat\u0131lm\u0131\u015ft\u0131r.&#8221;<\/p>\n<p>Milletvekili Alkay\u0131\u015f, teslimat ve al\u0131m s\u00fcre\u00e7lerinde ya\u015fanan sorunlar\u0131n k\u0131sa s\u00fcrede \u00e7\u00f6z\u00fclece\u011fini vurgulayarak, \u00fcreticilerin i\u00e7inin rahat olmas\u0131n\u0131 istedi.<\/p>\n<p>&#8220;Hi\u00e7bir \u00fcreticimiz ma\u011fdur edilmeyecek&#8221;<\/p>\n<p>Alkay\u0131\u015f, t\u00fct\u00fcn\u00fcn sadece bir tar\u0131m \u00fcr\u00fcn\u00fc de\u011fil, Ad\u0131yaman&#8217;\u0131n ekonomik kimli\u011finin bir par\u00e7as\u0131 oldu\u011funu vurgulayarak \u015f\u00f6yle konu\u015ftu:<\/p>\n<p>&#8220;T\u00fct\u00fcn, Ad\u0131yaman&#8217;\u0131m\u0131z\u0131n en \u00f6nemli ge\u00e7im kaynaklar\u0131ndan biridir. \u00dcreticilerimizin b\u00fcy\u00fck emeklerle hasat etti\u011fi bu de\u011ferli \u00fcr\u00fcn, \u015fehrimizin k\u00fclt\u00fcrel ve ekonomik dokusunun da bir par\u00e7as\u0131d\u0131r. Teslimat s\u00fcre\u00e7lerinde ya\u015fanan t\u00fcm problemler k\u0131sa s\u00fcrede \u00e7\u00f6z\u00fcme kavu\u015facak, hi\u00e7bir \u00fcreticimiz ma\u011fdur edilmeyecektir.&#8221;<\/p>\n<p>&#8220;\u00dcreticilerimiz m\u00fcsterih olsun&#8221;<\/p>\n<p>Ziraat odalar\u0131, \u00fcreticiler ve ilgili kurumlarla s\u00fcrekli temas halinde olduklar\u0131n\u0131 belirten Alkay\u0131\u015f, \u00fcreticilere g\u00fcvence verdi:<\/p>\n<p>&#8220;Bu s\u00fcre\u00e7te ziraat odas\u0131 ba\u015fkanlar\u0131m\u0131z ve \u00fcreticilerimizle s\u00fcrekli irtibat halindeyiz. \u00dcreticilerimiz m\u00fcsterih olsunlar; t\u00fct\u00fcn Ad\u0131yaman i\u00e7in her zaman \u00f6ncelikli g\u00fcndem maddelerimizden biri olmu\u015ftur ve olmaya devam edecektir. Her zaman oldu\u011fu gibi bug\u00fcn de t\u00fct\u00fcn \u00fcreticilerimizin ve \u00e7ift\u00e7imizin yan\u0131nday\u0131z.&#8221;<\/p>\n<p>T\u00fct\u00fcn, Ad\u0131yaman&#8217;da on binlerce ailenin ge\u00e7im kayna\u011f\u0131 konumunda bulunuyor. \u00dcr\u00fcn, \u00f6zellikle deprem sonras\u0131 ekonomik toparlanma s\u00fcrecinde b\u00f6lge ekonomisinin \u00f6nemli bir dayana\u011f\u0131 olarak \u00f6ne \u00e7\u0131k\u0131yor. Teslimat s\u00fcrecindeki aksakl\u0131klar\u0131n \u00e7\u00f6z\u00fcm\u00fcne y\u00f6nelik Ankara&#8217;daki giri\u015fimlerin \u00f6n\u00fcm\u00fczdeki g\u00fcnlerde sonu\u00e7 vermesi bekleniyor.<\/p>\n<p>Kaynak : PERRE<\/p>\n","protected":false},"excerpt":{"rendered":"<p>ADIYAMAN (PERRE) &#8211; Murat KAYI\u015e &#8211; AK Parti Te\u015fkilat Ba\u015fkan Yard\u0131mc\u0131s\u0131 ve Ad\u0131yaman Milletvekili Mustafa Alkay\u0131\u015f, Ad\u0131yaman&#8217;da t\u00fct\u00fcn al\u0131m s\u00fcre\u00e7lerinde son g\u00fcnlerde ya\u015fanan aksakl\u0131klarla ilgili yapt\u0131\u011f\u0131 a\u00e7\u0131klamada, T\u00fct\u00fcn ve Alkol Dairesi Ba\u015fkan\u0131 U\u011fur Yal\u00e7\u0131n ile yap\u0131lan g\u00f6r\u00fc\u015fmenin ard\u0131ndan \u00fcreticilerin ma\u011fduriyetinin giderilmesi i\u00e7in s\u00fcrecin yak\u0131ndan takip edildi\u011fini belirtti.<\/p>\n","protected":false},"author":1,"featured_media":19343,"comment_status":"open","ping_status":"open","sticky":false,"template":"","format":"standard","meta":{"om_disable_all_campaigns":false,"_monsterinsights_skip_tracking":false,"_monsterinsights_sitenote_active":false,"_monsterinsights_sitenote_note":"","_monsterinsights_sitenote_category":0,"footnotes":""},"categories":[1,11],"tags":[559,540,680,767,1743],"aioseo_notices":[],"_links":{"self":[{"href":"https:\/\/www.hbrkahta.com\/index.php\/wp-json\/wp\/v2\/posts\/19342"}],"collection":[{"href":"https:\/\/www.hbrkahta.com\/index.php\/wp-json\/wp\/v2\/posts"}],"about":[{"href":"https:\/\/www.hbrkahta.com\/index.php\/wp-json\/wp\/v2\/types\/post"}],"author":[{"embeddable":true,"href":"https:\/\/www.hbrkahta.com\/index.php\/wp-json\/wp\/v2\/users\/1"}],"replies":[{"embeddable":true,"href":"https:\/\/www.hbrkahta.com\/index.php\/wp-json\/wp\/v2\/comments?post=19342"}],"version-history":[{"count":1,"href":"https:\/\/www.hbrkahta.com\/index.php\/wp-json\/wp\/v2\/posts\/19342\/revisions"}],"predecessor-version":[{"id":19344,"href":"https:\/\/www.hbrkahta.com\/index.php\/wp-json\/wp\/v2\/posts\/19342\/revisions\/19344"}],"wp:featuredmedia":[{"embeddable":true,"href":"https:\/\/www.hbrkahta.com\/index.php\/wp-json\/wp\/v2\/media\/19343"}],"wp:attachment":[{"href":"https:\/\/www.hbrkahta.com\/index.php\/wp-json\/wp\/v2\/media?parent=19342"}],"wp:term":[{"taxonomy":"category","embeddable":true,"href":"https:\/\/www.hbrkahta.com\/index.php\/wp-json\/wp\/v2\/categories?post=19342"},{"taxonomy":"post_tag","embeddable":true,"href":"https:\/\/www.hbrkahta.com\/index.php\/wp-json\/wp\/v2\/tags?post=19342"}],"curies":[{"name":"wp","href":"https:\/\/api.w.org\/{rel}","templated":true}]}}