{"id":19338,"date":"2025-10-20T17:12:03","date_gmt":"2025-10-20T14:12:03","guid":{"rendered":"https:\/\/www.hbrkahta.com\/?p=19338"},"modified":"2025-10-20T17:12:03","modified_gmt":"2025-10-20T14:12:03","slug":"resul-kurt-bu-guvene-layik-olmak-icin-daha-cok-calisacagiz","status":"publish","type":"post","link":"https:\/\/www.hbrkahta.com\/index.php\/2025\/10\/20\/resul-kurt-bu-guvene-layik-olmak-icin-daha-cok-calisacagiz\/","title":{"rendered":"Resul Kurt: \u2018Bu g\u00fcvene lay\u0131k olmak i\u00e7in daha \u00e7ok \u00e7al\u0131\u015faca\u011f\u0131z\u2019"},"content":{"rendered":"<p>Ad\u0131yaman Milletvekili Resul Kurt, ORC Ara\u015ft\u0131rma \u015eirketi&#8217;nin &#8220;En y\u00fcksek g\u00f6rev onay\u0131na sahip ilk 20 milletvekili&#8221; listesinde yer ald\u0131.<\/p>\n<p>Anket sonu\u00e7lar\u0131na g\u00f6re CHP&#8217;den 10, AK Parti&#8217;den 6, \u0130Y\u0130 Parti&#8217;den 2, DEM Parti&#8217;den 1 ve Gelecek Partisi&#8217;nden 1 milletvekili listeye girdi. Ad\u0131yaman&#8217;dan AK Parti Milletvekili Do\u00e7. Dr. Resul Kurt, y\u00fczde 30,2 oranla ilk 20 aras\u0131nda yer ald\u0131.<\/p>\n<p>&#8216;Ad\u0131yamanl\u0131 hem\u015fehrilerimin deste\u011fi en b\u00fcy\u00fck motivasyon kayna\u011f\u0131m&#8217;<\/p>\n<p>AK Parti Ad\u0131yaman Milletvekili Do\u00e7. Dr. Resul Kurt, PERRE Haber Ajans\u0131&#8217;na yapt\u0131\u011f\u0131 a\u00e7\u0131klamada, kendisine duyulan g\u00fcvenin b\u00fcy\u00fck bir onur oldu\u011fu kadar \u00f6nemli bir sorumluluk da getirdi\u011fini belirtti:<\/p>\n<p>&#8220;Bu listede yer almak benim i\u00e7in b\u00fcy\u00fck bir gurur ve ayn\u0131 zamanda b\u00fcy\u00fck bir sorumluluktur. Ba\u015fta Ad\u0131yaman&#8217;daki k\u0131ymetli hem\u015fehrilerim olmak \u00fczere, T\u00fcrkiye&#8217;nin d\u00f6rt bir yan\u0131ndan \u015fahs\u0131ma ve partimize destek veren t\u00fcm vatanda\u015flar\u0131m\u0131za en i\u00e7ten te\u015fekk\u00fcrlerimi sunuyorum. Bu destek, bizim daha \u00e7ok \u00e7al\u0131\u015fmam\u0131z gerekti\u011finin a\u00e7\u0131k bir g\u00f6stergesidir.&#8221;<\/p>\n<p><img decoding=\"async\" alt=\"\" src=\"https:\/\/www.hbrkahta.com\/wp-content\/uploads\/2025\/10\/resul-kurt-bu-guvene-layik-olmak-icin-daha-cok-calisacagiz-0-GCkzSp7d.jpg\"><\/p>\n<p>&#8216;Milletimizin sesi olmaya devam edece\u011fiz&#8217;<\/p>\n<p>Kurt, siyaseti ki\u015fisel \u00e7\u0131karlar i\u00e7in de\u011fil, halk\u0131n sesi olmak i\u00e7in yapt\u0131\u011f\u0131n\u0131 vurgulayarak s\u00f6zlerini \u015f\u00f6yle s\u00fcrd\u00fcrd\u00fc:<\/p>\n<p>&#8220;Bizim siyaset anlay\u0131\u015f\u0131m\u0131z; laf \u00fcretmek de\u011fil, i\u015f \u00fcretmek, milletin derdine \u00e7\u00f6z\u00fcm bulmakt\u0131r. Ad\u0131yaman&#8217;\u0131n kalk\u0131nmas\u0131, deprem sonras\u0131 toparlanma s\u00fcrecinin h\u0131zlanmas\u0131, \u00fcreticimizin, esnaf\u0131m\u0131z\u0131n, \u00e7ift\u00e7imizin sorunlar\u0131n\u0131n \u00e7\u00f6z\u00fclmesi i\u00e7in \u00e7al\u0131\u015fmaya devam edece\u011fiz. Milletimizin sesi olmaya, hakikat ve adalet \u00e7izgisinde siyaset yapmaya devam edece\u011fiz.&#8221;<\/p>\n<p>Listenin dikkat \u00e7eken isimleri<\/p>\n<p>ORC ara\u015ft\u0131rmas\u0131na g\u00f6re, en y\u00fcksek g\u00f6rev onay\u0131na sahip milletvekili y\u00fczde 46,2 ile CHP Mersin Milletvekili Ali Mahir Ba\u015far\u0131r oldu. Onu s\u0131ras\u0131yla AK Parti Hatay Milletvekili H\u00fcseyin Yayman ve CHP \u015eanl\u0131urfa Milletvekili Mahmut Tanal izledi.<\/p>\n<p>AK Parti&#8217;den listeye giren di\u011fer isimler: H\u00fcseyin Yayman (Hatay), K\u00fcr\u015fad Zorlu (Ankara), Osman G\u00f6k\u00e7ek (Ankara), \u00c7i\u011fdem Karaaslan (Samsun), Resul Kurt (Ad\u0131yaman) ve Mustafa Varank (Bursa).<\/p>\n<p>ORC&#8217;nin ara\u015ft\u0131rmas\u0131, milletvekillerinin kendi se\u00e7im b\u00f6lgelerinde nas\u0131l bir g\u00fcven taban\u0131 olu\u015fturduklar\u0131n\u0131 ortaya koyarken, se\u00e7menlerin beklenti ve siyasi e\u011filimlerine ili\u015fkin \u00f6nemli bir g\u00f6sterge olarak de\u011ferlendiriliyor.<\/p>\n<p>Kaynak : PERRE<\/p>\n","protected":false},"excerpt":{"rendered":"<p>ADIYAMAN (PERRE) &#8211; \u015eeriban \u00d6Z\u00c7AKMAK &#8211; ORC Ara\u015ft\u0131rma \u015eirketi&#8217;nin 10-17 Ekim 2025 tarihleri aras\u0131nda 12 bin 600 kat\u0131l\u0131mc\u0131yla ger\u00e7ekle\u015ftirdi\u011fi anketin sonu\u00e7lar\u0131na g\u00f6re, T\u00fcrkiye genelinde kendi illerinde en y\u00fcksek g\u00f6rev onay\u0131na sahip ilk 20 milletvekili belli oldu.<\/p>\n","protected":false},"author":1,"featured_media":19339,"comment_status":"open","ping_status":"open","sticky":false,"template":"","format":"standard","meta":{"om_disable_all_campaigns":false,"_monsterinsights_skip_tracking":false,"_monsterinsights_sitenote_active":false,"_monsterinsights_sitenote_note":"","_monsterinsights_sitenote_category":0,"footnotes":""},"categories":[1,11],"tags":[559,540,132,129],"aioseo_notices":[],"_links":{"self":[{"href":"https:\/\/www.hbrkahta.com\/index.php\/wp-json\/wp\/v2\/posts\/19338"}],"collection":[{"href":"https:\/\/www.hbrkahta.com\/index.php\/wp-json\/wp\/v2\/posts"}],"about":[{"href":"https:\/\/www.hbrkahta.com\/index.php\/wp-json\/wp\/v2\/types\/post"}],"author":[{"embeddable":true,"href":"https:\/\/www.hbrkahta.com\/index.php\/wp-json\/wp\/v2\/users\/1"}],"replies":[{"embeddable":true,"href":"https:\/\/www.hbrkahta.com\/index.php\/wp-json\/wp\/v2\/comments?post=19338"}],"version-history":[{"count":1,"href":"https:\/\/www.hbrkahta.com\/index.php\/wp-json\/wp\/v2\/posts\/19338\/revisions"}],"predecessor-version":[{"id":19341,"href":"https:\/\/www.hbrkahta.com\/index.php\/wp-json\/wp\/v2\/posts\/19338\/revisions\/19341"}],"wp:featuredmedia":[{"embeddable":true,"href":"https:\/\/www.hbrkahta.com\/index.php\/wp-json\/wp\/v2\/media\/19339"}],"wp:attachment":[{"href":"https:\/\/www.hbrkahta.com\/index.php\/wp-json\/wp\/v2\/media?parent=19338"}],"wp:term":[{"taxonomy":"category","embeddable":true,"href":"https:\/\/www.hbrkahta.com\/index.php\/wp-json\/wp\/v2\/categories?post=19338"},{"taxonomy":"post_tag","embeddable":true,"href":"https:\/\/www.hbrkahta.com\/index.php\/wp-json\/wp\/v2\/tags?post=19338"}],"curies":[{"name":"wp","href":"https:\/\/api.w.org\/{rel}","templated":true}]}}