{"id":19323,"date":"2025-10-20T15:12:22","date_gmt":"2025-10-20T12:12:22","guid":{"rendered":"https:\/\/www.hbrkahta.com\/?p=19323"},"modified":"2025-10-20T15:12:22","modified_gmt":"2025-10-20T12:12:22","slug":"milletvekili-alkayis-yerli-tohum-guclu-tarimin-ve-bagimsiz-turkiyenin-teminatidir","status":"publish","type":"post","link":"https:\/\/www.hbrkahta.com\/index.php\/2025\/10\/20\/milletvekili-alkayis-yerli-tohum-guclu-tarimin-ve-bagimsiz-turkiyenin-teminatidir\/","title":{"rendered":"Milletvekili Alkay\u0131\u015f: \u2018Yerli tohum, g\u00fc\u00e7l\u00fc tar\u0131m\u0131n ve ba\u011f\u0131ms\u0131z T\u00fcrkiye\u2019nin teminat\u0131d\u0131r\u2019"},"content":{"rendered":"<p>T\u00fcrkiye Tohumcular Birli\u011fi (T\u00dcRKTOB) 17. Ola\u011fan Genel Kurulu, \u00f6nceki d\u00f6nem Tar\u0131m ve Orman Bakan\u0131, TBMM Tar\u0131m, Orman ve K\u00f6yi\u015fleri Komisyonu Ba\u015fkan\u0131 Prof. Dr. Vahit Kiri\u015fci ve AK Parti Te\u015fkilat Ba\u015fkan Yard\u0131mc\u0131s\u0131, Ad\u0131yaman Milletvekili Mustafa Alkay\u0131\u015f&#8217;\u0131n kat\u0131l\u0131m\u0131yla ger\u00e7ekle\u015ftirildi.<\/p>\n<p>Genel kurulda konu\u015fan Mustafa Alkay\u0131\u015f, tar\u0131m ve tohumculuk sekt\u00f6rlerinin T\u00fcrkiye&#8217;nin gelece\u011fi a\u00e7\u0131s\u0131ndan stratejik \u00f6nem ta\u015f\u0131d\u0131\u011f\u0131n\u0131 belirterek, &#8220;Yerli tohum, g\u00fc\u00e7l\u00fc tar\u0131m\u0131n ve ba\u011f\u0131ms\u0131z T\u00fcrkiye&#8217;nin teminat\u0131d\u0131r. AK Parti iktidarlar\u0131m\u0131z d\u00f6neminde tohumculuk alan\u0131nda at\u0131lan ad\u0131mlar, sadece \u00fcretim politikas\u0131 de\u011fil; ayn\u0131 zamanda \u00fclkemizin tar\u0131msal ba\u011f\u0131ms\u0131zl\u0131\u011f\u0131n\u0131, g\u0131da g\u00fcvenli\u011fini ve \u00e7ift\u00e7imizin al\u0131n terini koruma m\u00fccadelesidir&#8221; dedi.<\/p>\n<p>Milletvekili Alkay\u0131\u015f, AK Parti&#8217;nin yerli \u00fcretimi \u00f6nceleyen politikalar\u0131n\u0131n, \u00e7ift\u00e7ilerin emeklerini berekete d\u00f6n\u00fc\u015ft\u00fcrd\u00fc\u011f\u00fcn\u00fc ifade ederek, &#8220;Bug\u00fcn T\u00fcrkiye, \u0131slah edilen binlerce yerli tohum \u00e7e\u015fidiyle hem kendi ihtiyac\u0131n\u0131 kar\u015f\u0131layabilen hem de d\u00fcnyan\u0131n bir\u00e7ok \u00fclkesine tohum ihra\u00e7 eden bir \u00fclke konumuna gelmi\u015ftir. Bu ba\u015far\u0131, \u00e7ift\u00e7imizin gayretiyle, devletimizin deste\u011fiyle ve milletimizin \u00fcretim azmiyle m\u00fcmk\u00fcn olmu\u015ftur&#8221; diye konu\u015ftu.<\/p>\n<p>Tohumun yaln\u0131zca topra\u011fa d\u00fc\u015fen bir dane de\u011fil, bir milletin gelece\u011fe dair umudu oldu\u011funu vurgulayan Milletvekili Alkay\u0131\u015f, &#8220;Tar\u0131mda s\u00fcrd\u00fcr\u00fclebilirlik, ancak yerli \u00fcretim ve g\u00fc\u00e7l\u00fc Ar-Ge yat\u0131r\u0131mlar\u0131yla m\u00fcmk\u00fcnd\u00fcr. AK Parti olarak, bu alandaki yat\u0131r\u0131mlar\u0131 art\u0131rmaya; \u00fcreticimizi desteklemeye, \u00fclkemizi tohumda tamamen yerli ve mill&icirc; bir yap\u0131ya kavu\u015fturmaya kararl\u0131y\u0131z&#8221; dedi.<\/p>\n<p>Genel kurullar\u0131n, sekt\u00f6r\u00fcn ortak ak\u0131lla \u015fekillenmesi ve \u00fcretim g\u00fcc\u00fcn\u00fcn art\u0131r\u0131lmas\u0131 a\u00e7\u0131s\u0131ndan \u00f6nemli oldu\u011funu belirten Milletvekili Alkay\u0131\u015f, s\u00f6zlerini \u015fu ifadelerle tamamlad\u0131:<\/p>\n<p>&#8220;Bu vesileyle, T\u00fcrkiye Tohumcular Birli\u011fi&#8217;nin 17. Ola\u011fan Genel Kurulu&#8217;nun \u00fclkemiz tar\u0131m\u0131na, \u00fcreticilerimize ve tohumculuk sekt\u00f6r\u00fcne hay\u0131rlara vesile olmas\u0131n\u0131 diliyorum. Topra\u011fa d\u00fc\u015fen her yerli tohum, bu milletin bereketli gelece\u011fine at\u0131lm\u0131\u015f bir ad\u0131md\u0131r.&#8221;<\/p>\n<p>Kaynak : PERRE<\/p>\n","protected":false},"excerpt":{"rendered":"<p>ADIYAMAN (PERRE) &#8211; \u015eeriban \u00d6Z\u00c7AKMAK &#8211; T\u00fcrkiye Tohumcular Birli\u011fi&#8217;nin 17. Ola\u011fan Genel Kurulu&#8217;nda konu\u015fan AK Parti Te\u015fkilat Ba\u015fkan Yard\u0131mc\u0131s\u0131 ve Ad\u0131yaman Milletvekili Mustafa Alkay\u0131\u015f, yerli tohumun hem g\u00fc\u00e7l\u00fc tar\u0131m hem de \u00fclke ba\u011f\u0131ms\u0131zl\u0131\u011f\u0131 i\u00e7in stratejik \u00f6nem ta\u015f\u0131d\u0131\u011f\u0131n\u0131 vurgulad\u0131.<\/p>\n","protected":false},"author":1,"featured_media":0,"comment_status":"open","ping_status":"open","sticky":false,"template":"","format":"standard","meta":{"om_disable_all_campaigns":false,"_monsterinsights_skip_tracking":false,"_monsterinsights_sitenote_active":false,"_monsterinsights_sitenote_note":"","_monsterinsights_sitenote_category":0,"footnotes":""},"categories":[1,11],"tags":[540,102,1517,197,2796],"aioseo_notices":[],"_links":{"self":[{"href":"https:\/\/www.hbrkahta.com\/index.php\/wp-json\/wp\/v2\/posts\/19323"}],"collection":[{"href":"https:\/\/www.hbrkahta.com\/index.php\/wp-json\/wp\/v2\/posts"}],"about":[{"href":"https:\/\/www.hbrkahta.com\/index.php\/wp-json\/wp\/v2\/types\/post"}],"author":[{"embeddable":true,"href":"https:\/\/www.hbrkahta.com\/index.php\/wp-json\/wp\/v2\/users\/1"}],"replies":[{"embeddable":true,"href":"https:\/\/www.hbrkahta.com\/index.php\/wp-json\/wp\/v2\/comments?post=19323"}],"version-history":[{"count":1,"href":"https:\/\/www.hbrkahta.com\/index.php\/wp-json\/wp\/v2\/posts\/19323\/revisions"}],"predecessor-version":[{"id":19324,"href":"https:\/\/www.hbrkahta.com\/index.php\/wp-json\/wp\/v2\/posts\/19323\/revisions\/19324"}],"wp:attachment":[{"href":"https:\/\/www.hbrkahta.com\/index.php\/wp-json\/wp\/v2\/media?parent=19323"}],"wp:term":[{"taxonomy":"category","embeddable":true,"href":"https:\/\/www.hbrkahta.com\/index.php\/wp-json\/wp\/v2\/categories?post=19323"},{"taxonomy":"post_tag","embeddable":true,"href":"https:\/\/www.hbrkahta.com\/index.php\/wp-json\/wp\/v2\/tags?post=19323"}],"curies":[{"name":"wp","href":"https:\/\/api.w.org\/{rel}","templated":true}]}}