{"id":19276,"date":"2025-10-19T18:24:04","date_gmt":"2025-10-19T15:24:04","guid":{"rendered":"https:\/\/www.hbrkahta.com\/?p=19276"},"modified":"2025-10-19T18:24:04","modified_gmt":"2025-10-19T15:24:04","slug":"baskan-alsan-muhtarlarimiz-devletle-vatandas-arasinda-guven-koprusudur","status":"publish","type":"post","link":"https:\/\/www.hbrkahta.com\/index.php\/2025\/10\/19\/baskan-alsan-muhtarlarimiz-devletle-vatandas-arasinda-guven-koprusudur\/","title":{"rendered":"Ba\u015fkan Alsan: \u2018Muhtarlar\u0131m\u0131z, devletle vatanda\u015f aras\u0131nda g\u00fcven k\u00f6pr\u00fcs\u00fcd\u00fcr\u2019"},"content":{"rendered":"<p>Anahtar Parti Ad\u0131yaman \u0130l Ba\u015fkan\u0131 Emircan Ahmet Alsan, 19 Ekim Muhtarlar G\u00fcn\u00fc dolay\u0131s\u0131yla yay\u0131mlad\u0131\u011f\u0131 kutlama mesaj\u0131nda, muhtarlar\u0131n yerel y\u00f6netimlerdeki vazge\u00e7ilmez rol\u00fcne dikkat \u00e7ekti.<\/p>\n<p>Ba\u015fkan Alsan a\u00e7\u0131klamas\u0131nda, &#8220;Muhtarlar\u0131m\u0131z, devletin mahalledeki eli, milletin vicdan\u0131ndaki sesidir. Vatanda\u015f\u0131n sorunlar\u0131n\u0131 en yak\u0131ndan bilen, \u00e7\u00f6z\u00fcm i\u00e7in \u00e7aba g\u00f6steren ve yerel y\u00f6netimlerin sa\u011fl\u0131kl\u0131 i\u015fleyi\u015fine y\u00f6n veren muhtarlar\u0131m\u0131z, demokrasinin ilk halkas\u0131n\u0131 olu\u015fturmaktad\u0131r. Onlar, halk\u0131n iradesinin do\u011frudan tecelli etti\u011fi en samimi temsilcilerimizdir&#8221; ifadelerini kulland\u0131.<\/p>\n<p>Anahtar Parti&#8217;nin yerel y\u00f6netim anlay\u0131\u015f\u0131na da de\u011finen Ba\u015fkan Alsan, demokrasinin yerelden g\u00fc\u00e7lenmesi gerekti\u011fini vurgulad\u0131. &#8220;Biz Anahtar Parti olarak, demokrasinin merkezde de\u011fil, yerelde g\u00fc\u00e7lenmesi gerekti\u011fine inan\u0131yoruz. Muhtarlar\u0131m\u0131z\u0131n yetkilerinin art\u0131r\u0131lmas\u0131, kaynaklara eri\u015fimlerinin kolayla\u015ft\u0131r\u0131lmas\u0131 ve karar s\u00fcre\u00e7lerine etkin kat\u0131l\u0131mlar\u0131, adaletli ve g\u00fc\u00e7l\u00fc bir T\u00fcrkiye&#8217;nin in\u015fas\u0131nda kritik bir \u00f6neme sahiptir. \u00c7\u00fcnk\u00fc ger\u00e7ek kalk\u0131nma, halk\u0131n do\u011frudan temsil edildi\u011fi yerelden ba\u015flar&#8221; dedi.<\/p>\n<p>A\u00e7\u0131klamas\u0131n\u0131n sonunda Ad\u0131yaman&#8217;daki t\u00fcm muhtarlara te\u015fekk\u00fcr eden Ba\u015fkan Alsan, &#8220;Ad\u0131yaman&#8217;\u0131n her k\u00f6y\u00fcnde, her mahallesinde vatanda\u015f\u0131n derdini dinleyen, hizmet i\u00e7in gece g\u00fcnd\u00fcz \u00e7al\u0131\u015fan t\u00fcm muhtarlar\u0131m\u0131za \u015f\u00fckranlar\u0131m\u0131 sunuyorum. 19 Ekim Muhtarlar G\u00fcn\u00fc&#8217;n\u00fc en i\u00e7ten dileklerimle kutluyor, g\u00f6revlerinde ba\u015far\u0131 ve kolayl\u0131klar diliyorum&#8221; ifadelerine yer verdi.<\/p>\n<p>Kaynak : PERRE<\/p>\n","protected":false},"excerpt":{"rendered":"<p>ADIYAMAN (PERRE) &#8211; \u015eeriban \u00d6Z\u00c7AKMAK &#8211; Anahtar Parti Ad\u0131yaman \u0130l Ba\u015fkan\u0131 Emircan Ahmet Alsan, 19 Ekim Muhtarlar G\u00fcn\u00fc dolay\u0131s\u0131yla yay\u0131mlad\u0131\u011f\u0131 mesajda muhtarlar\u0131n demokrasinin temel ta\u015f\u0131 oldu\u011funu belirterek, &#8220;Muhtarlar\u0131m\u0131z halk\u0131n nabz\u0131n\u0131 tutan, devletle vatanda\u015f aras\u0131nda g\u00fcven k\u00f6pr\u00fcs\u00fc kuran ki\u015filerdir&#8221; dedi.<\/p>\n","protected":false},"author":1,"featured_media":19277,"comment_status":"open","ping_status":"open","sticky":false,"template":"","format":"standard","meta":{"om_disable_all_campaigns":false,"_monsterinsights_skip_tracking":false,"_monsterinsights_sitenote_active":false,"_monsterinsights_sitenote_note":"","_monsterinsights_sitenote_category":0,"footnotes":""},"categories":[1,11],"tags":[942,856],"aioseo_notices":[],"_links":{"self":[{"href":"https:\/\/www.hbrkahta.com\/index.php\/wp-json\/wp\/v2\/posts\/19276"}],"collection":[{"href":"https:\/\/www.hbrkahta.com\/index.php\/wp-json\/wp\/v2\/posts"}],"about":[{"href":"https:\/\/www.hbrkahta.com\/index.php\/wp-json\/wp\/v2\/types\/post"}],"author":[{"embeddable":true,"href":"https:\/\/www.hbrkahta.com\/index.php\/wp-json\/wp\/v2\/users\/1"}],"replies":[{"embeddable":true,"href":"https:\/\/www.hbrkahta.com\/index.php\/wp-json\/wp\/v2\/comments?post=19276"}],"version-history":[{"count":1,"href":"https:\/\/www.hbrkahta.com\/index.php\/wp-json\/wp\/v2\/posts\/19276\/revisions"}],"predecessor-version":[{"id":19278,"href":"https:\/\/www.hbrkahta.com\/index.php\/wp-json\/wp\/v2\/posts\/19276\/revisions\/19278"}],"wp:featuredmedia":[{"embeddable":true,"href":"https:\/\/www.hbrkahta.com\/index.php\/wp-json\/wp\/v2\/media\/19277"}],"wp:attachment":[{"href":"https:\/\/www.hbrkahta.com\/index.php\/wp-json\/wp\/v2\/media?parent=19276"}],"wp:term":[{"taxonomy":"category","embeddable":true,"href":"https:\/\/www.hbrkahta.com\/index.php\/wp-json\/wp\/v2\/categories?post=19276"},{"taxonomy":"post_tag","embeddable":true,"href":"https:\/\/www.hbrkahta.com\/index.php\/wp-json\/wp\/v2\/tags?post=19276"}],"curies":[{"name":"wp","href":"https:\/\/api.w.org\/{rel}","templated":true}]}}