{"id":19247,"date":"2025-10-19T15:36:04","date_gmt":"2025-10-19T12:36:04","guid":{"rendered":"https:\/\/www.hbrkahta.com\/?p=19247"},"modified":"2025-10-19T15:36:04","modified_gmt":"2025-10-19T12:36:04","slug":"turkav-adiyaman-subesinden-ambulans-kazasi-sonrasi-gecmis-olsun-mesaji","status":"publish","type":"post","link":"https:\/\/www.hbrkahta.com\/index.php\/2025\/10\/19\/turkav-adiyaman-subesinden-ambulans-kazasi-sonrasi-gecmis-olsun-mesaji\/","title":{"rendered":"T\u00dcRKAV Ad\u0131yaman \u015eubesi\u2019nden ambulans kazas\u0131 sonras\u0131 \u2018ge\u00e7mi\u015f olsun\u2019 mesaj\u0131"},"content":{"rendered":"<p>T\u00fcrkiye Kamu \u00c7al\u0131\u015fanlar\u0131 Vakf\u0131 (T\u00dcRKAV) Ad\u0131yaman \u015eubesi Ba\u015fkan\u0131 Yusuf Babar, Ad\u0131yaman&#8217;da ya\u015fanan \u00fcz\u00fcc\u00fc olay\u0131n ard\u0131ndan yapt\u0131\u011f\u0131 a\u00e7\u0131klamada, yaral\u0131 i\u015f\u00e7ileri ta\u015f\u0131yan ambulans\u0131n kaza yapmas\u0131n\u0131n herkesi derinden \u00fczd\u00fc\u011f\u00fcn\u00fc belirtti.<\/p>\n<p>Ba\u015fkan Babar, g\u00f6revleri ba\u015f\u0131nda fedak&acirc;rca m\u00fccadele eden sa\u011fl\u0131k \u00e7al\u0131\u015fanlar\u0131n\u0131n ya\u015fad\u0131\u011f\u0131 kazada yaralanan ambulans g\u00f6revlilerine ge\u00e7mi\u015f olsun dileklerini ilettiklerini ifade ederek, &#8220;T\u00fcrkiye Kamu \u00c7al\u0131\u015fanlar\u0131 Vakf\u0131 &#8211; Ad\u0131yaman \u015eubesi olarak, halk sa\u011fl\u0131\u011f\u0131 i\u00e7in gece g\u00fcnd\u00fcz demeden \u00e7al\u0131\u015fan sa\u011fl\u0131k emek\u00e7ilerimizin her zaman yan\u0131nday\u0131z. Rabbim t\u00fcm yaral\u0131lar\u0131m\u0131za acil \u015fifalar versin, b\u00f6yle olaylar\u0131n bir daha ya\u015fanmamas\u0131n\u0131 temenni ediyoruz&#8221; dedi.<\/p>\n<p>Kaynak : PERRE<\/p>\n","protected":false},"excerpt":{"rendered":"<p>ADIYAMAN (PERRE) &#8211; \u015eeriban \u00d6Z\u00c7AKMAK- T\u00dcRKAV Ad\u0131yaman \u015eubesi Ba\u015fkan\u0131 Yusuf Babar, Ad\u0131yaman&#8217;da yaral\u0131 i\u015f\u00e7ileri ta\u015f\u0131yan ambulans\u0131n kaza yapmas\u0131 sonras\u0131 sa\u011fl\u0131k \u00e7al\u0131\u015fanlar\u0131na ge\u00e7mi\u015f olsun dileklerini iletti\u011fini a\u00e7\u0131klama yapt\u0131.<\/p>\n","protected":false},"author":1,"featured_media":19248,"comment_status":"open","ping_status":"open","sticky":false,"template":"","format":"standard","meta":{"om_disable_all_campaigns":false,"_monsterinsights_skip_tracking":false,"_monsterinsights_sitenote_active":false,"_monsterinsights_sitenote_note":"","_monsterinsights_sitenote_category":0,"footnotes":""},"categories":[1,11],"tags":[],"aioseo_notices":[],"_links":{"self":[{"href":"https:\/\/www.hbrkahta.com\/index.php\/wp-json\/wp\/v2\/posts\/19247"}],"collection":[{"href":"https:\/\/www.hbrkahta.com\/index.php\/wp-json\/wp\/v2\/posts"}],"about":[{"href":"https:\/\/www.hbrkahta.com\/index.php\/wp-json\/wp\/v2\/types\/post"}],"author":[{"embeddable":true,"href":"https:\/\/www.hbrkahta.com\/index.php\/wp-json\/wp\/v2\/users\/1"}],"replies":[{"embeddable":true,"href":"https:\/\/www.hbrkahta.com\/index.php\/wp-json\/wp\/v2\/comments?post=19247"}],"version-history":[{"count":1,"href":"https:\/\/www.hbrkahta.com\/index.php\/wp-json\/wp\/v2\/posts\/19247\/revisions"}],"predecessor-version":[{"id":19249,"href":"https:\/\/www.hbrkahta.com\/index.php\/wp-json\/wp\/v2\/posts\/19247\/revisions\/19249"}],"wp:featuredmedia":[{"embeddable":true,"href":"https:\/\/www.hbrkahta.com\/index.php\/wp-json\/wp\/v2\/media\/19248"}],"wp:attachment":[{"href":"https:\/\/www.hbrkahta.com\/index.php\/wp-json\/wp\/v2\/media?parent=19247"}],"wp:term":[{"taxonomy":"category","embeddable":true,"href":"https:\/\/www.hbrkahta.com\/index.php\/wp-json\/wp\/v2\/categories?post=19247"},{"taxonomy":"post_tag","embeddable":true,"href":"https:\/\/www.hbrkahta.com\/index.php\/wp-json\/wp\/v2\/tags?post=19247"}],"curies":[{"name":"wp","href":"https:\/\/api.w.org\/{rel}","templated":true}]}}