{"id":19225,"date":"2025-10-18T18:36:05","date_gmt":"2025-10-18T15:36:05","guid":{"rendered":"https:\/\/www.hbrkahta.com\/?p=19225"},"modified":"2025-10-18T18:36:05","modified_gmt":"2025-10-18T15:36:05","slug":"piyade-uzman-cavus-serkan-korkmaz-adiyamanda-son-yolculuguna-dualarla-ugurlandi","status":"publish","type":"post","link":"https:\/\/www.hbrkahta.com\/index.php\/2025\/10\/18\/piyade-uzman-cavus-serkan-korkmaz-adiyamanda-son-yolculuguna-dualarla-ugurlandi\/","title":{"rendered":"Piyade Uzman \u00c7avu\u015f Serkan Korkmaz Ad\u0131yaman\u2019da son yolculu\u011funa dualarla u\u011furland\u0131"},"content":{"rendered":"<p><span><span><span><span>Ad\u0131yaman Valisi Dr. Osman Varol, Yeni Mezarl\u0131k Camii&#8217;nde d\u00fczenlenen cenaze t\u00f6renine kat\u0131larak \u015fehidin ailesine taziye dileklerini iletti. T\u00f6rende askeri erkan, yerel y\u00f6neticiler, Siyasi Parti ve STK temsilcileri, vatanda\u015flar ile \u015fehit yak\u0131nlar\u0131 haz\u0131r bulundu.<\/span><\/span><\/span><\/span><\/p>\n<p><img decoding=\"async\" alt=\"\" src=\"https:\/\/www.hbrkahta.com\/wp-content\/uploads\/2025\/10\/piyade-uzman-cavus-serkan-korkmaz-adiyamanda-son-yolculuguna-dualarla-ugurlandi-0-mxkQypLV.jpg\"><\/p>\n<p><span><span><span><span>&#8220;Aziz hat\u0131ras\u0131n\u0131 daima ya\u015fataca\u011f\u0131z&#8221;<\/span><\/span><\/span><\/span><\/p>\n<p><span><span><span><span>Vali Osman Varol, t\u00f6rende yapt\u0131\u011f\u0131 k\u0131sa a\u00e7\u0131klamada \u015fu ifadelere yer verdi:<\/span><\/span><\/span><\/span><\/p>\n<p><span><span><span><span>&#8220;Merhuma Allah&#8217;tan rahmet, ac\u0131l\u0131 ailesine ba\u015fsa\u011fl\u0131\u011f\u0131 ve sab\u0131r diliyoruz. G\u00f6nl\u00fcm\u00fczde ve y\u00fcre\u011fimizde aziz hat\u0131ras\u0131n\u0131 daima ya\u015fataca\u011f\u0131m\u0131z kahraman \u015fehidimizin ruhu \u015fad, mek&acirc;n\u0131 cennet olsun.&#8221;<\/span><\/span><\/span><\/span><\/p>\n<p><span><span><span><span>Dualar\u0131n ard\u0131ndan \u015fehidin naa\u015f\u0131, askerlerin omuzlar\u0131nda cenaze arac\u0131na ta\u015f\u0131nd\u0131. \u015eehit Korkmaz, Yeni Mezarl\u0131k&#8217;ta g\u00f6zya\u015flar\u0131 ve dualarla topra\u011fa verildi.<\/span><\/span><\/span><\/span><\/p>\n<p><img decoding=\"async\" alt=\"\" src=\"https:\/\/www.hbrkahta.com\/wp-content\/uploads\/2025\/10\/piyade-uzman-cavus-serkan-korkmaz-adiyamanda-son-yolculuguna-dualarla-ugurlandi-1-rZigrhCs.jpg\"><\/p>\n<p><span><span><span><span>Kaza Tatvan&#8217;da meydana geldi<\/span><\/span><\/span><\/span><\/p>\n<p><span><span><span><span>Piyade Uzman \u00c7avu\u015f Serkan Korkmaz, g\u00f6rev yapt\u0131\u011f\u0131 Bitlis 10&#8217;uncu Komando Tugay Komutanl\u0131\u011f\u0131 emrinde bulundu\u011fu s\u0131rada Tatvan il\u00e7esinde ge\u00e7irdi\u011fi trafik kazas\u0131nda a\u011f\u0131r yaralanm\u0131\u015f, kald\u0131r\u0131ld\u0131\u011f\u0131 hastanede yap\u0131lan t\u00fcm m\u00fcdahalelere ra\u011fmen kurtar\u0131lamam\u0131\u015ft\u0131.<\/span><\/span><\/span><\/span><\/p>\n<p><img decoding=\"async\" alt=\"\" src=\"https:\/\/www.hbrkahta.com\/wp-content\/uploads\/2025\/10\/piyade-uzman-cavus-serkan-korkmaz-adiyamanda-son-yolculuguna-dualarla-ugurlandi-2-FwQDxlP7.jpg\"><\/p>\n<p><span><span><span><span>Ac\u0131 haberin ula\u015fmas\u0131n\u0131n ard\u0131ndan \u015fehidin Ad\u0131yaman&#8217;daki baba oca\u011f\u0131na T\u00fcrk bayraklar\u0131 as\u0131ld\u0131, mahallede b\u00fcy\u00fck bir \u00fcz\u00fcnt\u00fc ya\u015fand\u0131. \u015eehit Serkan Korkmaz&#8217;\u0131n cenaze t\u00f6renine \u00e7ok say\u0131da vatanda\u015f kat\u0131ld\u0131. T\u00f6rende aile bireylerinin g\u00f6zya\u015flar\u0131 y\u00fcrekleri da\u011flad\u0131. \u015eehidin naa\u015f\u0131, memleketi Ad\u0131yaman&#8217;da topra\u011fa verildi.<\/span><\/span><\/span><\/span><\/p>\n<p>Kaynak : PERRE<\/p>\n","protected":false},"excerpt":{"rendered":"<p>ADIYAMAN (PERRE) &#8211; Murat KAYI\u015e &#8211; Bitlis Tatvan&#8217;da meydana gelen trafik kazas\u0131nda \u015fehit olan Piyade Uzman \u00c7avu\u015f Serkan Korkmaz, memleketi Ad\u0131yaman&#8217;da son yolculu\u011funa u\u011furland\u0131.<\/p>\n","protected":false},"author":1,"featured_media":19226,"comment_status":"open","ping_status":"open","sticky":false,"template":"","format":"standard","meta":{"om_disable_all_campaigns":false,"_monsterinsights_skip_tracking":false,"_monsterinsights_sitenote_active":false,"_monsterinsights_sitenote_note":"","_monsterinsights_sitenote_category":0,"footnotes":""},"categories":[1,11],"tags":[],"aioseo_notices":[],"_links":{"self":[{"href":"https:\/\/www.hbrkahta.com\/index.php\/wp-json\/wp\/v2\/posts\/19225"}],"collection":[{"href":"https:\/\/www.hbrkahta.com\/index.php\/wp-json\/wp\/v2\/posts"}],"about":[{"href":"https:\/\/www.hbrkahta.com\/index.php\/wp-json\/wp\/v2\/types\/post"}],"author":[{"embeddable":true,"href":"https:\/\/www.hbrkahta.com\/index.php\/wp-json\/wp\/v2\/users\/1"}],"replies":[{"embeddable":true,"href":"https:\/\/www.hbrkahta.com\/index.php\/wp-json\/wp\/v2\/comments?post=19225"}],"version-history":[{"count":1,"href":"https:\/\/www.hbrkahta.com\/index.php\/wp-json\/wp\/v2\/posts\/19225\/revisions"}],"predecessor-version":[{"id":19230,"href":"https:\/\/www.hbrkahta.com\/index.php\/wp-json\/wp\/v2\/posts\/19225\/revisions\/19230"}],"wp:featuredmedia":[{"embeddable":true,"href":"https:\/\/www.hbrkahta.com\/index.php\/wp-json\/wp\/v2\/media\/19226"}],"wp:attachment":[{"href":"https:\/\/www.hbrkahta.com\/index.php\/wp-json\/wp\/v2\/media?parent=19225"}],"wp:term":[{"taxonomy":"category","embeddable":true,"href":"https:\/\/www.hbrkahta.com\/index.php\/wp-json\/wp\/v2\/categories?post=19225"},{"taxonomy":"post_tag","embeddable":true,"href":"https:\/\/www.hbrkahta.com\/index.php\/wp-json\/wp\/v2\/tags?post=19225"}],"curies":[{"name":"wp","href":"https:\/\/api.w.org\/{rel}","templated":true}]}}