{"id":19211,"date":"2025-10-18T15:36:03","date_gmt":"2025-10-18T12:36:03","guid":{"rendered":"https:\/\/www.hbrkahta.com\/?p=19211"},"modified":"2025-10-18T15:36:03","modified_gmt":"2025-10-18T12:36:03","slug":"ak-parti-adiyaman-il-baskani-cadir-bu-kutlu-davanin-bir-neferi-olmaktan-onur-duyuyorum","status":"publish","type":"post","link":"https:\/\/www.hbrkahta.com\/index.php\/2025\/10\/18\/ak-parti-adiyaman-il-baskani-cadir-bu-kutlu-davanin-bir-neferi-olmaktan-onur-duyuyorum\/","title":{"rendered":"AK Parti Ad\u0131yaman \u0130l Ba\u015fkan\u0131 \u00c7ad\u0131r: \u2018Bu kutlu davan\u0131n bir neferi olmaktan onur duyuyorum\u2019"},"content":{"rendered":"<p>&#8220;T\u00fcrkiye Y\u00fczy\u0131l\u0131 hedeflerimize kararl\u0131l\u0131kla y\u00fcr\u00fcyece\u011fiz&#8221;<\/p>\n<p>\u00c7ad\u0131r, payla\u015f\u0131m\u0131nda \u015fu ifadelere yer verdi:<\/p>\n<p>&#8220;Bu kutlu g\u00f6revi \u015fahs\u0131ma tevdi eden, milletimizin umudu, davam\u0131z\u0131n lideri, Genel Ba\u015fkan\u0131m\u0131z ve Cumhurba\u015fkan\u0131m\u0131z Say\u0131n Recep Tayyip Erdo\u011fan&#8217;a en kalbi \u015f\u00fckranlar\u0131m\u0131 arz ediyorum.<\/p>\n<p>Ad\u0131yaman&#8217;\u0131m\u0131zda AK davam\u0131z\u0131n hizmet bayra\u011f\u0131n\u0131 daha y\u00fckse\u011fe ta\u015f\u0131mak, birlik, beraberlik ve karde\u015flik i\u00e7inde, Cumhurba\u015fkan\u0131m\u0131z\u0131n liderli\u011finde T\u00fcrkiye Y\u00fczy\u0131l\u0131 hedeflerimize ula\u015fmak ad\u0131na t\u00fcm te\u015fkilat mensuplar\u0131m\u0131zla azimle, kararl\u0131l\u0131kla ve samimiyetle yolumuza devam edece\u011fiz.&#8221;<\/p>\n<p>&#8220;Ad\u0131yaman&#8217;\u0131n samimiyetini siyasetin merkezine koyaca\u011f\u0131z&#8221;<\/p>\n<p>Ekrem G\u00fcrcan \u00c7ad\u0131r, mesaj\u0131n\u0131n devam\u0131nda Ad\u0131yaman&#8217;a hizmet vurgusu yapt\u0131:<\/p>\n<p>&#8220;Bizler, Ad\u0131yaman&#8217;\u0131n samimiyetini, vefas\u0131n\u0131 ve karde\u015fli\u011fini siyasetin merkezine koyan bir anlay\u0131\u015f\u0131n temsilcileriyiz. Bu topraklar\u0131n insan\u0131na hizmet etmek, Ad\u0131yaman&#8217;\u0131m\u0131z\u0131n her k\u00f6\u015fesine eser ve g\u00f6n\u00fcl siyasetini ta\u015f\u0131yarak Ad\u0131yaman&#8217;\u0131 eskisinden daha g\u00fczel k\u0131lana kadar \u00e7al\u0131\u015fmak bizim en b\u00fcy\u00fck vazifemizdir.&#8221;<\/p>\n<p>&#8220;Dualar\u0131n\u0131z\u0131 bekliyorum&#8221;<\/p>\n<p>Yeni \u0130l Ba\u015fkan\u0131, destek mesaj\u0131 veren te\u015fkilat mensuplar\u0131na da te\u015fekk\u00fcr ederek a\u00e7\u0131klamas\u0131n\u0131 \u015fu s\u00f6zlerle tamamlad\u0131:<\/p>\n<p>&#8220;Say\u0131n Cumhurba\u015fkan\u0131m\u0131za duydu\u011fu g\u00fcven ve destekleri i\u00e7in bir kez daha te\u015fekk\u00fcr ediyor, bu kutlu davan\u0131n bir neferi olmaktan onur duydu\u011fumu ifade ediyorum.<\/p>\n<p>Bu s\u00fcre\u00e7te bizlere destek olan t\u00fcm dava arkada\u015flar\u0131ma, te\u015fkilat mensuplar\u0131m\u0131za ve g\u00f6n\u00fcl dostlar\u0131m\u0131za te\u015fekk\u00fcr ediyor, Ad\u0131yamanl\u0131 hem\u015fehrilerimin dualar\u0131n\u0131 bekliyorum. Rabbim \u00e7\u0131kt\u0131\u011f\u0131m\u0131z bu yolda bizleri mahcup etmesin.&#8221;<\/p>\n<p>Kaynak : PERRE<\/p>\n","protected":false},"excerpt":{"rendered":"<p>ADIYAMAN (PERRE) &#8211; \u015eeriban \u00d6Z\u00c7AKMAK &#8211; D\u00fcn Dolmabah\u00e7e&#8217;de ger\u00e7ekle\u015fen g\u00f6r\u00fc\u015fmenin ard\u0131ndan AK Parti Ad\u0131yaman \u0130l Ba\u015fkanl\u0131\u011f\u0131 g\u00f6revine atanan Av. Ekrem G\u00fcrcan \u00c7ad\u0131r, sosyal medya hesab\u0131ndan yapt\u0131\u011f\u0131 a\u00e7\u0131klama ile Cumhurba\u015fkan\u0131 ve AK Parti Genel Ba\u015fkan\u0131 Recep Tayyip Erdo\u011fan&#8217;a te\u015fekk\u00fcr etti. \u00c7ad\u0131r, &#8220;AK Parti Ad\u0131yaman \u0130l Ba\u015fkanl\u0131\u011f\u0131 g\u00f6revine atanm\u0131\u015f olman\u0131n gururunu ve sorumlulu\u011funu derinden hissediyorum&#8221; ifadelerini kulland\u0131.<\/p>\n","protected":false},"author":1,"featured_media":19212,"comment_status":"open","ping_status":"open","sticky":false,"template":"","format":"standard","meta":{"om_disable_all_campaigns":false,"_monsterinsights_skip_tracking":false,"_monsterinsights_sitenote_active":false,"_monsterinsights_sitenote_note":"","_monsterinsights_sitenote_category":0,"footnotes":""},"categories":[1,11],"tags":[],"aioseo_notices":[],"_links":{"self":[{"href":"https:\/\/www.hbrkahta.com\/index.php\/wp-json\/wp\/v2\/posts\/19211"}],"collection":[{"href":"https:\/\/www.hbrkahta.com\/index.php\/wp-json\/wp\/v2\/posts"}],"about":[{"href":"https:\/\/www.hbrkahta.com\/index.php\/wp-json\/wp\/v2\/types\/post"}],"author":[{"embeddable":true,"href":"https:\/\/www.hbrkahta.com\/index.php\/wp-json\/wp\/v2\/users\/1"}],"replies":[{"embeddable":true,"href":"https:\/\/www.hbrkahta.com\/index.php\/wp-json\/wp\/v2\/comments?post=19211"}],"version-history":[{"count":1,"href":"https:\/\/www.hbrkahta.com\/index.php\/wp-json\/wp\/v2\/posts\/19211\/revisions"}],"predecessor-version":[{"id":19213,"href":"https:\/\/www.hbrkahta.com\/index.php\/wp-json\/wp\/v2\/posts\/19211\/revisions\/19213"}],"wp:featuredmedia":[{"embeddable":true,"href":"https:\/\/www.hbrkahta.com\/index.php\/wp-json\/wp\/v2\/media\/19212"}],"wp:attachment":[{"href":"https:\/\/www.hbrkahta.com\/index.php\/wp-json\/wp\/v2\/media?parent=19211"}],"wp:term":[{"taxonomy":"category","embeddable":true,"href":"https:\/\/www.hbrkahta.com\/index.php\/wp-json\/wp\/v2\/categories?post=19211"},{"taxonomy":"post_tag","embeddable":true,"href":"https:\/\/www.hbrkahta.com\/index.php\/wp-json\/wp\/v2\/tags?post=19211"}],"curies":[{"name":"wp","href":"https:\/\/api.w.org\/{rel}","templated":true}]}}