{"id":19190,"date":"2025-10-17T21:36:04","date_gmt":"2025-10-17T18:36:04","guid":{"rendered":"https:\/\/www.hbrkahta.com\/?p=19190"},"modified":"2025-10-17T21:36:04","modified_gmt":"2025-10-17T18:36:04","slug":"ak-parti-genel-merkez-teskilat-baskanligi-ekrem-cadir-atamasini-resmen-duyurdu","status":"publish","type":"post","link":"https:\/\/www.hbrkahta.com\/index.php\/2025\/10\/17\/ak-parti-genel-merkez-teskilat-baskanligi-ekrem-cadir-atamasini-resmen-duyurdu\/","title":{"rendered":"AK Parti Genel Merkez Te\u015fkilat Ba\u015fkanl\u0131\u011f\u0131, Ekrem \u00c7ad\u0131r atamas\u0131n\u0131 resmen duyurdu"},"content":{"rendered":"<p>&#8220;Ekrem G\u00fcrcan \u00c7ad\u0131r, AK Parti Ad\u0131yaman \u0130l Ba\u015fkan\u0131 oldu&#8221;<\/p>\n<p>Te\u015fkilat Ba\u015fkanl\u0131\u011f\u0131&#8217;n\u0131n yapt\u0131\u011f\u0131 payla\u015f\u0131mda \u015fu ifadelere yer verildi:<\/p>\n<p>&#8220;Genel Ba\u015fkan\u0131m\u0131z Sn. @RTErdogan&#8217;\u0131n tensipleriyle Ad\u0131yaman \u0130l Ba\u015fkanl\u0131\u011f\u0131na Sn. Ekrem G\u00fcrcan \u00c7ad\u0131r atanm\u0131\u015ft\u0131r. Bug\u00fcne kadar g\u00f6stermi\u015f oldu\u011fu \u00f6zverili \u00e7al\u0131\u015fmalar\u0131ndan dolay\u0131 Sn. Faruk B\u00fclent Kablan&#8217;a te\u015fekk\u00fcr ediyor, yeni g\u00f6revlendirilen il ba\u015fkan\u0131m\u0131za ba\u015far\u0131lar diliyoruz.&#8221;<\/p>\n<p>Erdo\u011fan kabul etti, atama Dolmabah\u00e7e&#8217;de netle\u015fti<\/p>\n<p>Ad\u0131yaman \u0130l Ba\u015fkanl\u0131\u011f\u0131 i\u00e7in aday olan d\u00f6rt isim &#8211; Ekrem G\u00fcrcan \u00c7ad\u0131r, Fehmi Y\u0131lmaz, Erdal Yaprak ve Abd\u00fclkadir Kurt &#8211; bug\u00fcn Cumhurba\u015fkan\u0131 ve AK Parti Genel Ba\u015fkan\u0131 Recep Tayyip Erdo\u011fan taraf\u0131ndan \u0130stanbul Dolmabah\u00e7e&#8217;de kabul edilmi\u015fti. G\u00f6r\u00fc\u015fmenin ard\u0131ndan yap\u0131lan de\u011ferlendirmeler sonucunda \u00c7ad\u0131r&#8217;\u0131n ismi \u00f6ne \u00e7\u0131karak il ba\u015fkanl\u0131\u011f\u0131 g\u00f6revine atand\u0131.<\/p>\n<p>Te\u015fkilatta yenilenme s\u00fcreci<\/p>\n<p>AK Parti, 2025 y\u0131l\u0131 siyasi takvimi ve te\u015fkilat yap\u0131lanmas\u0131 kapsam\u0131nda il ba\u015fkanl\u0131klar\u0131nda de\u011fi\u015fim s\u00fcrecini s\u00fcrd\u00fcr\u00fcyor. Ekrem G\u00fcrcan \u00c7ad\u0131r&#8217;\u0131n \u00f6n\u00fcm\u00fczdeki g\u00fcnlerde d\u00fczenlenecek bir t\u00f6renle g\u00f6revi devralmas\u0131 bekleniyor.<\/p>\n<p>Kaynak : PERRE<\/p>\n","protected":false},"excerpt":{"rendered":"<p>ADIYAMAN (PERRE) &#8211; \u015eeriban \u00d6Z\u00c7AKMAK &#8211; AK Parti Genel Merkez Te\u015fkilat Ba\u015fkanl\u0131\u011f\u0131, Ekrem G\u00fcrcan \u00c7ad\u0131r&#8217;\u0131n AK Parti Ad\u0131yaman \u0130l Ba\u015fkanl\u0131\u011f\u0131 g\u00f6revine atand\u0131\u011f\u0131n\u0131 resmen duyurdu. Parti, duyuruyu sosyal medya platformu X (eski ad\u0131yla Twitter) \u00fczerinden yapt\u0131.<\/p>\n","protected":false},"author":1,"featured_media":19191,"comment_status":"open","ping_status":"open","sticky":false,"template":"","format":"standard","meta":{"om_disable_all_campaigns":false,"_monsterinsights_skip_tracking":false,"_monsterinsights_sitenote_active":false,"_monsterinsights_sitenote_note":"","_monsterinsights_sitenote_category":0,"footnotes":""},"categories":[1,11],"tags":[564,535],"aioseo_notices":[],"_links":{"self":[{"href":"https:\/\/www.hbrkahta.com\/index.php\/wp-json\/wp\/v2\/posts\/19190"}],"collection":[{"href":"https:\/\/www.hbrkahta.com\/index.php\/wp-json\/wp\/v2\/posts"}],"about":[{"href":"https:\/\/www.hbrkahta.com\/index.php\/wp-json\/wp\/v2\/types\/post"}],"author":[{"embeddable":true,"href":"https:\/\/www.hbrkahta.com\/index.php\/wp-json\/wp\/v2\/users\/1"}],"replies":[{"embeddable":true,"href":"https:\/\/www.hbrkahta.com\/index.php\/wp-json\/wp\/v2\/comments?post=19190"}],"version-history":[{"count":1,"href":"https:\/\/www.hbrkahta.com\/index.php\/wp-json\/wp\/v2\/posts\/19190\/revisions"}],"predecessor-version":[{"id":19192,"href":"https:\/\/www.hbrkahta.com\/index.php\/wp-json\/wp\/v2\/posts\/19190\/revisions\/19192"}],"wp:featuredmedia":[{"embeddable":true,"href":"https:\/\/www.hbrkahta.com\/index.php\/wp-json\/wp\/v2\/media\/19191"}],"wp:attachment":[{"href":"https:\/\/www.hbrkahta.com\/index.php\/wp-json\/wp\/v2\/media?parent=19190"}],"wp:term":[{"taxonomy":"category","embeddable":true,"href":"https:\/\/www.hbrkahta.com\/index.php\/wp-json\/wp\/v2\/categories?post=19190"},{"taxonomy":"post_tag","embeddable":true,"href":"https:\/\/www.hbrkahta.com\/index.php\/wp-json\/wp\/v2\/tags?post=19190"}],"curies":[{"name":"wp","href":"https:\/\/api.w.org\/{rel}","templated":true}]}}