{"id":19187,"date":"2025-10-17T21:12:03","date_gmt":"2025-10-17T18:12:03","guid":{"rendered":"https:\/\/www.hbrkahta.com\/?p=19187"},"modified":"2025-10-17T21:12:03","modified_gmt":"2025-10-17T18:12:03","slug":"cumhurbaskani-recep-tayyip-erdogan-dort-aday-arasindan-cadiri-tercih-etti","status":"publish","type":"post","link":"https:\/\/www.hbrkahta.com\/index.php\/2025\/10\/17\/cumhurbaskani-recep-tayyip-erdogan-dort-aday-arasindan-cadiri-tercih-etti\/","title":{"rendered":"Cumhurba\u015fkan\u0131 Recep Tayyip Erdo\u011fan, d\u00f6rt aday aras\u0131ndan \u00c7ad\u0131r\u2019\u0131 tercih etti"},"content":{"rendered":"<p>Dolmabah\u00e7e&#8217;de kritik g\u00f6r\u00fc\u015fme<\/p>\n<p>Parti te\u015fkilat\u0131ndaki yeniden yap\u0131lanma s\u00fcreci kapsam\u0131nda Ad\u0131yaman \u0130l Ba\u015fkanl\u0131\u011f\u0131 i\u00e7in belirlenen d\u00f6rt aday, bug\u00fcn Cumhurba\u015fkan\u0131 Erdo\u011fan taraf\u0131ndan kabul edildi. G\u00f6r\u00fc\u015fmeye \u015fu isimler kat\u0131ld\u0131\u011f\u0131 bildirildi:<\/p>\n<p>Ekrem G\u00fcrcan \u00c7ad\u0131r<\/p>\n<p>Fehmi Y\u0131lmaz<\/p>\n<p>Erdal Yaprak<\/p>\n<p>Abd\u00fclkadir Kurt<\/p>\n<p>Cumhurba\u015fkan\u0131 Erdo\u011fan&#8217;\u0131n, her bir adayla ayr\u0131 ayr\u0131 g\u00f6r\u00fc\u015ferek te\u015fkilatla uyum, saha \u00e7al\u0131\u015fmalar\u0131, se\u00e7menle ili\u015fkiler ve partiye ba\u011fl\u0131l\u0131k gibi kriterleri de\u011ferlendirdi\u011fi \u00f6\u011frenildi. Bu de\u011ferlendirmeler sonucunda Ekrem G\u00fcrcan \u00c7ad\u0131r&#8217;\u0131n ismi \u00f6ne \u00e7\u0131kt\u0131.<\/p>\n<p>AK Parti&#8217;de il ba\u015fkanl\u0131\u011f\u0131 g\u00f6revini y\u00fcr\u00fcten Faruk B\u00fclent Kablan ge\u00e7ti\u011fimiz aylarda g\u00f6revden al\u0131nm\u0131\u015f ve kimin il ba\u015fkan\u0131 olaca\u011f\u0131na dair s\u00fcre\u00e7 ba\u015flam\u0131\u015ft\u0131. Ak Parti&#8217;de il ba\u015fkanl\u0131\u011f\u0131 atamalar\u0131, genel merkezde yap\u0131lan isti\u015farelerin ard\u0131ndan Cumhurba\u015fkan\u0131 Erdo\u011fan&#8217;\u0131n talimat\u0131yla \u015fekilleniyor. Ad\u0131yaman \u0130l Ba\u015fkanl\u0131\u011f\u0131&#8217;ndaki ataman\u0131n, 2025-2028 y\u0131l\u0131 siyasi takvimi ve yerel yap\u0131lanma hedefleri do\u011frultusunda at\u0131lan bir ad\u0131m oldu\u011fu ifade ediliyor.<\/p>\n<p>Yeni \u0130l Ba\u015fkan\u0131 Ekrem G\u00fcrcan \u00c7ad\u0131r&#8217;\u0131n, \u00f6n\u00fcm\u00fczdeki g\u00fcnlerde d\u00fczenlenecek bir t\u00f6renle g\u00f6revi resmen devralmas\u0131 bekleniyor. Parti kaynaklar\u0131, ataman\u0131n ard\u0131ndan te\u015fkilat yap\u0131s\u0131nda baz\u0131 yeni d\u00fczenlemelerin de g\u00fcndeme gelebilece\u011fini aktard\u0131. AK Parti&#8217;nin bir\u00e7ok il te\u015fkilat\u0131nda benzer \u015fekilde yenilenme s\u00fcreci devam ederken, Cumhurba\u015fkan\u0131 Erdo\u011fan&#8217;\u0131n aday belirleme s\u00fcre\u00e7lerinde te\u015fkilat h&acirc;kimiyeti, sahadaki kar\u015f\u0131l\u0131k ve partiye sadakat kriterlerini \u00f6n planda tuttu\u011fu belirtiliyor.<\/p>\n<p>Kaynak : PERRE<\/p>\n","protected":false},"excerpt":{"rendered":"<p>ADIYAMAN (PERRE) &#8211; \u015eeriban \u00d6Z\u00c7AKMAK &#8211; AK Parti Ad\u0131yaman \u0130l Ba\u015fkanl\u0131\u011f\u0131&#8217;na Avukat Ekrem G\u00fcrcan \u00c7ad\u0131r atand\u0131. Resm\u00ee olmayan son dakika bilgilerine g\u00f6re karar, Cumhurba\u015fkan\u0131 ve AK Parti Genel Ba\u015fkan\u0131 Recep Tayyip Erdo\u011fan taraf\u0131ndan \u0130stanbul Dolmabah\u00e7e&#8217;de yap\u0131lan kritik g\u00f6r\u00fc\u015fmenin ard\u0131ndan verildi.<\/p>\n","protected":false},"author":1,"featured_media":19188,"comment_status":"open","ping_status":"open","sticky":false,"template":"","format":"standard","meta":{"om_disable_all_campaigns":false,"_monsterinsights_skip_tracking":false,"_monsterinsights_sitenote_active":false,"_monsterinsights_sitenote_note":"","_monsterinsights_sitenote_category":0,"footnotes":""},"categories":[1,11],"tags":[535,129,1712],"aioseo_notices":[],"_links":{"self":[{"href":"https:\/\/www.hbrkahta.com\/index.php\/wp-json\/wp\/v2\/posts\/19187"}],"collection":[{"href":"https:\/\/www.hbrkahta.com\/index.php\/wp-json\/wp\/v2\/posts"}],"about":[{"href":"https:\/\/www.hbrkahta.com\/index.php\/wp-json\/wp\/v2\/types\/post"}],"author":[{"embeddable":true,"href":"https:\/\/www.hbrkahta.com\/index.php\/wp-json\/wp\/v2\/users\/1"}],"replies":[{"embeddable":true,"href":"https:\/\/www.hbrkahta.com\/index.php\/wp-json\/wp\/v2\/comments?post=19187"}],"version-history":[{"count":1,"href":"https:\/\/www.hbrkahta.com\/index.php\/wp-json\/wp\/v2\/posts\/19187\/revisions"}],"predecessor-version":[{"id":19189,"href":"https:\/\/www.hbrkahta.com\/index.php\/wp-json\/wp\/v2\/posts\/19187\/revisions\/19189"}],"wp:featuredmedia":[{"embeddable":true,"href":"https:\/\/www.hbrkahta.com\/index.php\/wp-json\/wp\/v2\/media\/19188"}],"wp:attachment":[{"href":"https:\/\/www.hbrkahta.com\/index.php\/wp-json\/wp\/v2\/media?parent=19187"}],"wp:term":[{"taxonomy":"category","embeddable":true,"href":"https:\/\/www.hbrkahta.com\/index.php\/wp-json\/wp\/v2\/categories?post=19187"},{"taxonomy":"post_tag","embeddable":true,"href":"https:\/\/www.hbrkahta.com\/index.php\/wp-json\/wp\/v2\/tags?post=19187"}],"curies":[{"name":"wp","href":"https:\/\/api.w.org\/{rel}","templated":true}]}}