{"id":19165,"date":"2025-10-17T15:12:04","date_gmt":"2025-10-17T12:12:04","guid":{"rendered":"https:\/\/www.hbrkahta.com\/?p=19165"},"modified":"2025-10-17T15:12:04","modified_gmt":"2025-10-17T12:12:04","slug":"adiyaman-belediyesinden-su-faturalarina-iliskin-aciklama-paylasimlar-gercegi-yansitmamaktadir","status":"publish","type":"post","link":"https:\/\/www.hbrkahta.com\/index.php\/2025\/10\/17\/adiyaman-belediyesinden-su-faturalarina-iliskin-aciklama-paylasimlar-gercegi-yansitmamaktadir\/","title":{"rendered":"Ad\u0131yaman Belediyesi\u2019nden su faturalar\u0131na ili\u015fkin a\u00e7\u0131klama: &#8216;Payla\u015f\u0131mlar ger\u00e7e\u011fi yans\u0131tmamaktad\u0131r&#8217;"},"content":{"rendered":"<p><span><span><span><span>Ad\u0131yaman Belediyesi taraf\u0131ndan yap\u0131lan a\u00e7\u0131klamada, \u00f6zellikle sosyal medyada g\u00fcndeme gelen su faturas\u0131 \u00f6rne\u011finin kamuoyunda yanl\u0131\u015f bir alg\u0131 olu\u015fturdu\u011funa dikkat \u00e7ekilerek, \u015fu bilgilere yer verildi:<\/span><\/span><\/span><\/span><\/p>\n<p><span><span><span><span>&#8220;Son g\u00fcnlerde baz\u0131 bas\u0131n yay\u0131n organlar\u0131 ile sosyal medya hesaplar\u0131nda su faturalar\u0131na ili\u015fkin yan\u0131lt\u0131c\u0131 ve \u00e7arp\u0131t\u0131lm\u0131\u015f payla\u015f\u0131mlar yap\u0131lmaktad\u0131r. S\u00f6z konusu payla\u015f\u0131mlar ger\u00e7e\u011fi yans\u0131tmamaktad\u0131r. Payla\u015f\u0131mlara konu edilen fatura bir ayl\u0131k de\u011fil, \u00fc\u00e7 ayl\u0131k su t\u00fcketimine ili\u015fkin olup kullan\u0131lan su miktar\u0131 66 tondur. Belediyemiz taraf\u0131ndan su t\u00fcketimi kademeli olarak faturaland\u0131r\u0131lmaktad\u0131r. Su t\u00fcketim miktar\u0131 artt\u0131k\u00e7a kademeli olarak ton ba\u015f\u0131na su bedeli de artmaktad\u0131r. Bu abonemiz ortalama t\u00fcketimin iki kat\u0131 seviyesinde olup 4. kademe \u00fczerinden faturaland\u0131rma i\u015flemi ger\u00e7ekle\u015ftirilmi\u015ftir.&#8221;<\/span><\/span><\/span><\/span><\/p>\n<p><span><span><span><span>Ad\u0131yaman&#8217;da Su \u00dccreti \u00dclke Genelinde D\u00fc\u015f\u00fck<\/span><\/span><\/span><\/span><\/p>\n<p><span><span><span><span>A\u00e7\u0131klamada, Ad\u0131yaman Belediyesi&#8217;nin \u00fclke genelinde su bedeli en d\u00fc\u015f\u00fck belediyelerden biri oldu\u011funa da vurgu yap\u0131ld\u0131:<\/span><\/span><\/span><\/span><\/p>\n<p><span><span><span><span>&#8220;Ad\u0131yaman Belediyemiz, vergiler hari\u00e7 ton ba\u015f\u0131na 3,44 TL ile \u00fclkemiz genelinde su \u00fccretleri en d\u00fc\u015f\u00fck belediyelerin ba\u015f\u0131nda gelmektedir. B\u00f6lgemizde bulunan benzer \u00f6l\u00e7ekteki baz\u0131 belediyelerde ise vergiler hari\u00e7 ton ba\u015f\u0131na su \u00fccreti 5,98 TL, 7,06 TL, 9,21 TL ve 10,08 TL aral\u0131\u011f\u0131nda seyretmektedir.&#8221;<\/span><\/span><\/span><\/span><\/p>\n<p><span><span><span><span>Evsel Kat\u0131 At\u0131k \u00dccretlendirmesi Kanuni Zorunluluk<\/span><\/span><\/span><\/span><\/p>\n<p><span><span><span><span>Son olarak evsel kat\u0131 at\u0131k \u00fccretinin de tamamen yasal d\u00fczenlemelere dayand\u0131\u011f\u0131 belirtilerek \u015fu ifadelere yer verildi:<\/span><\/span><\/span><\/span><\/p>\n<p><span><span><span><span>&#8220;Evsel Kat\u0131 At\u0131k Bedeli, 2872 Say\u0131l\u0131 \u00c7evre Kanunu ile At\u0131k su Altyap\u0131 ve Evsel Kat\u0131 At\u0131k Bertaraf Tesislerinin Belirlenmesinde Uyulacak Usul ve Esaslara \u0130li\u015fkin Y\u00f6netmelik do\u011frultusunda kanuni bir zorunluluk olarak haz\u0131rlanm\u0131\u015ft\u0131r. Su faturas\u0131yla birlikte tahsil edilmesi yasal bir zorunluluk olan Evsel Kat\u0131 At\u0131k Bedeli i\u00e7in ilimizde ton ba\u015f\u0131na al\u0131nan \u00fccret 5 lira 25 kuru\u015ftur. Bu \u00fccretler, kanunun \u00f6ng\u00f6rd\u00fc\u011f\u00fc usul ve esaslara g\u00f6re belirlenmi\u015ftir.&#8221;<\/span><\/span><\/span><\/span><\/p>\n<p>Kaynak : PERRE<\/p>\n","protected":false},"excerpt":{"rendered":"<p>ADIYAMAN (PERRE) &#8211; \u015eeriban \u00d6Z\u00c7AKMAK &#8211; Ad\u0131yaman Belediyesi, son g\u00fcnlerde bas\u0131n yay\u0131n organlar\u0131 ve sosyal medya hesaplar\u0131nda yer alan su faturalar\u0131 ve evsel at\u0131k \u00fccretlendirmelerine ili\u015fkin kamuoyunu yan\u0131lt\u0131c\u0131 payla\u015f\u0131mlar nedeniyle yaz\u0131l\u0131 bir a\u00e7\u0131klama yapt\u0131.<\/p>\n","protected":false},"author":1,"featured_media":19166,"comment_status":"open","ping_status":"open","sticky":false,"template":"","format":"standard","meta":{"om_disable_all_campaigns":false,"_monsterinsights_skip_tracking":false,"_monsterinsights_sitenote_active":false,"_monsterinsights_sitenote_note":"","_monsterinsights_sitenote_category":0,"footnotes":""},"categories":[1,11],"tags":[540,2787,2785,2786,244],"aioseo_notices":[],"_links":{"self":[{"href":"https:\/\/www.hbrkahta.com\/index.php\/wp-json\/wp\/v2\/posts\/19165"}],"collection":[{"href":"https:\/\/www.hbrkahta.com\/index.php\/wp-json\/wp\/v2\/posts"}],"about":[{"href":"https:\/\/www.hbrkahta.com\/index.php\/wp-json\/wp\/v2\/types\/post"}],"author":[{"embeddable":true,"href":"https:\/\/www.hbrkahta.com\/index.php\/wp-json\/wp\/v2\/users\/1"}],"replies":[{"embeddable":true,"href":"https:\/\/www.hbrkahta.com\/index.php\/wp-json\/wp\/v2\/comments?post=19165"}],"version-history":[{"count":1,"href":"https:\/\/www.hbrkahta.com\/index.php\/wp-json\/wp\/v2\/posts\/19165\/revisions"}],"predecessor-version":[{"id":19167,"href":"https:\/\/www.hbrkahta.com\/index.php\/wp-json\/wp\/v2\/posts\/19165\/revisions\/19167"}],"wp:featuredmedia":[{"embeddable":true,"href":"https:\/\/www.hbrkahta.com\/index.php\/wp-json\/wp\/v2\/media\/19166"}],"wp:attachment":[{"href":"https:\/\/www.hbrkahta.com\/index.php\/wp-json\/wp\/v2\/media?parent=19165"}],"wp:term":[{"taxonomy":"category","embeddable":true,"href":"https:\/\/www.hbrkahta.com\/index.php\/wp-json\/wp\/v2\/categories?post=19165"},{"taxonomy":"post_tag","embeddable":true,"href":"https:\/\/www.hbrkahta.com\/index.php\/wp-json\/wp\/v2\/tags?post=19165"}],"curies":[{"name":"wp","href":"https:\/\/api.w.org\/{rel}","templated":true}]}}