{"id":19160,"date":"2025-10-17T14:24:06","date_gmt":"2025-10-17T11:24:06","guid":{"rendered":"https:\/\/www.hbrkahta.com\/?p=19160"},"modified":"2025-10-17T14:24:06","modified_gmt":"2025-10-17T11:24:06","slug":"vali-osman-varol-koylerdeki-ihtiyaclari-gorusmek-icin-toplanti-yapti","status":"publish","type":"post","link":"https:\/\/www.hbrkahta.com\/index.php\/2025\/10\/17\/vali-osman-varol-koylerdeki-ihtiyaclari-gorusmek-icin-toplanti-yapti\/","title":{"rendered":"Vali Osman Varol, k\u00f6ylerdeki ihtiya\u00e7lar\u0131 g\u00f6r\u00fc\u015fmek i\u00e7in toplant\u0131 yapt\u0131"},"content":{"rendered":"<p>Ad\u0131yaman Valisi Dr. Osman Varol, K\u00f6m\u00fcr Belediye Ba\u015fkan\u0131 Hasari Tala\u015f ve beraberindeki k\u00f6y muhtarlar\u0131yla toplant\u0131 ger\u00e7ekle\u015ftirdi. G\u00f6r\u00fc\u015fmede, belde ve k\u00f6ylerin ihtiya\u00e7lar\u0131 ele al\u0131nd\u0131, muhtarlar\u0131n talepleri de\u011ferlendirildi.<\/p>\n<p><img decoding=\"async\" alt=\"\" src=\"https:\/\/www.hbrkahta.com\/wp-content\/uploads\/2025\/10\/vali-osman-varol-koylerdeki-ihtiyaclari-gorusmek-icin-toplanti-yapti-0-LqIRrXH7.jpg\"><\/p>\n<p>Vali Osman Varol, muhtarlarla kar\u015f\u0131l\u0131kl\u0131 fikir al\u0131\u015fveri\u015finde bulunarak \u00e7\u00f6z\u00fcm odakl\u0131 \u00e7al\u0131\u015fmalar\u0131n \u00f6nemine dikkat \u00e7ekti. K\u00f6ylerin yeniden in\u015fa edilerek vatanda\u015flar\u0131n yerle\u015fimine a\u00e7\u0131ld\u0131\u011f\u0131 s\u00fcre\u00e7te, devlet ile vatanda\u015f aras\u0131nda k\u00f6pr\u00fc g\u00f6revi \u00fcstlenen muhtarlarla birlikte ihtiya\u00e7lar\u0131n kar\u015f\u0131lanmas\u0131 ve ya\u015fam kalitesinin art\u0131r\u0131lmas\u0131 i\u00e7in \u00e7al\u0131\u015fmalar\u0131n artarak devam edece\u011fini vurgulad\u0131.<\/p>\n<p><img decoding=\"async\" alt=\"\" src=\"https:\/\/www.hbrkahta.com\/wp-content\/uploads\/2025\/10\/vali-osman-varol-koylerdeki-ihtiyaclari-gorusmek-icin-toplanti-yapti-1-PLssueya.jpg\"><\/p>\n<p>Kaynak : PERRE<\/p>\n","protected":false},"excerpt":{"rendered":"<p>ADIYAMAN (PERRE) &#8211; \u015eeriban \u00d6Z\u00c7AKMAK &#8211; Ad\u0131yaman Valisi Dr. Osman Varol, K\u00f6m\u00fcr Belediye Ba\u015fkan\u0131 Hasari Tala\u015f ve k\u00f6y muhtarlar\u0131yla bir araya gelerek k\u00f6ylerin ihtiya\u00e7lar\u0131n\u0131 ve \u00e7\u00f6z\u00fcm odakl\u0131 \u00e7al\u0131\u015fmalar\u0131 g\u00f6r\u00fc\u015ft\u00fc.<\/p>\n","protected":false},"author":1,"featured_media":19161,"comment_status":"open","ping_status":"open","sticky":false,"template":"","format":"standard","meta":{"om_disable_all_campaigns":false,"_monsterinsights_skip_tracking":false,"_monsterinsights_sitenote_active":false,"_monsterinsights_sitenote_note":"","_monsterinsights_sitenote_category":0,"footnotes":""},"categories":[1,11],"tags":[],"aioseo_notices":[],"_links":{"self":[{"href":"https:\/\/www.hbrkahta.com\/index.php\/wp-json\/wp\/v2\/posts\/19160"}],"collection":[{"href":"https:\/\/www.hbrkahta.com\/index.php\/wp-json\/wp\/v2\/posts"}],"about":[{"href":"https:\/\/www.hbrkahta.com\/index.php\/wp-json\/wp\/v2\/types\/post"}],"author":[{"embeddable":true,"href":"https:\/\/www.hbrkahta.com\/index.php\/wp-json\/wp\/v2\/users\/1"}],"replies":[{"embeddable":true,"href":"https:\/\/www.hbrkahta.com\/index.php\/wp-json\/wp\/v2\/comments?post=19160"}],"version-history":[{"count":1,"href":"https:\/\/www.hbrkahta.com\/index.php\/wp-json\/wp\/v2\/posts\/19160\/revisions"}],"predecessor-version":[{"id":19164,"href":"https:\/\/www.hbrkahta.com\/index.php\/wp-json\/wp\/v2\/posts\/19160\/revisions\/19164"}],"wp:featuredmedia":[{"embeddable":true,"href":"https:\/\/www.hbrkahta.com\/index.php\/wp-json\/wp\/v2\/media\/19161"}],"wp:attachment":[{"href":"https:\/\/www.hbrkahta.com\/index.php\/wp-json\/wp\/v2\/media?parent=19160"}],"wp:term":[{"taxonomy":"category","embeddable":true,"href":"https:\/\/www.hbrkahta.com\/index.php\/wp-json\/wp\/v2\/categories?post=19160"},{"taxonomy":"post_tag","embeddable":true,"href":"https:\/\/www.hbrkahta.com\/index.php\/wp-json\/wp\/v2\/tags?post=19160"}],"curies":[{"name":"wp","href":"https:\/\/api.w.org\/{rel}","templated":true}]}}