{"id":19084,"date":"2025-10-15T17:24:04","date_gmt":"2025-10-15T14:24:04","guid":{"rendered":"https:\/\/www.hbrkahta.com\/?p=19084"},"modified":"2025-10-15T17:24:04","modified_gmt":"2025-10-15T14:24:04","slug":"banka-hesaplarinizi-kontrol-edin-evde-bakim-yardimi-odemeleri-yatirildi","status":"publish","type":"post","link":"https:\/\/www.hbrkahta.com\/index.php\/2025\/10\/15\/banka-hesaplarinizi-kontrol-edin-evde-bakim-yardimi-odemeleri-yatirildi\/","title":{"rendered":"Banka hesaplar\u0131n\u0131z\u0131 kontrol edin: Evde Bak\u0131m Yard\u0131m\u0131 \u00f6demeleri yat\u0131r\u0131ld\u0131"},"content":{"rendered":"<p>Aile ve Sosyal Hizmetler Bakanl\u0131\u011f\u0131, bu ayki \u00f6demelerin hak sahiplerine ula\u015ft\u0131r\u0131lmaya ba\u015fland\u0131\u011f\u0131n\u0131 a\u00e7\u0131klad\u0131<\/p>\n<p>&#8220;Vatanda\u015flar\u0131m\u0131z\u0131n yan\u0131nday\u0131z&#8221;<\/p>\n<p>Bakan G\u00f6kta\u015f, \u00f6demelere ili\u015fkin yapt\u0131\u011f\u0131 a\u00e7\u0131klamada, &#8220;Evinde tam ba\u011f\u0131ml\u0131 yak\u0131nlar\u0131na bakan vatanda\u015flar\u0131m\u0131z\u0131n yan\u0131nday\u0131z. T\u00fcm \u00f6demeler planland\u0131\u011f\u0131 \u015fekilde hak sahiplerinin hesaplar\u0131na yat\u0131r\u0131lmaya ba\u015fland\u0131&#8221; dedi.<\/p>\n<p>Bakanl\u0131k, \u00f6demelerin PTT ve banka hesaplar\u0131 \u00fczerinden a\u015famal\u0131 olarak tamamlanaca\u011f\u0131n\u0131 bildirdi.<\/p>\n<p>2006&#8217;dan bu yana aile odakl\u0131 destek<\/p>\n<p>Evde Bak\u0131m Yard\u0131m\u0131 uygulamas\u0131, 2006 y\u0131l\u0131nda ba\u015flat\u0131lm\u0131\u015ft\u0131. Program\u0131n temel amac\u0131, engelli bireylerin kurum bak\u0131m\u0131 yerine aile ortam\u0131nda desteklenmesi olarak belirlendi.<\/p>\n<p>Bakan G\u00f6kta\u015f, &#8220;Amac\u0131m\u0131z, vatanda\u015flar\u0131m\u0131z\u0131n kendi evlerinde, sevdikleriyle birlikte huzurlu bir ya\u015fam s\u00fcrmeleri&#8221; ifadelerini kullanarak, program\u0131n hem ekonomik hem psikolojik a\u00e7\u0131dan aileleri g\u00fc\u00e7lendirdi\u011fini vurgulad\u0131.<\/p>\n<p>521 bin ki\u015fi d\u00fczenli destek al\u0131yor<\/p>\n<p>Bakanl\u0131k verilerine g\u00f6re 2025 y\u0131l\u0131 itibar\u0131yla 521 bin vatanda\u015f bu programdan d\u00fczenli olarak yararlan\u0131yor. Yard\u0131mlar, tam ba\u011f\u0131ml\u0131 bireylerin bak\u0131m\u0131n\u0131 \u00fcstlenen aile bireylerine do\u011frudan \u00f6deme yoluyla yap\u0131l\u0131yor.<\/p>\n<p>Bakan G\u00f6kta\u015f, &#8220;Bu destek sadece bir \u00f6deme de\u011fil, ayn\u0131 zamanda toplumun vicdan\u0131n\u0131 g\u00fc\u00e7lendiren bir dayan\u0131\u015fma \u00f6rne\u011fidir&#8221; dedi.<\/p>\n<p>6 milyar liral\u0131k \u00f6deme s\u00fcreci ba\u015flad\u0131<\/p>\n<p>Aile ve Sosyal Hizmetler Bakanl\u0131\u011f\u0131, bu ayki toplam 6 milyar liral\u0131k \u00f6demenin tamam\u0131n\u0131n birka\u00e7 g\u00fcn i\u00e7inde hak sahiplerine ula\u015ft\u0131r\u0131laca\u011f\u0131n\u0131 a\u00e7\u0131klad\u0131.<\/p>\n<p>Bakan G\u00f6kta\u015f, &#8220;Engelli vatanda\u015flar\u0131m\u0131z\u0131n hayat\u0131n\u0131 kolayla\u015ft\u0131rmak bizim \u00f6nceli\u011fimizdir. Program\u0131n s\u00fcrd\u00fcr\u00fclebilirli\u011fi i\u00e7in \u00e7al\u0131\u015fmalar\u0131m\u0131z devam ediyor. \u00d6n\u00fcm\u00fczdeki d\u00f6nemde desteklerin kapsam\u0131n\u0131 geni\u015fletmeyi hedefliyoruz&#8221; diye konu\u015ftu.<\/p>\n<p>Kaynak : PERRE<\/p>\n","protected":false},"excerpt":{"rendered":"<p>ADIYAMAN (PERRE) &#8211; Murat KAYI\u015e &#8211; Aile ve Sosyal Hizmetler Bakan\u0131 Mahinur \u00d6zdemir G\u00f6kta\u015f, engelli bireyler ve ailelerine y\u00f6nelik Evde Bak\u0131m Yard\u0131m\u0131 \u00f6demelerinin hesaplara yat\u0131r\u0131ld\u0131\u011f\u0131n\u0131 duyurdu. Bakanl\u0131k bu ay toplam 6 milyar TL tutar\u0131nda deste\u011fi yakla\u015f\u0131k 521 bin hak sahibine ula\u015ft\u0131racak. Hak sahiplerine ki\u015fi ba\u015f\u0131 11 bin 702 TL \u00f6deme yap\u0131lacak.<\/p>\n","protected":false},"author":1,"featured_media":19085,"comment_status":"open","ping_status":"open","sticky":false,"template":"","format":"standard","meta":{"om_disable_all_campaigns":false,"_monsterinsights_skip_tracking":false,"_monsterinsights_sitenote_active":false,"_monsterinsights_sitenote_note":"","_monsterinsights_sitenote_category":0,"footnotes":""},"categories":[1,11],"tags":[1236,540,325,483,967],"aioseo_notices":[],"_links":{"self":[{"href":"https:\/\/www.hbrkahta.com\/index.php\/wp-json\/wp\/v2\/posts\/19084"}],"collection":[{"href":"https:\/\/www.hbrkahta.com\/index.php\/wp-json\/wp\/v2\/posts"}],"about":[{"href":"https:\/\/www.hbrkahta.com\/index.php\/wp-json\/wp\/v2\/types\/post"}],"author":[{"embeddable":true,"href":"https:\/\/www.hbrkahta.com\/index.php\/wp-json\/wp\/v2\/users\/1"}],"replies":[{"embeddable":true,"href":"https:\/\/www.hbrkahta.com\/index.php\/wp-json\/wp\/v2\/comments?post=19084"}],"version-history":[{"count":1,"href":"https:\/\/www.hbrkahta.com\/index.php\/wp-json\/wp\/v2\/posts\/19084\/revisions"}],"predecessor-version":[{"id":19086,"href":"https:\/\/www.hbrkahta.com\/index.php\/wp-json\/wp\/v2\/posts\/19084\/revisions\/19086"}],"wp:featuredmedia":[{"embeddable":true,"href":"https:\/\/www.hbrkahta.com\/index.php\/wp-json\/wp\/v2\/media\/19085"}],"wp:attachment":[{"href":"https:\/\/www.hbrkahta.com\/index.php\/wp-json\/wp\/v2\/media?parent=19084"}],"wp:term":[{"taxonomy":"category","embeddable":true,"href":"https:\/\/www.hbrkahta.com\/index.php\/wp-json\/wp\/v2\/categories?post=19084"},{"taxonomy":"post_tag","embeddable":true,"href":"https:\/\/www.hbrkahta.com\/index.php\/wp-json\/wp\/v2\/tags?post=19084"}],"curies":[{"name":"wp","href":"https:\/\/api.w.org\/{rel}","templated":true}]}}