{"id":19003,"date":"2025-10-14T17:24:06","date_gmt":"2025-10-14T14:24:06","guid":{"rendered":"https:\/\/www.hbrkahta.com\/?p=19003"},"modified":"2025-10-14T17:24:06","modified_gmt":"2025-10-14T14:24:06","slug":"keskin-khk-yuruyusu-adiyamanda-gergin-basladi-anayasal-hakkimizi-muzakere-ettirmeyiz","status":"publish","type":"post","link":"https:\/\/www.hbrkahta.com\/index.php\/2025\/10\/14\/keskin-khk-yuruyusu-adiyamanda-gergin-basladi-anayasal-hakkimizi-muzakere-ettirmeyiz\/","title":{"rendered":"KESK\u2019in KHK y\u00fcr\u00fcy\u00fc\u015f\u00fc Ad\u0131yaman\u2019da gergin ba\u015flad\u0131: \u2018Anayasal hakk\u0131m\u0131z\u0131 m\u00fczakere ettirmeyiz\u2019"},"content":{"rendered":"<p>Y\u00fcr\u00fcy\u00fc\u015f Diyarbak\u0131r&#8217;dan ba\u015flad\u0131<\/p>\n<p>KESK, &#8220;Adalet, E\u015fitlik ve \u0130\u015fimizi Geri Almak \u0130\u00e7in Y\u00fcr\u00fcyoruz&#8221; slogan\u0131yla 13 Ekim 2025 tarihinde Diyarbak\u0131r&#8217;da ba\u015flatt\u0131\u011f\u0131 y\u00fcr\u00fcy\u00fc\u015fte ilk g\u00fcn Da\u011fkap\u0131 Meydan\u0131&#8217;ndan Diyarbak\u0131r Adliyesi&#8217;ne y\u00fcr\u00fcm\u00fc\u015ft\u00fc. Y\u00fcr\u00fcy\u00fc\u015fe emek-meslek \u00f6rg\u00fctleri, demokratik kitle \u00f6rg\u00fctleri ve siyasi parti temsilcileri destek vermi\u015fti.<\/p>\n<p>KESK E\u015f Genel Ba\u015fkan\u0131 Ahmet Karag\u00f6z, y\u00fcr\u00fcy\u00fc\u015f\u00fcn ba\u015f\u0131nda yapt\u0131\u011f\u0131 a\u00e7\u0131klamada, ihra\u00e7 edilen KESK \u00fcyelerinin demokratik taleplerle g\u00f6revlerinden uzakla\u015ft\u0131r\u0131ld\u0131\u011f\u0131n\u0131 belirterek m\u00fccadeleyi s\u00fcrd\u00fcreceklerini dile getirmi\u015fti.<\/p>\n<p><img decoding=\"async\" alt=\"\" src=\"https:\/\/www.hbrkahta.com\/wp-content\/uploads\/2025\/10\/keskin-khk-yuruyusu-adiyamanda-gergin-basladi-anayasal-hakkimizi-muzakere-ettirmeyiz-0-uGfmXq6n.jpg\"><\/p>\n<p>Kortej y\u00fcr\u00fcy\u00fc\u015fle ba\u015flad\u0131<\/p>\n<p>Bug\u00fcn saat 12.30&#8217;da Mimar Sinan Park\u0131 G\u00fcneybat\u0131 k\u00f6\u015fesinde toplanan grup, sloganlar e\u015fli\u011finde Mimar Sinan Park\u0131 G\u00fcney Kap\u0131s\u0131 \u00f6n\u00fcne y\u00fcr\u00fcd\u00fc. Y\u00fcr\u00fcy\u00fc\u015f \u00f6ncesinde polis ekiplerinin y\u00fcr\u00fcy\u00fc\u015f h\u0131z\u0131na ili\u015fkin yapt\u0131\u011f\u0131 uyar\u0131lar \u00fczerine k\u0131sa s\u00fcreli bir gerginlik ya\u015fand\u0131. Gruptan polis memurlar\u0131na, &#8220;Hakl\u0131 ve me\u015fru taleplerimizi m\u00fczakerede s\u00f6z konusu etmeyiz. Anayasal hakk\u0131m\u0131z\u0131 m\u00fczakere ettirmeyiz&#8221; \u015feklinde kar\u015f\u0131l\u0131k verildi. K\u0131sa s\u00fcreli tart\u0131\u015fman\u0131n ard\u0131ndan grup y\u00fcr\u00fcy\u00fc\u015f\u00fcne devam etti.<\/p>\n<p><img decoding=\"async\" alt=\"\" src=\"https:\/\/www.hbrkahta.com\/wp-content\/uploads\/2025\/10\/keskin-khk-yuruyusu-adiyamanda-gergin-basladi-anayasal-hakkimizi-muzakere-ettirmeyiz-1-nTreC74z.jpg\"><\/p>\n<p>Y\u00fcr\u00fcy\u00fc\u015f ve bas\u0131n a\u00e7\u0131klamas\u0131na KESK E\u015f Genel Ba\u015fkanlar\u0131 Ayfer Ko\u00e7ak ve Ahmet Karag\u00f6z&#8217;\u00fcn yan\u0131 s\u0131ra konfederasyona ba\u011fl\u0131 sendika y\u00f6neticileri, DEM Parti, DBP, Pir Sultan Abdal Derne\u011fi ve \u00e7ok say\u0131da sivil toplum kurulu\u015fu kat\u0131ld\u0131.<\/p>\n<p>Bas\u0131n a\u00e7\u0131klamas\u0131n\u0131 SES Ad\u0131yaman \u015eube E\u015f Ba\u015fkan\u0131 Rengin H\u00fcsniye K\u0131l\u0131n\u00e7 yapt\u0131.<\/p>\n<p>K\u0131l\u0131n\u00e7: &#8220;Bu y\u00fcr\u00fcy\u00fc\u015f adalet, e\u015fitlik ve demokrasi talebinin y\u00fcr\u00fcy\u00fc\u015f\u00fcd\u00fcr&#8221;<\/p>\n<p>K\u0131l\u0131n\u00e7, yapt\u0131\u011f\u0131 a\u00e7\u0131klamada 15 Temmuz darbe giri\u015fiminin \u00fczerinden ge\u00e7en 9 y\u0131la ve OHAL&#8217;in kald\u0131r\u0131lmas\u0131n\u0131n \u00fczerinden ge\u00e7en 7 y\u0131la ra\u011fmen KHK rejiminin fiilen devam etti\u011fini belirterek \u015fu ifadeleri kulland\u0131:<\/p>\n<p>&#8220;Bu y\u00fcr\u00fcy\u00fc\u015f yaln\u0131zca ihra\u00e7 edilen kamu emek\u00e7ilerinin de\u011fil, adalet, e\u015fitlik, demokrasi ve eme\u011fin onuru i\u00e7in m\u00fccadele eden herkesin y\u00fcr\u00fcy\u00fc\u015f\u00fcd\u00fcr. OHAL d\u00f6neminde yay\u0131mlanan KHK&#8217;larla 125 binden fazla kamu emek\u00e7isi hi\u00e7bir yarg\u0131 karar\u0131 olmadan i\u015flerinden edildi. Bu ihra\u00e7lar\u0131n 4 bin 259&#8217;u KESK \u00fcyesidir. Bir\u00e7ok arkada\u015f\u0131m\u0131z a\u00e7l\u0131\u011fa, yoksullu\u011fa ve d\u0131\u015flanmaya mahk&ucirc;m edildi. Baz\u0131 arkada\u015flar\u0131m\u0131z ya\u015fam\u0131n\u0131 yitirdi, kimileri \u00f6l\u00fcm\u00fcnden sonra g\u00f6revine iade edildi.&#8221;<\/p>\n<p><img decoding=\"async\" alt=\"\" src=\"https:\/\/www.hbrkahta.com\/wp-content\/uploads\/2025\/10\/keskin-khk-yuruyusu-adiyamanda-gergin-basladi-anayasal-hakkimizi-muzakere-ettirmeyiz-2-gnHwSrMG.jpg\"><\/p>\n<p>K\u0131l\u0131n\u00e7, sendikal faaliyetlerin su\u00e7 say\u0131lamayaca\u011f\u0131n\u0131, t\u00fcm ihra\u00e7lar\u0131n geri al\u0131nmas\u0131 ve \u00f6zl\u00fck haklar\u0131n\u0131n iadesi gerekti\u011fini vurgulad\u0131.<\/p>\n<p>Karag\u00f6z: &#8220;6 \u015eubat&#8217;ta enkaz alt\u0131nda \u00f6lenleri unutmuyoruz&#8221;<\/p>\n<p>Bas\u0131n a\u00e7\u0131klamas\u0131n\u0131n ard\u0131ndan KESK E\u015f Genel Ba\u015fkan\u0131 Ahmet Karag\u00f6z de bir konu\u015fma yapt\u0131. Karag\u00f6z, 6 \u015eubat depremlerinde on binlerce insan\u0131n ya\u015fam\u0131n\u0131 yitirdi\u011fini hat\u0131rlatarak, &#8220;O g\u00fcn Ad\u0131yaman halk\u0131 b\u00fcy\u00fck ac\u0131lar ya\u015fad\u0131. Talepleriniz h&acirc;l&acirc; tam olarak kar\u015f\u0131lanmad\u0131. Bu y\u00fcr\u00fcy\u00fc\u015f hem haklar\u0131m\u0131z hem de toplumun adalet talebi i\u00e7indir&#8221; dedi.<\/p>\n<p>Karag\u00f6z konu\u015fmas\u0131nda \u015fu ifadeleri kulland\u0131:<\/p>\n<p>&#8220;KHK&#8217;lerle ihra\u00e7 edilen kamu emek\u00e7ileri olarak geri ad\u0131m atmayaca\u011f\u0131z. Korkmuyoruz, susmuyoruz, itaat etmiyoruz. Biz bu \u00fclkenin hukuk i\u00e7inde, bar\u0131\u015f i\u00e7inde, e\u015fit yurtta\u015fl\u0131k temelinde y\u00f6netilmesini istiyoruz. KHK zulm\u00fc direni\u015fle bitecek.&#8221;<\/p>\n<p><img decoding=\"async\" alt=\"\" src=\"https:\/\/www.hbrkahta.com\/wp-content\/uploads\/2025\/10\/keskin-khk-yuruyusu-adiyamanda-gergin-basladi-anayasal-hakkimizi-muzakere-ettirmeyiz-3-juD6uZwq.jpg\"><\/p>\n<p>Karag\u00f6z ayr\u0131ca y\u00fcr\u00fcy\u00fc\u015f\u00fcn sadece ihra\u00e7lara de\u011fil, kamusal kaynaklar\u0131n adaletsiz da\u011f\u0131l\u0131m\u0131na, \u00f6zelle\u015ftirmelere ve demokratik haklar\u0131n k\u0131s\u0131tlanmas\u0131na kar\u015f\u0131 da bir m\u00fccadele oldu\u011funu dile getirdi.<\/p>\n<p>Y\u00fcr\u00fcy\u00fc\u015f 17 Ekim&#8217;de Ankara&#8217;da sona erecek<\/p>\n<p>KESK&#8217;in Diyarbak\u0131r&#8217;dan ba\u015flatt\u0131\u011f\u0131 y\u00fcr\u00fcy\u00fc\u015f, \u015eanl\u0131urfa, Ad\u0131yaman duraklar\u0131ndan sonra, Gaziantep, Adana ve Mersin g\u00fczerg&acirc;h\u0131n\u0131 izleyerek 17 Ekim 2025 tarihinde Ankara&#8217;da sona erecek. Y\u00fcr\u00fcy\u00fc\u015f\u00fcn T\u00fcrkiye B\u00fcy\u00fck Millet Meclisi \u00f6n\u00fcnde yap\u0131lacak bas\u0131n a\u00e7\u0131klamas\u0131yla tamamlanmas\u0131 planlan\u0131yor.<\/p>\n<p>Kaynak : PERRE<\/p>\n","protected":false},"excerpt":{"rendered":"<p>ADIYAMAN (PERRE) &#8211; \u015eeriban \u00d6Z\u00c7AKMAK &#8211; Kamu Emek\u00e7ileri Sendikalar\u0131 Konfederasyonu (KESK) taraf\u0131ndan KHK ile ihra\u00e7 edilen kamu emek\u00e7ilerinin g\u00f6revlerine iadesi talebiyle Diyarbak\u0131r&#8217;dan Ankara&#8217;ya ba\u015flat\u0131lan y\u00fcr\u00fcy\u00fc\u015f, bug\u00fcn Ad\u0131yaman dura\u011f\u0131nda devam etti. Mimar Sinan Park\u0131&#8217;nda toplanan KESK \u00fcyeleri, siyasi parti temsilcileri ve sivil toplum \u00f6rg\u00fctlerinin kat\u0131l\u0131m\u0131yla ba\u015flayan ve gergin anlara sahne olan y\u00fcr\u00fcy\u00fc\u015f bas\u0131n a\u00e7\u0131klamas\u0131 ile olays\u0131z \u015fekilde sona erdi.<\/p>\n","protected":false},"author":1,"featured_media":19004,"comment_status":"open","ping_status":"open","sticky":false,"template":"","format":"standard","meta":{"om_disable_all_campaigns":false,"_monsterinsights_skip_tracking":false,"_monsterinsights_sitenote_active":false,"_monsterinsights_sitenote_note":"","_monsterinsights_sitenote_category":0,"footnotes":""},"categories":[1,11],"tags":[640,568,1548,2775,1448],"aioseo_notices":[],"_links":{"self":[{"href":"https:\/\/www.hbrkahta.com\/index.php\/wp-json\/wp\/v2\/posts\/19003"}],"collection":[{"href":"https:\/\/www.hbrkahta.com\/index.php\/wp-json\/wp\/v2\/posts"}],"about":[{"href":"https:\/\/www.hbrkahta.com\/index.php\/wp-json\/wp\/v2\/types\/post"}],"author":[{"embeddable":true,"href":"https:\/\/www.hbrkahta.com\/index.php\/wp-json\/wp\/v2\/users\/1"}],"replies":[{"embeddable":true,"href":"https:\/\/www.hbrkahta.com\/index.php\/wp-json\/wp\/v2\/comments?post=19003"}],"version-history":[{"count":1,"href":"https:\/\/www.hbrkahta.com\/index.php\/wp-json\/wp\/v2\/posts\/19003\/revisions"}],"predecessor-version":[{"id":19009,"href":"https:\/\/www.hbrkahta.com\/index.php\/wp-json\/wp\/v2\/posts\/19003\/revisions\/19009"}],"wp:featuredmedia":[{"embeddable":true,"href":"https:\/\/www.hbrkahta.com\/index.php\/wp-json\/wp\/v2\/media\/19004"}],"wp:attachment":[{"href":"https:\/\/www.hbrkahta.com\/index.php\/wp-json\/wp\/v2\/media?parent=19003"}],"wp:term":[{"taxonomy":"category","embeddable":true,"href":"https:\/\/www.hbrkahta.com\/index.php\/wp-json\/wp\/v2\/categories?post=19003"},{"taxonomy":"post_tag","embeddable":true,"href":"https:\/\/www.hbrkahta.com\/index.php\/wp-json\/wp\/v2\/tags?post=19003"}],"curies":[{"name":"wp","href":"https:\/\/api.w.org\/{rel}","templated":true}]}}