{"id":18957,"date":"2025-10-13T17:00:04","date_gmt":"2025-10-13T14:00:04","guid":{"rendered":"https:\/\/www.hbrkahta.com\/?p=18957"},"modified":"2025-10-13T17:00:04","modified_gmt":"2025-10-13T14:00:04","slug":"gazeteci-ahmet-kanbala-dezenformasyon-davasi-durusma-yarin-adiyamanda","status":"publish","type":"post","link":"https:\/\/www.hbrkahta.com\/index.php\/2025\/10\/13\/gazeteci-ahmet-kanbala-dezenformasyon-davasi-durusma-yarin-adiyamanda\/","title":{"rendered":"Gazeteci Ahmet Kanbal\u2019a \u2018dezenformasyon\u2019 davas\u0131: Duru\u015fma yar\u0131n Ad\u0131yaman\u2019da"},"content":{"rendered":"<p>6 \u015eubat depremi sonras\u0131 yapt\u0131\u011f\u0131 canl\u0131 yay\u0131n nedeniyle 3 y\u0131la kadar hapisle yarg\u0131lan\u0131yor<\/p>\n<p>Su\u00e7lama: &#8216;Halk\u0131 yan\u0131lt\u0131c\u0131 bilgi yayma&#8217;<\/p>\n<p>Ad\u0131yaman Cumhuriyet Ba\u015fsavc\u0131l\u0131\u011f\u0131 taraf\u0131ndan haz\u0131rlanan iddianamede, Kanbal&#8217;\u0131n deprem sonras\u0131 kriz koordinasyon merkezinden yapt\u0131\u011f\u0131 canl\u0131 yay\u0131ndaki s\u00f6zleri su\u00e7lama konusu yap\u0131ld\u0131. Savc\u0131l\u0131k, bu ifadelerin kamuoyunda korku ve endi\u015feye yol a\u00e7abilece\u011fini \u00f6ne s\u00fcrd\u00fc.<\/p>\n<p>Kanbal yay\u0131nda \u015fu ifadeleri kullanm\u0131\u015ft\u0131:<\/p>\n<p>&#8220;Ad\u0131yaman Kriz Koordinasyon Merkezindeyim. G\u00f6n\u00fcll\u00fcler \u00e7al\u0131\u015f\u0131yor, d\u00fcnden beri yetersiz \u00e7al\u0131\u015fmalar var. \u00d6nce yabanc\u0131 ekipler sonra AFAD geldi. \u0130nsanlar burada 3 g\u00fcn \u00f6l\u00fcme terk edilmi\u015ftir. Devlet mekanizmalar\u0131 tamamen \u00e7\u00f6kt\u00fc. \u0130nsanlar \u00f6l\u00fcme terk edildi. G\u00f6n\u00fcll\u00fcler enkazda \u00e7al\u0131\u015f\u0131rken, AFAD g\u00f6n\u00fcll\u00fcleri enkaz \u00f6n\u00fcnde foto\u011fraf \u00e7ektiriyor. B\u00f6lge devletin insaf\u0131na b\u0131rak\u0131ld\u0131\u011f\u0131 takdirde facialar ka\u00e7\u0131n\u0131lmaz olacak.&#8221;<\/p>\n<p>\u0130lk soru\u015fturmadan takipsizlik, ard\u0131ndan yeni dava<\/p>\n<p>Mardin Cumhuriyet Ba\u015fsavc\u0131l\u0131\u011f\u0131 daha \u00f6nce ayn\u0131 yay\u0131n nedeniyle Kanbal hakk\u0131nda &#8220;\u00f6rg\u00fct propagandas\u0131&#8221; su\u00e7lamas\u0131yla soru\u015fturma ba\u015flatm\u0131\u015f, ancak dosya takipsizlikle sonu\u00e7lanm\u0131\u015ft\u0131. Ancak savc\u0131l\u0131k bu kez TCK 217\/A kapsam\u0131nda yeni bir su\u00e7 duyurusunda bulundu. Ad\u0131yaman Asliye Ceza Mahkemesi iddianameyi kabul ederek yarg\u0131lama s\u00fcrecini ba\u015flatt\u0131.<\/p>\n<p><img decoding=\"async\" alt=\"\" src=\"https:\/\/www.hbrkahta.com\/wp-content\/uploads\/2025\/10\/gazeteci-ahmet-kanbala-dezenformasyon-davasi-durusma-yarin-adiyamanda-0-PeALahET.jpg\"><\/p>\n<p>Bas\u0131n \u00f6zg\u00fcrl\u00fc\u011f\u00fc tart\u0131\u015fmalar\u0131<\/p>\n<p>Bas\u0131n meslek \u00f6rg\u00fctleri ve ifade \u00f6zg\u00fcrl\u00fc\u011f\u00fc savunucular\u0131, s\u00f6z konusu maddenin gazeteciler \u00fczerinde bask\u0131 arac\u0131 olarak kullan\u0131labilece\u011fi uyar\u0131s\u0131nda bulunuyor. TCK 217\/A, &#8220;korku veya panik yaratabilecek \u015fekilde ger\u00e7e\u011fe ayk\u0131r\u0131 bilgi yayma&#8221; su\u00e7unu d\u00fczenliyor.<\/p>\n<p>Uzmanlar, bu t\u00fcr davalar\u0131n gazetecilik faaliyetlerini s\u0131n\u0131rland\u0131rma riski ta\u015f\u0131d\u0131\u011f\u0131na dikkat \u00e7ekiyor. T\u00fcrkiye&#8217;de \u00f6zellikle deprem sonras\u0131nda yap\u0131lan yay\u0131nlar nedeniyle a\u00e7\u0131lan dezenformasyon davalar\u0131, ifade \u00f6zg\u00fcrl\u00fc\u011f\u00fc tart\u0131\u015fmalar\u0131n\u0131n merkezinde yer al\u0131yor.<\/p>\n<p>Duru\u015fma yar\u0131n Ad\u0131yaman&#8217;da<\/p>\n<p>Ahmet Kanbal&#8217;\u0131n yarg\u0131land\u0131\u011f\u0131 davan\u0131n ilk duru\u015fmas\u0131 14 Ekim 2025 Sal\u0131 g\u00fcn\u00fc saat 10.00&#8217;da Ad\u0131yaman Asliye Ceza Mahkemesi&#8217;nde yap\u0131lacak.<\/p>\n<p>Duru\u015fmada iddianamenin okunmas\u0131 ve savunman\u0131n sunulmas\u0131 bekleniyor. \u00c7ok say\u0131da bas\u0131n meslek \u00f6rg\u00fct\u00fc temsilcisi, hak savunucusu ve meslekta\u015f\u0131n\u0131n davay\u0131 yerinde takip edece\u011fi \u00f6\u011frenildi.<\/p>\n<p>Kaynak : PERRE<\/p>\n","protected":false},"excerpt":{"rendered":"<p>ADIYAMAN (PERRE) &#8211; Murat KAYI\u015e &#8211; Mezopotamya Ajans\u0131 muhabiri Ahmet Kanbal hakk\u0131nda, 6 \u015eubat 2023 Mara\u015f merkezli depremlerinin ard\u0131ndan Ad\u0131yaman&#8217;dan kat\u0131ld\u0131\u011f\u0131 canl\u0131 yay\u0131nda yapt\u0131\u011f\u0131 a\u00e7\u0131klamalar nedeniyle &#8220;halk\u0131 yan\u0131lt\u0131c\u0131 bilgiyi alenen yayma&#8221; (TCK 217\/A) su\u00e7lamas\u0131yla a\u00e7\u0131lan davan\u0131n ilk duru\u015fmas\u0131 yar\u0131n (14 Ekim 2025) Ad\u0131yaman Asliye Ceza Mahkemesi&#8217;nde g\u00f6r\u00fclecek. Kanbal hakk\u0131nda bir y\u0131ldan \u00fc\u00e7 y\u0131la kadar hapis cezas\u0131 isteniyor.<\/p>\n","protected":false},"author":1,"featured_media":18958,"comment_status":"open","ping_status":"open","sticky":false,"template":"","format":"standard","meta":{"om_disable_all_campaigns":false,"_monsterinsights_skip_tracking":false,"_monsterinsights_sitenote_active":false,"_monsterinsights_sitenote_note":"","_monsterinsights_sitenote_category":0,"footnotes":""},"categories":[1,11],"tags":[2772],"aioseo_notices":[],"_links":{"self":[{"href":"https:\/\/www.hbrkahta.com\/index.php\/wp-json\/wp\/v2\/posts\/18957"}],"collection":[{"href":"https:\/\/www.hbrkahta.com\/index.php\/wp-json\/wp\/v2\/posts"}],"about":[{"href":"https:\/\/www.hbrkahta.com\/index.php\/wp-json\/wp\/v2\/types\/post"}],"author":[{"embeddable":true,"href":"https:\/\/www.hbrkahta.com\/index.php\/wp-json\/wp\/v2\/users\/1"}],"replies":[{"embeddable":true,"href":"https:\/\/www.hbrkahta.com\/index.php\/wp-json\/wp\/v2\/comments?post=18957"}],"version-history":[{"count":1,"href":"https:\/\/www.hbrkahta.com\/index.php\/wp-json\/wp\/v2\/posts\/18957\/revisions"}],"predecessor-version":[{"id":18960,"href":"https:\/\/www.hbrkahta.com\/index.php\/wp-json\/wp\/v2\/posts\/18957\/revisions\/18960"}],"wp:featuredmedia":[{"embeddable":true,"href":"https:\/\/www.hbrkahta.com\/index.php\/wp-json\/wp\/v2\/media\/18958"}],"wp:attachment":[{"href":"https:\/\/www.hbrkahta.com\/index.php\/wp-json\/wp\/v2\/media?parent=18957"}],"wp:term":[{"taxonomy":"category","embeddable":true,"href":"https:\/\/www.hbrkahta.com\/index.php\/wp-json\/wp\/v2\/categories?post=18957"},{"taxonomy":"post_tag","embeddable":true,"href":"https:\/\/www.hbrkahta.com\/index.php\/wp-json\/wp\/v2\/tags?post=18957"}],"curies":[{"name":"wp","href":"https:\/\/api.w.org\/{rel}","templated":true}]}}