{"id":18954,"date":"2025-10-13T16:48:03","date_gmt":"2025-10-13T13:48:03","guid":{"rendered":"https:\/\/www.hbrkahta.com\/?p=18954"},"modified":"2025-10-13T16:48:03","modified_gmt":"2025-10-13T13:48:03","slug":"baskan-tutdere-her-cocugumuz-afet-bilincine-sahip-olmali","status":"publish","type":"post","link":"https:\/\/www.hbrkahta.com\/index.php\/2025\/10\/13\/baskan-tutdere-her-cocugumuz-afet-bilincine-sahip-olmali\/","title":{"rendered":"Ba\u015fkan Tutdere: \u2018Her \u00e7ocu\u011fumuz afet bilincine sahip olmal\u0131\u2019"},"content":{"rendered":"<p>Miniklere uygulamal\u0131 deprem e\u011fitimi<\/p>\n<p>E\u011fitimlerde, okul \u00f6ncesi ya\u015ftaki \u00e7ocuklara &#8220;\u00e7\u00f6k, kapan, tutun&#8221; hareketi uygulamal\u0131 olarak g\u00f6sterildi. \u00d6\u011frencilere g\u00fcvenli alanlar\u0131n nas\u0131l belirlenece\u011fi, tehlikeli noktalardan nas\u0131l uzak durulaca\u011f\u0131 ve afet \u00e7antas\u0131n\u0131n i\u00e7eri\u011finde nelerin bulunmas\u0131 gerekti\u011fi hakk\u0131nda bilgiler verildi.<\/p>\n<p>Afet \u0130\u015fleri M\u00fcd\u00fcrl\u00fc\u011f\u00fc ekipleri taraf\u0131ndan haz\u0131rlanan etkinliklerde, \u00e7ocuklar\u0131n ya\u015f gruplar\u0131na uygun anlat\u0131m teknikleri kullan\u0131ld\u0131. Etkinli\u011fin sonunda \u00f6\u011frencilere bilgilendirici bro\u015f\u00fcrler ve k\u00fc\u00e7\u00fck hediyeler da\u011f\u0131t\u0131ld\u0131.<\/p>\n<p>Ba\u015fkan Tutdere: &#8220;Her \u00e7ocu\u011fumuz afet bilincine sahip olmal\u0131&#8221;<\/p>\n<p>Ad\u0131yaman Belediye Ba\u015fkan\u0131 Abdurrahman Tutdere, etkinli\u011fe ili\u015fkin yapt\u0131\u011f\u0131 a\u00e7\u0131klamada, deprem bilincinin erken ya\u015fta kazand\u0131r\u0131lmas\u0131n\u0131n \u00f6nemine dikkat \u00e7ekti:<\/p>\n<p>&#8220;6 \u015eubat depremleriyle \u00e7ok b\u00fcy\u00fck ac\u0131lar ya\u015fad\u0131k, binlerce vatanda\u015f\u0131m\u0131z\u0131 kaybettik. Ad\u0131yaman olarak derin yaralar ald\u0131k ancak bu yaralar\u0131 sarman\u0131n yolu, gelece\u011fimizi olu\u015fturan \u00e7ocuklar\u0131m\u0131z\u0131 bilin\u00e7lendirmekten ge\u00e7iyor. \u00d6zellikle deprem ku\u015fa\u011f\u0131nda yer alan \u015fehrimizde, \u00e7ocuklar\u0131m\u0131z\u0131n afet an\u0131nda nas\u0131l hareket etmeleri gerekti\u011fini bilmeleri hayati \u00f6nem ta\u015f\u0131yor. Bu bilin\u00e7le hareket ederek anaokulu d\u00fczeyindeki yavrular\u0131m\u0131za e\u011fitici ve e\u011flenceli bir \u015fekilde afet fark\u0131ndal\u0131\u011f\u0131 kazand\u0131rmay\u0131 ama\u00e7lad\u0131k.&#8221;<\/p>\n<p>Ba\u015fkan Tutdere, deprem bilinci \u00e7al\u0131\u015fmalar\u0131n\u0131n sadece bir g\u00fcnle s\u0131n\u0131rl\u0131 kalmayaca\u011f\u0131n\u0131 belirterek, bu e\u011fitimlerin y\u0131l boyunca farkl\u0131 okullarda da s\u00fcrd\u00fcr\u00fclece\u011fini ifade etti.<\/p>\n<p>Fark\u0131ndal\u0131k \u00e7al\u0131\u015fmalar\u0131 devam edecek<\/p>\n<p>Afet \u0130\u015fleri M\u00fcd\u00fcrl\u00fc\u011f\u00fc ekipleri, afet bilincinin \u00e7ocuk ya\u015fta kazand\u0131r\u0131lmas\u0131n\u0131n uzun vadede toplumsal fark\u0131ndal\u0131\u011f\u0131 art\u0131raca\u011f\u0131na dikkat \u00e7ekerek, bu t\u00fcr uygulamal\u0131 e\u011fitimlerin t\u00fcm okullara yayg\u0131nla\u015ft\u0131r\u0131lmas\u0131 i\u00e7in planl\u0131 bir program y\u00fcr\u00fct\u00fcld\u00fc\u011f\u00fcn\u00fc bildirdi.<\/p>\n<p>Ad\u0131yaman Belediyesi, deprem ku\u015fa\u011f\u0131nda yer alan kentte afet fark\u0131ndal\u0131\u011f\u0131n\u0131 art\u0131rmaya y\u00f6nelik e\u011fitim faaliyetlerini d\u00fczenli hale getirerek, gelecek ku\u015faklar\u0131n daha haz\u0131rl\u0131kl\u0131 olmas\u0131n\u0131 hedefliyor.<\/p>\n<p>Kaynak : PERRE<\/p>\n","protected":false},"excerpt":{"rendered":"<p>ADIYAMAN (PERRE) &#8211; \u015eeriban \u00d6Z\u00c7AKMAK &#8211; Ad\u0131yaman Belediyesi Afet \u0130\u015fleri M\u00fcd\u00fcrl\u00fc\u011f\u00fc, &#8220;13 Ekim D\u00fcnya Afet Risklerinin Azalt\u0131lmas\u0131 G\u00fcn\u00fc&#8221; kapsam\u0131nda kent merkezindeki anaokullar\u0131nda deprem fark\u0131ndal\u0131\u011f\u0131n\u0131 art\u0131rmaya y\u00f6nelik uygulamal\u0131 e\u011fitimler d\u00fczenledi. Bah\u00e7ecik ve S\u00fcmer Anaokullar\u0131nda ger\u00e7ekle\u015ftirilen etkinliklerde minik \u00f6\u011frencilere, olas\u0131 bir deprem an\u0131nda nas\u0131l hareket etmeleri gerekti\u011fi anlat\u0131ld\u0131.<\/p>\n","protected":false},"author":1,"featured_media":18955,"comment_status":"open","ping_status":"open","sticky":false,"template":"","format":"standard","meta":{"om_disable_all_campaigns":false,"_monsterinsights_skip_tracking":false,"_monsterinsights_sitenote_active":false,"_monsterinsights_sitenote_note":"","_monsterinsights_sitenote_category":0,"footnotes":""},"categories":[1,11],"tags":[1272,178,588,586],"aioseo_notices":[],"_links":{"self":[{"href":"https:\/\/www.hbrkahta.com\/index.php\/wp-json\/wp\/v2\/posts\/18954"}],"collection":[{"href":"https:\/\/www.hbrkahta.com\/index.php\/wp-json\/wp\/v2\/posts"}],"about":[{"href":"https:\/\/www.hbrkahta.com\/index.php\/wp-json\/wp\/v2\/types\/post"}],"author":[{"embeddable":true,"href":"https:\/\/www.hbrkahta.com\/index.php\/wp-json\/wp\/v2\/users\/1"}],"replies":[{"embeddable":true,"href":"https:\/\/www.hbrkahta.com\/index.php\/wp-json\/wp\/v2\/comments?post=18954"}],"version-history":[{"count":1,"href":"https:\/\/www.hbrkahta.com\/index.php\/wp-json\/wp\/v2\/posts\/18954\/revisions"}],"predecessor-version":[{"id":18956,"href":"https:\/\/www.hbrkahta.com\/index.php\/wp-json\/wp\/v2\/posts\/18954\/revisions\/18956"}],"wp:featuredmedia":[{"embeddable":true,"href":"https:\/\/www.hbrkahta.com\/index.php\/wp-json\/wp\/v2\/media\/18955"}],"wp:attachment":[{"href":"https:\/\/www.hbrkahta.com\/index.php\/wp-json\/wp\/v2\/media?parent=18954"}],"wp:term":[{"taxonomy":"category","embeddable":true,"href":"https:\/\/www.hbrkahta.com\/index.php\/wp-json\/wp\/v2\/categories?post=18954"},{"taxonomy":"post_tag","embeddable":true,"href":"https:\/\/www.hbrkahta.com\/index.php\/wp-json\/wp\/v2\/tags?post=18954"}],"curies":[{"name":"wp","href":"https:\/\/api.w.org\/{rel}","templated":true}]}}