{"id":18951,"date":"2025-10-13T16:36:03","date_gmt":"2025-10-13T13:36:03","guid":{"rendered":"https:\/\/www.hbrkahta.com\/?p=18951"},"modified":"2025-10-13T16:36:03","modified_gmt":"2025-10-13T13:36:03","slug":"emircan-ahmet-alsandan-ittifak-tartismalarina-net-yanit-su-anda-mustakil-irademizle-yuruyoruz","status":"publish","type":"post","link":"https:\/\/www.hbrkahta.com\/index.php\/2025\/10\/13\/emircan-ahmet-alsandan-ittifak-tartismalarina-net-yanit-su-anda-mustakil-irademizle-yuruyoruz\/","title":{"rendered":"Emircan Ahmet Alsan\u2019dan ittifak tart\u0131\u015fmalar\u0131na net yan\u0131t: \u2018\u015eu anda m\u00fcstakil irademizle y\u00fcr\u00fcyoruz\u2019"},"content":{"rendered":"<p>&#8216;H\u00fck\u00fcmetin rakibi biz de\u011filiz, enflasyon ve i\u015fsizliktir&#8217;<\/p>\n<p>Alsan, T\u00fcrkiye&#8217;nin i\u00e7inde bulundu\u011fu ekonomik krizin siyasetin ana ekseni haline geldi\u011fini vurgulad\u0131.<\/p>\n<p>&#8220;2002 \u00f6ncesine benzer bir tablo var. Y\u00fcksek enflasyon, y\u00fcksek i\u015fsizlik, azalan al\u0131m g\u00fcc\u00fc&#8230; H\u00fck\u00fcmetin rakibi biz de\u011filiz, h\u00fck\u00fcmetin rakibi enflasyon, i\u015fsizlik ve adaletsizliktir. Yetkisi var ama \u00e7\u00f6z\u00fcm \u00fcretmiyor. Eskiden maharetsizli\u011fini muhalefete ciro ederek atlat\u0131yordu, art\u0131k millet buna inanm\u0131yor.&#8221;<\/p>\n<p>Alsan, ekonomik kriz nedeniyle k\u00fc\u00e7\u00fck esnaf\u0131n ayakta kalmakta zorland\u0131\u011f\u0131n\u0131, vatanda\u015f\u0131n temel harcamalar\u0131n\u0131 bile kar\u015f\u0131layamad\u0131\u011f\u0131n\u0131 vurgulayarak, &#8220;Bug\u00fcn insanlar \u00e7eyrek takamaz, misafirini yeme\u011fe g\u00f6t\u00fcremez hale geldi. Bu \u00fclkede se\u00e7menin as\u0131l g\u00fcndemi budur&#8221; dedi.<\/p>\n<p>&#8216;Ter\u00f6rs\u00fcz T\u00fcrkiye de\u011fil, enflasyon ve ge\u00e7im s\u0131k\u0131nt\u0131s\u0131 g\u00fcndemde&#8217;<\/p>\n<p>G\u00fcndemin yapay bi\u00e7imde g\u00fcvenlik eksenine \u00e7ekilmesinin halkta kar\u015f\u0131l\u0131k bulmad\u0131\u011f\u0131n\u0131 belirten Alsan, s\u00f6zlerini \u015f\u00f6yle s\u00fcrd\u00fcrd\u00fc:<\/p>\n<p>&#8220;Memleketin her yerinde sorunlar e\u015fitlendi. \u0130\u015fsizlik, enflasyon, ge\u00e7im s\u0131k\u0131nt\u0131s\u0131 herkesin ortak derdi. Ter\u00f6rs\u00fcz T\u00fcrkiye s\u00f6ylemiyle se\u00e7im kazanma devri bitti. Art\u0131k milletin g\u00fcndeminde enflasyon, al\u0131m g\u00fcc\u00fc kayb\u0131 ve i\u015fsizlik var. \u0130nsanlar\u0131n mutfa\u011f\u0131nda yang\u0131n var.&#8221;<\/p>\n<p>&#8216;\u00dc\u00e7\u00fcnc\u00fc bir yol a\u00e7aca\u011f\u0131z&#8217;<\/p>\n<p>Se\u00e7menlerin uzun s\u00fcredir iki b\u00fcy\u00fck blok aras\u0131nda tercih yapmaya zorland\u0131\u011f\u0131n\u0131 vurgulayan Alsan, Anahtar Parti&#8217;nin bu s\u0131k\u0131\u015fm\u0131\u015fl\u0131\u011fa son verecek bir alternatif olma iddias\u0131n\u0131 dile getirdi:<\/p>\n<p>&#8220;CHP &#8216;bize oy vermezseniz AK Parti kal\u0131r&#8217;, iktidar ise &#8216;bize oy vermezseniz CHP gelir&#8217; diyor. Bu bir tiyatroya d\u00f6nd\u00fc. Biz millete bu iki se\u00e7enek aras\u0131nda s\u0131k\u0131\u015fmadan yeni bir yol a\u00e7aca\u011f\u0131z. Cumhurba\u015fkanl\u0131\u011f\u0131 yar\u0131\u015f\u0131n\u0131 \u00fc\u00e7l\u00fc hale getirmek istiyoruz ve bu \u00fc\u00e7l\u00fcn\u00fcn en g\u00fc\u00e7l\u00fc aday\u0131 olmay\u0131 hedefliyoruz.&#8221;<\/p>\n<p>Alsan, T\u00fcrkiye siyasetinde &#8220;milliyet\u00e7i bir merkez&#8221; in\u015fa edilmesinin art\u0131k ka\u00e7\u0131n\u0131lmaz oldu\u011funu s\u00f6yledi.<\/p>\n<p>&#8216;\u0130ttifak tart\u0131\u015fmalar\u0131 konu\u015fulabilir ama biz ba\u011f\u0131ms\u0131z y\u00fcr\u00fcyoruz&#8217;<\/p>\n<p>Milliyet\u00e7i partiler aras\u0131nda bir ittifak olas\u0131l\u0131\u011f\u0131na kap\u0131y\u0131 kapatmayan Alsan, \u015fu anda Anahtar Parti&#8217;nin ba\u011f\u0131ms\u0131z hareket etti\u011fini vurgulad\u0131:<\/p>\n<p>&#8220;Milliyet\u00e7iler bir araya gelsin, y\u00fczde 15-16&#8217;yla ba\u015flarlar deniliyor. Bu do\u011fru bir analizdir. Konu\u015fulsun, tart\u0131\u015f\u0131ls\u0131n. Ama biz \u015fu anda m\u00fcstakil irademizle y\u00fcr\u00fcyoruz. Bu irade, T\u00fcrk milletinin alt\u0131nda toplanabilece\u011fi yeni bir merkez olma iddiam\u0131zla ta\u015f\u0131n\u0131yor.&#8221;<\/p>\n<p>&#8216;Mecliste \u00d6calan&#8217;a slogan at\u0131l\u0131yor, kimse tepki g\u00f6stermiyor&#8217;<\/p>\n<p>Alsan, Meclis&#8217;te DEM Parti s\u0131ralar\u0131ndan y\u00fckselen sloganlara sert tepki g\u00f6sterdi ve sessizli\u011fe dikkat \u00e7ekti:<\/p>\n<p>&#8220;Mecliste b\u00f6l\u00fcc\u00fc ter\u00f6r \u00f6rg\u00fct\u00fc eleba\u015f\u0131 lehine sloganlar at\u0131l\u0131yor ama kimse &#8216;hadsizlik etmeyin&#8217; diyemiyor. Bu, Cumhuriyetin ta\u015f\u0131y\u0131c\u0131 kolonlar\u0131n\u0131n salland\u0131\u011f\u0131 bir tablodur. \u00d6calan&#8217;a kurucu \u00f6nder denmesi kabul edilemez. O bir ter\u00f6risttir, bebek katilidir.&#8221;<\/p>\n<p>&#8217;50+1 sistemi siyaseti ilkesizle\u015ftiriyor&#8217;<\/p>\n<p>Cumhurba\u015fkanl\u0131\u011f\u0131 se\u00e7im sistemine de de\u011finen Alsan, y\u00fczde 50+1 \u015fart\u0131n\u0131n siyaseti rehin hale getirdi\u011fini s\u00f6yledi:<\/p>\n<p>&#8220;T\u00fcrk siyaseti H\u00dcDAPAR&#8217;\u0131n ve DEM&#8217;in elinde rehindir. Y\u00fczde 50+1 mecburiyeti, siyaseti ilkesiz hale getiriyor. D\u00fcn s\u00f6vd\u00fc\u011f\u00fcne bug\u00fcn sar\u0131lan, bug\u00fcn sar\u0131ld\u0131\u011f\u0131na yar\u0131n s\u00f6ven bir siyaset zemini olu\u015ftu. Bu sistem de\u011fi\u015fmeli. En \u00e7ok oyu alan cumhurba\u015fkan\u0131 olmal\u0131, kabine meclisten \u00e7\u0131kmal\u0131, Meclis&#8217;in b\u00fct\u00e7e hakk\u0131 geri verilmeli.&#8221;<\/p>\n<p>Alsan, bu de\u011fi\u015fikli\u011fin siyasi istikrar\u0131 ve hesap verebilirli\u011fi g\u00fc\u00e7lendirece\u011fini belirtti.<\/p>\n<p>&#8216;Hesap vermekten korkmayanlarla yol y\u00fcr\u00fcr\u00fcz&#8217;<\/p>\n<p>Siyasette \u015feffafl\u0131k ve hesap verebilirlik ilkelerinin alt\u0131n\u0131 \u00e7izen Alsan, \u015funlar\u0131 kaydetti:<\/p>\n<p>&#8220;Biz siyasetin hesap vermesi gerekti\u011fine inanan bir iradeyiz. Kim hesap vermekten korkmuyorsa biz onlarla yol y\u00fcr\u00fcr\u00fcz. T\u00fcrkiye&#8217;nin bu anlamda yeni bir siyasi k\u00fclt\u00fcre ihtiyac\u0131 var. Biz bu k\u00fclt\u00fcr\u00fc in\u015fa etmeye talibiz.&#8221;<\/p>\n<p>Esnafla bulu\u015ftu, partisinin hedeflerini anlatt\u0131<\/p>\n<p>Anahtar Parti Ad\u0131yaman \u0130l Ba\u015fkan\u0131 Emircan Ahmet Alsan&#8217;\u0131n a\u00e7\u0131klamalar\u0131, kent merkezinde ger\u00e7ekle\u015ftirdi\u011fi esnaf ziyaretleri ve te\u015fkilat bulu\u015fmalar\u0131 s\u0131ras\u0131nda yap\u0131ld\u0131. Alsan, partililer ve vatanda\u015flarla uzun s\u00fcre sohbet ederek hem ekonomik sorunlar\u0131 dinledi hem de partisinin siyasal vizyonunu anlatt\u0131.<\/p>\n<p>Kaynak : PERRE<\/p>\n","protected":false},"excerpt":{"rendered":"<p>ADIYAMAN (PERRE) &#8211; \u015eeriban \u00d6Z\u00c7AKMAK &#8211; Anahtar Parti Ad\u0131yaman \u0130l Ba\u015fkan\u0131 Emircan Ahmet Alsan, kent merkezinde esnaf ziyaretleri s\u0131ras\u0131nda PERRE Haber Ajans\u0131&#8217;na yapt\u0131\u011f\u0131 \u00f6zel a\u00e7\u0131klamada, \u0130Y\u0130 Parti ve Zafer Partisi genel ba\u015fkanlar\u0131n\u0131n &#8220;Milliyet\u00e7i \u0130ttifak&#8221; \u00e7\u0131k\u0131\u015flar\u0131, mevcut siyasal tablo, ekonomik kriz ve se\u00e7im sistemi \u00fczerine dikkat \u00e7eken de\u011ferlendirmelerde bulundu. Alsan, &#8220;Milliyet\u00e7iler bir araya gelsin, y\u00fczde 15-16&#8217;yla ba\u015flarlar deniliyor. Bu do\u011fru bir analizdir, konu\u015fulsun. Ama biz \u015fu anda m\u00fcstakil irademizle y\u00fcr\u00fcyoruz&#8221; ifadelerini kulland\u0131.<\/p>\n","protected":false},"author":1,"featured_media":18952,"comment_status":"open","ping_status":"open","sticky":false,"template":"","format":"standard","meta":{"om_disable_all_campaigns":false,"_monsterinsights_skip_tracking":false,"_monsterinsights_sitenote_active":false,"_monsterinsights_sitenote_note":"","_monsterinsights_sitenote_category":0,"footnotes":""},"categories":[1,11],"tags":[1685,540,574,129,2771],"aioseo_notices":[],"_links":{"self":[{"href":"https:\/\/www.hbrkahta.com\/index.php\/wp-json\/wp\/v2\/posts\/18951"}],"collection":[{"href":"https:\/\/www.hbrkahta.com\/index.php\/wp-json\/wp\/v2\/posts"}],"about":[{"href":"https:\/\/www.hbrkahta.com\/index.php\/wp-json\/wp\/v2\/types\/post"}],"author":[{"embeddable":true,"href":"https:\/\/www.hbrkahta.com\/index.php\/wp-json\/wp\/v2\/users\/1"}],"replies":[{"embeddable":true,"href":"https:\/\/www.hbrkahta.com\/index.php\/wp-json\/wp\/v2\/comments?post=18951"}],"version-history":[{"count":1,"href":"https:\/\/www.hbrkahta.com\/index.php\/wp-json\/wp\/v2\/posts\/18951\/revisions"}],"predecessor-version":[{"id":18953,"href":"https:\/\/www.hbrkahta.com\/index.php\/wp-json\/wp\/v2\/posts\/18951\/revisions\/18953"}],"wp:featuredmedia":[{"embeddable":true,"href":"https:\/\/www.hbrkahta.com\/index.php\/wp-json\/wp\/v2\/media\/18952"}],"wp:attachment":[{"href":"https:\/\/www.hbrkahta.com\/index.php\/wp-json\/wp\/v2\/media?parent=18951"}],"wp:term":[{"taxonomy":"category","embeddable":true,"href":"https:\/\/www.hbrkahta.com\/index.php\/wp-json\/wp\/v2\/categories?post=18951"},{"taxonomy":"post_tag","embeddable":true,"href":"https:\/\/www.hbrkahta.com\/index.php\/wp-json\/wp\/v2\/tags?post=18951"}],"curies":[{"name":"wp","href":"https:\/\/api.w.org\/{rel}","templated":true}]}}