{"id":18776,"date":"2025-10-08T22:36:04","date_gmt":"2025-10-08T19:36:04","guid":{"rendered":"https:\/\/www.hbrkahta.com\/?p=18776"},"modified":"2025-10-08T22:36:04","modified_gmt":"2025-10-08T19:36:04","slug":"anahtar-parti-il-baskani-alsan-mecliste-teror-lehine-atilan-sloganlar-milletin-vicdaninda-derin-bir-yaradir","status":"publish","type":"post","link":"https:\/\/www.hbrkahta.com\/index.php\/2025\/10\/08\/anahtar-parti-il-baskani-alsan-mecliste-teror-lehine-atilan-sloganlar-milletin-vicdaninda-derin-bir-yaradir\/","title":{"rendered":"Anahtar Parti \u0130l Ba\u015fkan\u0131 Alsan: \u2018Meclis\u2019te ter\u00f6r lehine at\u0131lan sloganlar, milletin vicdan\u0131nda derin bir yarad\u0131r\u2019"},"content":{"rendered":"<p>&#8216;Bu \u00fclkenin meclisi, \u015fehitlerinin emanetidir&#8217;<\/p>\n<p>Ya\u015fanan olay\u0131n Meclis&#8217;in manevi a\u011f\u0131rl\u0131\u011f\u0131na zarar verdi\u011fini s\u00f6yleyen Alsan, bu t\u00fcr davran\u0131\u015flar\u0131n milletin vicdan\u0131n\u0131 yaralad\u0131\u011f\u0131n\u0131 belirtti:<\/p>\n<p>&#8220;TBMM, bu milletin iradesinin tecelli etti\u011fi en y\u00fcksek makamd\u0131r. O \u00e7at\u0131 alt\u0131nda, vatan evlatlar\u0131n\u0131 katleden bir ter\u00f6ristin isminin sloganlarla an\u0131lmas\u0131 kabul edilemez. Bu \u00fclkenin meclisi, \u015fehitlerinin emanetidir; ter\u00f6r\u00fcn de\u011fil, adaletin sesi olmal\u0131d\u0131r.&#8221;<\/p>\n<p>&#8216;Devletin onuru, ter\u00f6r\u00fcn g\u00f6lgesinde kalamaz&#8217;<\/p>\n<p>H\u00fck\u00fcmetin ve Meclis y\u00f6netiminin sessizli\u011fini ele\u015ftiren Anahtar Parti \u0130l Ba\u015fkan\u0131, konunun siyasi de\u011fil, milli bir mesele oldu\u011funun alt\u0131n\u0131 \u00e7izdi:<\/p>\n<p>&#8220;Devletin onuru, ter\u00f6r\u00fcn g\u00f6lgesinde kalamaz. Bu olay, siyasi de\u011fil, milli bir meseledir. Meclis Ba\u015fkanl\u0131\u011f\u0131, bu sayg\u0131s\u0131zl\u0131\u011fa derhal m\u00fcdahale etmeli, gerekli ad\u0131mlar\u0131 atmal\u0131d\u0131r. Aksi halde bu sessizlik, tarih \u00f6n\u00fcnde bir utan\u00e7 vesikas\u0131 olarak kalacakt\u0131r.&#8221;<\/p>\n<p>&#8216;Anahtar Parti, milletin vicdan\u0131n\u0131 temsil ediyor&#8217;<\/p>\n<p>Alsan, Anahtar Parti&#8217;nin ter\u00f6r kar\u015f\u0131s\u0131ndaki duru\u015funa da dikkat \u00e7ekerek Genel Ba\u015fkan Yavuz A\u011f\u0131ralio\u011flu&#8217;nun s\u00f6zlerini hat\u0131rlatt\u0131:<\/p>\n<p>&#8220;Genel Ba\u015fkan\u0131m\u0131z Say\u0131n Yavuz A\u011f\u0131ralio\u011flu&#8217;nun da ifade etti\u011fi gibi, ter\u00f6r\u00fc \u00f6vmek ve ter\u00f6rist lehine slogan atmak su\u00e7tur. Biz, milletin vicdan\u0131n\u0131 temsil ediyoruz. Bu \u00fclkenin huzuru, g\u00fcveni ve b\u00fct\u00fcnl\u00fc\u011f\u00fc i\u00e7in her zaman hukukun yan\u0131nda, hainli\u011fin kar\u015f\u0131s\u0131nda olaca\u011f\u0131z.&#8221;<\/p>\n<p>&#8216;Milletimiz bu ihaneti sand\u0131kta cezaland\u0131racakt\u0131r&#8217;<\/p>\n<p>A\u00e7\u0131klamas\u0131n\u0131n sonunda sert mesajlar veren Alsan, milletin bu t\u00fcr olaylar\u0131 unutmayaca\u011f\u0131n\u0131 vurgulad\u0131:<\/p>\n<p>&#8220;Bug\u00fcn Meclis&#8217;te y\u00fckselen sloganlar, yar\u0131n sand\u0131kta milletin vicdan\u0131nda kar\u015f\u0131l\u0131k bulacakt\u0131r. Bu millet, \u015fehitlerine sayg\u0131s\u0131zl\u0131k edenleri de, buna sessiz kalanlar\u0131 da unutmayacakt\u0131r. Biz Anahtar Parti olarak, ter\u00f6re ve ihanete ge\u00e7it vermeyen bir T\u00fcrkiye&#8217;nin yan\u0131nda olmaya devam edece\u011fiz.&#8221;<\/p>\n<p>Meclis&#8217;teki olay kamuoyunda geni\u015f yank\u0131 uyand\u0131r\u0131rken, Anahtar Parti&#8217;nin tepkisi ter\u00f6rle m\u00fccadelede siyasetin \u00fcst\u00fcnde bir birlik \u00e7a\u011fr\u0131s\u0131 olarak de\u011ferlendirildi.<\/p>\n<p>Kaynak : PERRE<\/p>\n","protected":false},"excerpt":{"rendered":"<p>ADIYAMAN (PERRE) &#8211; Murat KAYI\u015e &#8211; Anahtar Parti Ad\u0131yaman \u0130l Ba\u015fkan\u0131 Emircan Ahmet Alsan, T\u00fcrkiye B\u00fcy\u00fck Millet Meclisi&#8217;nde DEM Parti grup toplant\u0131s\u0131 \u00f6ncesinde ter\u00f6r \u00f6rg\u00fct\u00fc PKK eleba\u015f\u0131 Abdullah \u00d6calan lehine at\u0131lan sloganlara sert tepki g\u00f6sterdi. Alsan, &#8220;Milletin meclisinde ter\u00f6rist \u00f6v\u00fcl\u00fcyorsa, bu yaln\u0131zca siyasetin de\u011fil, vicdan\u0131n da \u00e7\u00f6k\u00fc\u015f\u00fcd\u00fcr&#8221; ifadelerini kulland\u0131.<\/p>\n","protected":false},"author":1,"featured_media":18777,"comment_status":"open","ping_status":"open","sticky":false,"template":"","format":"standard","meta":{"om_disable_all_campaigns":false,"_monsterinsights_skip_tracking":false,"_monsterinsights_sitenote_active":false,"_monsterinsights_sitenote_note":"","_monsterinsights_sitenote_category":0,"footnotes":""},"categories":[1,11],"tags":[2756,540,503,2296,1175],"aioseo_notices":[],"_links":{"self":[{"href":"https:\/\/www.hbrkahta.com\/index.php\/wp-json\/wp\/v2\/posts\/18776"}],"collection":[{"href":"https:\/\/www.hbrkahta.com\/index.php\/wp-json\/wp\/v2\/posts"}],"about":[{"href":"https:\/\/www.hbrkahta.com\/index.php\/wp-json\/wp\/v2\/types\/post"}],"author":[{"embeddable":true,"href":"https:\/\/www.hbrkahta.com\/index.php\/wp-json\/wp\/v2\/users\/1"}],"replies":[{"embeddable":true,"href":"https:\/\/www.hbrkahta.com\/index.php\/wp-json\/wp\/v2\/comments?post=18776"}],"version-history":[{"count":1,"href":"https:\/\/www.hbrkahta.com\/index.php\/wp-json\/wp\/v2\/posts\/18776\/revisions"}],"predecessor-version":[{"id":18778,"href":"https:\/\/www.hbrkahta.com\/index.php\/wp-json\/wp\/v2\/posts\/18776\/revisions\/18778"}],"wp:featuredmedia":[{"embeddable":true,"href":"https:\/\/www.hbrkahta.com\/index.php\/wp-json\/wp\/v2\/media\/18777"}],"wp:attachment":[{"href":"https:\/\/www.hbrkahta.com\/index.php\/wp-json\/wp\/v2\/media?parent=18776"}],"wp:term":[{"taxonomy":"category","embeddable":true,"href":"https:\/\/www.hbrkahta.com\/index.php\/wp-json\/wp\/v2\/categories?post=18776"},{"taxonomy":"post_tag","embeddable":true,"href":"https:\/\/www.hbrkahta.com\/index.php\/wp-json\/wp\/v2\/tags?post=18776"}],"curies":[{"name":"wp","href":"https:\/\/api.w.org\/{rel}","templated":true}]}}