{"id":18773,"date":"2025-10-08T22:24:04","date_gmt":"2025-10-08T19:24:04","guid":{"rendered":"https:\/\/www.hbrkahta.com\/?p=18773"},"modified":"2025-10-08T22:24:04","modified_gmt":"2025-10-08T19:24:04","slug":"anahtar-parti-golbasi-ilce-baskani-gokhan-tepe-istifa-etti","status":"publish","type":"post","link":"https:\/\/www.hbrkahta.com\/index.php\/2025\/10\/08\/anahtar-parti-golbasi-ilce-baskani-gokhan-tepe-istifa-etti\/","title":{"rendered":"Anahtar Parti G\u00f6lba\u015f\u0131 \u0130l\u00e7e Ba\u015fkan\u0131 G\u00f6khan Tepe istifa etti"},"content":{"rendered":"<p>&#8216;Sonu\u00e7 odakl\u0131y\u0131m, memlekete faydal\u0131 olamad\u0131\u011f\u0131m\u0131 d\u00fc\u015f\u00fcn\u00fcyorum&#8217;<\/p>\n<p>Yakla\u015f\u0131k bir y\u0131ld\u0131r g\u00f6revini s\u00fcrd\u00fcren G\u00f6khan Tepe, yapt\u0131\u011f\u0131 a\u00e7\u0131klamada istifas\u0131n\u0131n gerek\u00e7elerini dile getirirken duygusal ifadeler kulland\u0131. Tepe, g\u00f6rev s\u00fcresi boyunca G\u00f6lba\u015f\u0131&#8217;na hizmet etmek i\u00e7in \u00e7aba g\u00f6sterdi\u011fini ancak yeterli ilerlemenin sa\u011flanamad\u0131\u011f\u0131n\u0131 vurgulad\u0131:<\/p>\n<p>&#8220;Bir y\u0131ll\u0131k s\u00fcre\u00e7te \u00e7ok videolar \u00e7ektik, \u00e7ok emek verdim. Neden verdim? Sadece memleketime, do\u011fdu\u011fum topraklara ve beraber b\u00fcy\u00fcd\u00fc\u011f\u00fcm\u00fcz insanlara nas\u0131l faydal\u0131 olabilirim diye. Yakla\u015f\u0131k bir ayd\u0131r \u015fehir d\u0131\u015f\u0131ndayd\u0131m, geldim ki \u00e7ok bir de\u011fi\u015fiklik g\u00f6rmedim. Bu beni derinden etkiledi. Ben sonu\u00e7 odakl\u0131 bir adam\u0131m. Faydal\u0131 olmal\u0131y\u0131m ama memlekette bir ilerleme yok.&#8221;<\/p>\n<p>Tepe, \u00f6zellikle il\u00e7edeki altyap\u0131 sorunlar\u0131n\u0131n \u00e7\u00f6z\u00fclmemesinden duydu\u011fu rahats\u0131zl\u0131\u011f\u0131 dile getirerek siyasilerden birlik \u00e7a\u011fr\u0131s\u0131 yapt\u0131:<\/p>\n<p>&#8220;Art\u0131k sizden ricam bir birlik yolu al\u0131n, birlik olun. \u015eu yol 3 y\u0131l oldu. Devlet isterse 2 ayda bitirir. Yeter ki yukar\u0131 makamlara ula\u015f\u0131ls\u0131n. \u0130nsanlar\u0131m\u0131z\u0131n bu halde olmas\u0131 beni \u00e7ok etkiliyor. Kendi ac\u0131m bana yetiyor ama onlara daha \u00e7ok \u00fcz\u00fcl\u00fcyorum.&#8221;<\/p>\n<p>&#8216;Foto\u011fraf \u00e7ektirmekle hizmet olmaz&#8217;<\/p>\n<p>Tepe, G\u00f6lba\u015f\u0131&#8217;n\u0131n uzun s\u00fcredir \u00e7\u00f6z\u00fcm bekleyen sorunlar\u0131na dikkat \u00e7ekerek siyasileri somut ad\u0131mlar atmaya davet etti:<\/p>\n<p>&#8220;Bir an \u00f6nce \u015fu ana yolun bitirilmesini, \u00e7ocuklar\u0131m\u0131z\u0131n tozdan, \u00e7amurdan kurtar\u0131lmas\u0131n\u0131 istiyorum. G\u00f6l\u00fcm\u00fcz yava\u015f yava\u015f \u00e7ekiliyor, buna da \u00e7\u00f6z\u00fcm bulunmal\u0131. Art\u0131k &#8216;\u015fu geldi foto\u011fraf \u00e7ektir, bu gitti foto\u011fraf \u00e7ektir&#8217; devri ge\u00e7meli. Siyasilerimizden ricam, memlekete ger\u00e7ekten faydal\u0131 olun.&#8221;<\/p>\n<p>\u0130l\u00e7e ba\u015fkanl\u0131\u011f\u0131 i\u00e7in ba\u015fvurular ba\u015flad\u0131<\/p>\n<p>Anahtar Parti&#8217;nin Ad\u0131yaman genelinde te\u015fkilatlanma ve \u00fcye say\u0131s\u0131 artmaya devam ederken, G\u00f6lba\u015f\u0131&#8217;nda ya\u015fanan bu geli\u015fmenin ard\u0131ndan il\u00e7e ba\u015fkanl\u0131\u011f\u0131 i\u00e7in \u00e7ok say\u0131da ba\u015fvuru yap\u0131ld\u0131\u011f\u0131 ve de\u011ferlendirme s\u00fcrecinin devam etti\u011fi \u00f6\u011frenildi.<\/p>\n<p>G\u00f6khan Tepe, a\u00e7\u0131klamas\u0131n\u0131n sonunda g\u00f6rev s\u00fcresince birlikte \u00e7al\u0131\u015ft\u0131\u011f\u0131 partililere te\u015fekk\u00fcr ederek \u015fu ifadelerle s\u00f6zlerini tamamlad\u0131:<\/p>\n<p>&#8220;Bu s\u00fcre\u00e7te kimi k\u0131rd\u0131ysam, \u00fczd\u00fcysem hakk\u0131n\u0131 helal etsin. Benden yana herkese helal olsun. Rabbim in\u015fallah o eski g\u00fczel G\u00f6lba\u015f\u0131&#8217;n\u0131 \u00f6lmeden g\u00f6rmeyi nasip eder.&#8221;<\/p>\n<p>Kaynak : PERRE<\/p>\n","protected":false},"excerpt":{"rendered":"<p>ADIYAMAN (PERRE) &#8211; Murat KAYI\u015e  &#8211; Ad\u0131yaman&#8217;\u0131n G\u00f6lba\u015f\u0131 il\u00e7esinde Anahtar Parti \u0130l\u00e7e Ba\u015fkanl\u0131\u011f\u0131 g\u00f6revini y\u00fcr\u00fcten G\u00f6khan Tepe, g\u00f6revinden istifa etti\u011fini a\u00e7\u0131klad\u0131. Tepe, yapt\u0131\u011f\u0131 a\u00e7\u0131klamada istifa dilek\u00e7esini Anahtar Parti Ad\u0131yaman \u0130l Ba\u015fkan\u0131 Emircan Ahmet Alsan&#8217;a sundu\u011funu belirterek g\u00f6revinden ayr\u0131ld\u0131\u011f\u0131n\u0131 kamuoyuyla payla\u015ft\u0131. \u0130l Ba\u015fkan\u0131 Alsan da Tepe&#8217;ye bug\u00fcne kadarki hizmetlerinden dolay\u0131 te\u015fekk\u00fcr ederek istifay\u0131 kabul etti\u011fini bildirdi.<\/p>\n","protected":false},"author":1,"featured_media":18774,"comment_status":"open","ping_status":"open","sticky":false,"template":"","format":"standard","meta":{"om_disable_all_campaigns":false,"_monsterinsights_skip_tracking":false,"_monsterinsights_sitenote_active":false,"_monsterinsights_sitenote_note":"","_monsterinsights_sitenote_category":0,"footnotes":""},"categories":[1,11],"tags":[540,745],"aioseo_notices":[],"_links":{"self":[{"href":"https:\/\/www.hbrkahta.com\/index.php\/wp-json\/wp\/v2\/posts\/18773"}],"collection":[{"href":"https:\/\/www.hbrkahta.com\/index.php\/wp-json\/wp\/v2\/posts"}],"about":[{"href":"https:\/\/www.hbrkahta.com\/index.php\/wp-json\/wp\/v2\/types\/post"}],"author":[{"embeddable":true,"href":"https:\/\/www.hbrkahta.com\/index.php\/wp-json\/wp\/v2\/users\/1"}],"replies":[{"embeddable":true,"href":"https:\/\/www.hbrkahta.com\/index.php\/wp-json\/wp\/v2\/comments?post=18773"}],"version-history":[{"count":1,"href":"https:\/\/www.hbrkahta.com\/index.php\/wp-json\/wp\/v2\/posts\/18773\/revisions"}],"predecessor-version":[{"id":18775,"href":"https:\/\/www.hbrkahta.com\/index.php\/wp-json\/wp\/v2\/posts\/18773\/revisions\/18775"}],"wp:featuredmedia":[{"embeddable":true,"href":"https:\/\/www.hbrkahta.com\/index.php\/wp-json\/wp\/v2\/media\/18774"}],"wp:attachment":[{"href":"https:\/\/www.hbrkahta.com\/index.php\/wp-json\/wp\/v2\/media?parent=18773"}],"wp:term":[{"taxonomy":"category","embeddable":true,"href":"https:\/\/www.hbrkahta.com\/index.php\/wp-json\/wp\/v2\/categories?post=18773"},{"taxonomy":"post_tag","embeddable":true,"href":"https:\/\/www.hbrkahta.com\/index.php\/wp-json\/wp\/v2\/tags?post=18773"}],"curies":[{"name":"wp","href":"https:\/\/api.w.org\/{rel}","templated":true}]}}