{"id":18743,"date":"2025-10-08T19:00:04","date_gmt":"2025-10-08T16:00:04","guid":{"rendered":"https:\/\/www.hbrkahta.com\/?p=18743"},"modified":"2025-10-08T19:00:04","modified_gmt":"2025-10-08T16:00:04","slug":"adiyaman-universitesi-ile-genc-nesiller-derneginden-genclere-yonelik-is-birligi-protokolu","status":"publish","type":"post","link":"https:\/\/www.hbrkahta.com\/index.php\/2025\/10\/08\/adiyaman-universitesi-ile-genc-nesiller-derneginden-genclere-yonelik-is-birligi-protokolu\/","title":{"rendered":"Ad\u0131yaman \u00dcniversitesi ile Gen\u00e7 Nesiller Derne\u011fi\u2019nden gen\u00e7lere y\u00f6nelik i\u015f birli\u011fi protokol\u00fc"},"content":{"rendered":"<p>E\u011fitim, sosyal sorumluluk ve g\u00f6n\u00fcll\u00fcl\u00fck alanlar\u0131nda ortak ad\u0131mlar<\/p>\n<p>Ad\u0131yaman \u00dcniversitesi Rekt\u00f6r Vekili Prof. Dr. Selcen Y\u00fcksel Perkta\u015f ile Gen\u00e7 Nesiller Derne\u011fi Genel Ba\u015fkan\u0131 Hasan Nusret D\u00fc\u015f\u00fck taraf\u0131ndan imzalanan protokol, taraflar\u0131n misyonlar\u0131n\u0131n kesi\u015fti\u011fi e\u011fitim, k\u00fclt\u00fcr, sanat, gen\u00e7lik, spor ve g\u00f6n\u00fcll\u00fcl\u00fck gibi bir\u00e7ok alanda i\u015f birli\u011fi yap\u0131lmas\u0131n\u0131 \u00f6ng\u00f6r\u00fcyor.<\/p>\n<p>Protokol kapsam\u0131nda;<\/p>\n<p>Gen\u00e7lerin sosyal, k\u00fclt\u00fcrel ve e\u011fitsel geli\u015fimlerini destekleyecek ortak etkinlikler d\u00fczenlenecek,<\/p>\n<p>Afet bilinci, kad\u0131n ve \u00e7ocuk haklar\u0131, g\u00f6n\u00fcll\u00fcl\u00fck, sosyal sorumluluk ve insani yard\u0131m alanlar\u0131nda projeler y\u00fcr\u00fct\u00fclecek,<\/p>\n<p>\u00dcniversite \u00f6\u011frencilerinin saha \u00e7al\u0131\u015fmalar\u0131 ve sosyal sorumluluk projelerine g\u00f6n\u00fcll\u00fc olarak kat\u0131l\u0131m\u0131 te\u015fvik edilecek,<\/p>\n<p>Ulusal ve uluslararas\u0131 proje \u00e7a\u011fr\u0131lar\u0131na ortak ba\u015fvurular yap\u0131lacak,<\/p>\n<p>Ortak seminerler, e\u011fitim programlar\u0131, k\u00fclt\u00fcr-sanat etkinlikleri ve spor organizasyonlar\u0131 ger\u00e7ekle\u015ftirilecek.<\/p>\n<p>Akademik bilgi ile sivil toplum tecr\u00fcbesi bulu\u015facak<\/p>\n<p>Protokolle birlikte, \u00fcniversitenin akademik birikimi ile sivil toplumun saha deneyimi bir araya getirilecek. \u00d6\u011frenciler, derslerini aksatmayacak \u015fekilde derne\u011fin y\u00fcr\u00fctt\u00fc\u011f\u00fc g\u00f6n\u00fcll\u00fcl\u00fck projelerine kat\u0131larak pratik deneyim kazanabilecek. Ayr\u0131ca \u00f6\u011frenciler, ara\u015ft\u0131rma projelerinde g\u00f6rev alabilecek ve saha g\u00f6zlemlerini akademik \u00e7al\u0131\u015fmalar\u0131na entegre edebilecek.<\/p>\n<p>K\u00fclt\u00fcr-sanat etkinliklerinden sosyal sorumluluk projelerine kadar geni\u015f bir yelpazede yap\u0131lacak ortak \u00e7al\u0131\u015fmalarla \u00f6\u011frencilerin topluma katk\u0131 sa\u011flayan bireyler olarak yeti\u015fmeleri hedefleniyor.<\/p>\n<p>Ortak koordinasyon kurulu ve proje destekleri<\/p>\n<p>\u0130\u015f birli\u011fi kapsam\u0131nda taraflardan \u00fc\u00e7er temsilcinin yer alaca\u011f\u0131 bir Koordinasyon Kurulu olu\u015fturulacak. Kurul y\u0131lda en az iki kez toplanarak y\u00fcr\u00fct\u00fclen faaliyetleri de\u011ferlendirecek ve rapor haz\u0131rlayacak. Ayr\u0131ca taraflar, yerel ve uluslararas\u0131 hibe \u00e7a\u011fr\u0131lar\u0131na birlikte ba\u015fvurarak projeler i\u00e7in kaynak geli\u015ftirme \u00e7al\u0131\u015fmalar\u0131 y\u00fcr\u00fctecek.<\/p>\n<p>\u00dcniversite, \u00f6\u011frencilere akademik dan\u0131\u015fmanl\u0131k ve uzman deste\u011fi sa\u011flayacak, \u00f6\u011frencilerin g\u00f6n\u00fcll\u00fc faaliyetlere kat\u0131l\u0131m\u0131 i\u00e7in gerekli y\u00f6nlendirmeleri yapacak. Dernek ise etkinliklerin organizasyonu, saha \u00e7al\u0131\u015fmalar\u0131 ve sponsorluk deste\u011fi gibi konularda sorumluluk \u00fcstlenecek.<\/p>\n<p><img decoding=\"async\" alt=\"\" src=\"https:\/\/www.hbrkahta.com\/wp-content\/uploads\/2025\/10\/adiyaman-universitesi-ile-genc-nesiller-derneginden-genclere-yonelik-is-birligi-protokolu-0-zyIeZTEA.jpg\"><\/p>\n<p>&#8216;Gen\u00e7lere y\u00f6nelik \u00f6nemli \u00e7al\u0131\u015fmalar yap\u0131lacak&#8217;<\/p>\n<p>Gen\u00e7 Nesiller Derne\u011fi Genel Ba\u015fkan\u0131 Hasan Nusret D\u00fc\u015f\u00fck, imzalanan protokole ili\u015fkin yapt\u0131\u011f\u0131 a\u00e7\u0131klamada, \u00fcniversitenin akademik birikimi ile derne\u011fin saha tecr\u00fcbelerinin birle\u015fmesinin gen\u00e7ler i\u00e7in \u00f6nemli f\u0131rsatlar yarataca\u011f\u0131n\u0131 vurgulad\u0131:<\/p>\n<p>&#8220;Bu i\u015f birli\u011fiyle birlikte Ad\u0131yaman&#8217;da gen\u00e7lere y\u00f6nelik bilim, k\u00fclt\u00fcr ve sanat odakl\u0131 \u00e7ok \u00f6nemli \u00e7al\u0131\u015fmalar ger\u00e7ekle\u015ftirece\u011fiz. Akademik bilgi ve sivil toplum tecr\u00fcbesinin bir araya gelmesiyle gen\u00e7lerimizin daha donan\u0131ml\u0131, daha bilin\u00e7li ve topluma daha faydal\u0131 bireyler olarak yeti\u015fmesine katk\u0131 sa\u011flayaca\u011f\u0131z.&#8221;<\/p>\n<p>D\u00fc\u015f\u00fck, ayr\u0131ca \u00f6zellikle deprem sonras\u0131 d\u00f6nemde ortaya koydu\u011fu vizyoner liderlik ve y\u00fcr\u00fctt\u00fc\u011f\u00fc profesyonel \u00e7al\u0131\u015fmalarla \u00fcniversiteye b\u00fcy\u00fck bir ivme kazand\u0131ran Ad\u0131yaman \u00dcniversitesi Rekt\u00f6r\u00fc Prof. Dr. Mehmet Kele\u015f ve de\u011ferli ekibine \u015f\u00fckranlar\u0131n\u0131 sundu.<\/p>\n<p>Protokol s\u00fcreci boyunca g\u00f6sterdi\u011fi yak\u0131n ilgi ve destekleri nedeniyle Rekt\u00f6r Vekili Prof. Dr. Selcen Y\u00fcksel Perkta\u015f&#8217;a da te\u015fekk\u00fcr eden D\u00fc\u015f\u00fck, bu i\u015f birli\u011finin gen\u00e7lik politikalar\u0131 a\u00e7\u0131s\u0131ndan \u00f6nemli bir d\u00f6n\u00fcm noktas\u0131 oldu\u011funu s\u00f6zlerine ekledi.<\/p>\n<p>Ad\u0131yaman \u00dcniversitesi ile Gen\u00e7 Nesiller Derne\u011fi&#8217;nin ortak \u00e7al\u0131\u015fmas\u0131, gen\u00e7lerin akademik ve toplumsal hayatta daha aktif rol almalar\u0131na katk\u0131 sa\u011flamay\u0131 ve \u00fcniversite-sivil toplum i\u015f birli\u011fini g\u00fc\u00e7lendirmeyi ama\u00e7l\u0131yor.<\/p>\n<p>Kaynak : PERRE<\/p>\n","protected":false},"excerpt":{"rendered":"<p>ADIYAMAN (PERRE) &#8211; Murat KAYI\u015e &#8211; Ad\u0131yaman \u00dcniversitesi ile Gen\u00e7 Nesiller Derne\u011fi aras\u0131nda, gen\u00e7lerin akademik ve sosyal geli\u015fimlerine katk\u0131 sa\u011flamay\u0131 ama\u00e7layan kapsaml\u0131 bir i\u015f birli\u011fi protokol\u00fc imzaland\u0131. Protokolle birlikte e\u011fitimden k\u00fclt\u00fcre, sosyal sorumluluk projelerinden ara\u015ft\u0131rma \u00e7al\u0131\u015fmalar\u0131na kadar pek \u00e7ok alanda ortak faaliyetlerin hayata ge\u00e7irilmesi hedefleniyor.<\/p>\n","protected":false},"author":1,"featured_media":18744,"comment_status":"open","ping_status":"open","sticky":false,"template":"","format":"standard","meta":{"om_disable_all_campaigns":false,"_monsterinsights_skip_tracking":false,"_monsterinsights_sitenote_active":false,"_monsterinsights_sitenote_note":"","_monsterinsights_sitenote_category":0,"footnotes":""},"categories":[1,11],"tags":[2473,540,292,1025,715],"aioseo_notices":[],"_links":{"self":[{"href":"https:\/\/www.hbrkahta.com\/index.php\/wp-json\/wp\/v2\/posts\/18743"}],"collection":[{"href":"https:\/\/www.hbrkahta.com\/index.php\/wp-json\/wp\/v2\/posts"}],"about":[{"href":"https:\/\/www.hbrkahta.com\/index.php\/wp-json\/wp\/v2\/types\/post"}],"author":[{"embeddable":true,"href":"https:\/\/www.hbrkahta.com\/index.php\/wp-json\/wp\/v2\/users\/1"}],"replies":[{"embeddable":true,"href":"https:\/\/www.hbrkahta.com\/index.php\/wp-json\/wp\/v2\/comments?post=18743"}],"version-history":[{"count":1,"href":"https:\/\/www.hbrkahta.com\/index.php\/wp-json\/wp\/v2\/posts\/18743\/revisions"}],"predecessor-version":[{"id":18746,"href":"https:\/\/www.hbrkahta.com\/index.php\/wp-json\/wp\/v2\/posts\/18743\/revisions\/18746"}],"wp:featuredmedia":[{"embeddable":true,"href":"https:\/\/www.hbrkahta.com\/index.php\/wp-json\/wp\/v2\/media\/18744"}],"wp:attachment":[{"href":"https:\/\/www.hbrkahta.com\/index.php\/wp-json\/wp\/v2\/media?parent=18743"}],"wp:term":[{"taxonomy":"category","embeddable":true,"href":"https:\/\/www.hbrkahta.com\/index.php\/wp-json\/wp\/v2\/categories?post=18743"},{"taxonomy":"post_tag","embeddable":true,"href":"https:\/\/www.hbrkahta.com\/index.php\/wp-json\/wp\/v2\/tags?post=18743"}],"curies":[{"name":"wp","href":"https:\/\/api.w.org\/{rel}","templated":true}]}}