{"id":18726,"date":"2025-10-08T15:24:04","date_gmt":"2025-10-08T12:24:04","guid":{"rendered":"https:\/\/www.hbrkahta.com\/?p=18726"},"modified":"2025-10-08T15:24:04","modified_gmt":"2025-10-08T12:24:04","slug":"kirgizistanin-ankara-buyukelcisi-kazakbaev-gap-bolgesini-gormek-istiyorum","status":"publish","type":"post","link":"https:\/\/www.hbrkahta.com\/index.php\/2025\/10\/08\/kirgizistanin-ankara-buyukelcisi-kazakbaev-gap-bolgesini-gormek-istiyorum\/","title":{"rendered":"K\u0131rg\u0131zistan\u2019\u0131n Ankara B\u00fcy\u00fckel\u00e7isi Kazakbaev: \u2018GAP B\u00f6lgesini G\u00f6rmek \u0130stiyorum\u2019"},"content":{"rendered":"<p>GAP Gazeteciler Birli\u011fi Genel Ba\u015fkan\u0131 Zeynel Abidin K\u0131ymaz, Genel Ba\u015fkan Vekili Hamit \u00d6zpolat, Genel Ba\u015fkan Yard\u0131mc\u0131s\u0131 Mustafa Ayhan ve Hidayet \u00d6zpolat&#8217;tan olu\u015fan heyet, K\u0131rg\u0131zistan&#8217;\u0131n Ankara B\u00fcy\u00fckel\u00e7isi Ruslan Kazakbaev&#8217;i ziyaret etti. G\u00f6r\u00fc\u015fmede, 25 Ekim&#8217;de Romanya&#8217;n\u0131n ba\u015fkenti B\u00fckre\u015f&#8217;te d\u00fczenlenecek 17. GAP Oscar \u00d6d\u00fclleri T\u00f6reni ve Romanya-T\u00fcrkiye Ticaret ve Sanayi Odas\u0131&#8217;n\u0131n 30. Y\u0131l D\u00f6n\u00fcm\u00fc etkinlikleri i\u00e7in davet ger\u00e7ekle\u015ftirildi.<\/p>\n<p><img decoding=\"async\" alt=\"\" src=\"https:\/\/www.hbrkahta.com\/wp-content\/uploads\/2025\/10\/kirgizistanin-ankara-buyukelcisi-kazakbaev-gap-bolgesini-gormek-istiyorum-0-hVwCYApy.jpg\"><\/p>\n<p>K\u0131rg\u0131zistan&#8217;\u0131n yan\u0131 s\u0131ra Karada\u011f ve Kuzey Makedonya b\u00fcy\u00fckel\u00e7ili\u011fi g\u00f6revlerini de y\u00fcr\u00fcten Ruslan Kazakbaev, GAP Gazeteciler Birli\u011fi&#8217;nin T\u00fcrk Cumhuriyetleri aras\u0131ndaki i\u015f birli\u011fi \u00e7al\u0131\u015fmalar\u0131n\u0131 takdirle kar\u015f\u0131lad\u0131\u011f\u0131n\u0131 belirterek, &#8220;GAP b\u00f6lgesinde g\u00f6rev yap\u0131yorsunuz, beni de davet ettiniz. Ben de GAP b\u00f6lgesini &#8211; Ad\u0131yaman, \u015eanl\u0131urfa ve Mardin illerini &#8211; g\u00f6rmek istiyorum. T\u00fcrkiye, d\u00fcnyan\u0131n kalbi say\u0131lacak bir b\u00f6lgede yer al\u0131yor. Cumhurba\u015fkan\u0131 Recep Tayyip Erdo\u011fan liderli\u011finde, T\u00fcrkiye y\u00fckselen bir \u00fclke. T\u00fcrk Devletleri Te\u015fkilat\u0131 ile birlikte \u00fclkeler aras\u0131nda her alanda i\u015f birli\u011fi artacakt\u0131r. 21. y\u00fczy\u0131l T\u00fcrk asr\u0131 olacakt\u0131r&#8221; ifadelerini kulland\u0131.<\/p>\n<p>B\u00fcy\u00fckel\u00e7iden Samimi Mesaj: &#8220;Kap\u0131m\u0131z Her Zaman A\u00e7\u0131k&#8221;<\/p>\n<p>B\u00fcy\u00fckel\u00e7i Kazakbaev, GAP Gazeteciler Birli\u011fi heyetini b\u00fcy\u00fckel\u00e7ilikte a\u011f\u0131rlamaktan duydu\u011fu memnuniyeti dile getirerek, &#8220;Hamit \u00d6zpolat Bey benim eski, de\u011ferli bir dostumdur. Kap\u0131m\u0131z sizlere her zaman a\u00e7\u0131k. Buras\u0131 K\u0131rg\u0131zistan topra\u011f\u0131 say\u0131l\u0131r, sizleri burada a\u011f\u0131rlamaktan onur duydum&#8221; dedi.<\/p>\n<p>K\u0131ymaz&#8217;dan Davet: &#8220;Ad\u0131yaman ve \u015eanl\u0131urfa Sizi Bekliyor&#8221;<\/p>\n<p>GAP Gazeteciler Birli\u011fi Genel Ba\u015fkan\u0131 Zeynel Abidin K\u0131ymaz ise B\u00fcy\u00fckel\u00e7i Kazakbaev&#8217;in s\u0131cak ilgisinden dolay\u0131 te\u015fekk\u00fcr ederek, &#8220;Cemiyetimizin merkezi Ad\u0131yaman&#8217;da bulunuyor. Ad\u0131yaman, \u015eanl\u0131urfa, Mardin ve Diyarbak\u0131r; tarihi ve k\u00fclt\u00fcrel de\u011ferleriyle g\u00f6r\u00fclmesi gereken illerimizdir. Sizi ve \u00e7al\u0131\u015fma arkada\u015flar\u0131n\u0131z\u0131 GAP b\u00f6lgesine davet ediyoruz. 17. GAP Oscar \u00d6d\u00fcl T\u00f6reni&#8217;nde de sizleri aram\u0131zda g\u00f6rmekten mutluluk duyar\u0131z&#8221; diye konu\u015ftu.<\/p>\n<p>Kaynak : PERRE<\/p>\n","protected":false},"excerpt":{"rendered":"<p>ADIYAMAN (PERRE) &#8211; \u015eeriban \u00d6Z\u00c7AKMAK &#8211; K\u0131rg\u0131zistan&#8217;\u0131n Ankara B\u00fcy\u00fckel\u00e7isi Ruslan Kazakbaev, GAP Gazeteciler Birli\u011fi heyetiyle bir araya geldi\u011fi ziyarette Ad\u0131yaman, \u015eanl\u0131urfa ve Mardin illerini kapsayan GAP b\u00f6lgesini g\u00f6rmek istedi\u011fini s\u00f6yledi.<\/p>\n","protected":false},"author":1,"featured_media":18727,"comment_status":"open","ping_status":"open","sticky":false,"template":"","format":"standard","meta":{"om_disable_all_campaigns":false,"_monsterinsights_skip_tracking":false,"_monsterinsights_sitenote_active":false,"_monsterinsights_sitenote_note":"","_monsterinsights_sitenote_category":0,"footnotes":""},"categories":[1,11],"tags":[1696,2141,2615,105],"aioseo_notices":[],"_links":{"self":[{"href":"https:\/\/www.hbrkahta.com\/index.php\/wp-json\/wp\/v2\/posts\/18726"}],"collection":[{"href":"https:\/\/www.hbrkahta.com\/index.php\/wp-json\/wp\/v2\/posts"}],"about":[{"href":"https:\/\/www.hbrkahta.com\/index.php\/wp-json\/wp\/v2\/types\/post"}],"author":[{"embeddable":true,"href":"https:\/\/www.hbrkahta.com\/index.php\/wp-json\/wp\/v2\/users\/1"}],"replies":[{"embeddable":true,"href":"https:\/\/www.hbrkahta.com\/index.php\/wp-json\/wp\/v2\/comments?post=18726"}],"version-history":[{"count":1,"href":"https:\/\/www.hbrkahta.com\/index.php\/wp-json\/wp\/v2\/posts\/18726\/revisions"}],"predecessor-version":[{"id":18729,"href":"https:\/\/www.hbrkahta.com\/index.php\/wp-json\/wp\/v2\/posts\/18726\/revisions\/18729"}],"wp:featuredmedia":[{"embeddable":true,"href":"https:\/\/www.hbrkahta.com\/index.php\/wp-json\/wp\/v2\/media\/18727"}],"wp:attachment":[{"href":"https:\/\/www.hbrkahta.com\/index.php\/wp-json\/wp\/v2\/media?parent=18726"}],"wp:term":[{"taxonomy":"category","embeddable":true,"href":"https:\/\/www.hbrkahta.com\/index.php\/wp-json\/wp\/v2\/categories?post=18726"},{"taxonomy":"post_tag","embeddable":true,"href":"https:\/\/www.hbrkahta.com\/index.php\/wp-json\/wp\/v2\/tags?post=18726"}],"curies":[{"name":"wp","href":"https:\/\/api.w.org\/{rel}","templated":true}]}}