{"id":18629,"date":"2025-10-06T16:36:06","date_gmt":"2025-10-06T13:36:06","guid":{"rendered":"https:\/\/www.hbrkahta.com\/?p=18629"},"modified":"2025-10-06T16:36:06","modified_gmt":"2025-10-06T13:36:06","slug":"adiyamanda-sanat-ve-uretim-bulustu-nazan-tastan-yapicinin-coco-mamiel-seramik-atolyesi-acildi","status":"publish","type":"post","link":"https:\/\/www.hbrkahta.com\/index.php\/2025\/10\/06\/adiyamanda-sanat-ve-uretim-bulustu-nazan-tastan-yapicinin-coco-mamiel-seramik-atolyesi-acildi\/","title":{"rendered":"Ad\u0131yaman\u2019da sanat ve \u00fcretim bulu\u015ftu: Nazan Ta\u015ftan Yap\u0131c\u0131\u2019n\u0131n \u2018Coco Mamiel\u2019 seramik at\u00f6lyesi a\u00e7\u0131ld\u0131"},"content":{"rendered":"<p>A\u00e7\u0131l\u0131\u015fa yo\u011fun ilgi<\/p>\n<p>A\u00e7\u0131l\u0131\u015f t\u00f6renine Ad\u0131yaman \u0130l K\u00fclt\u00fcr ve Turizm M\u00fcd\u00fcr\u00fc Mehmet Yelken, Ad\u0131yaman Belediye Ba\u015fkan Yard\u0131mc\u0131s\u0131 Burak Binzet, CHP Ad\u0131yaman \u0130l Ba\u015fkan\u0131 Engin Do\u011fan, CHP Merkez \u0130l\u00e7e Ba\u015fkan\u0131 H\u00fcseyin Bulu\u015f, Gen\u00e7 Nesiller Derne\u011fi Genel Ba\u015fkan\u0131 Hasan Nusret D\u00fc\u015f\u00fck, Adiyamanlilar.net sitesi imtiyaz sahibi Yunus Ya\u015far, foto\u011fraf sanat\u00e7\u0131s\u0131 Beh\u00e7et Atabek, PERRE Haber Ajans\u0131 Genel Yay\u0131n Y\u00f6netmeni Abdurrahman Ak\u00e7al, sivil toplum kurulu\u015fu temsilcileri ve \u00e7ok say\u0131da davetli kat\u0131ld\u0131.<\/p>\n<p><img decoding=\"async\" alt=\"\" src=\"https:\/\/www.hbrkahta.com\/wp-content\/uploads\/2025\/10\/adiyamanda-sanat-ve-uretim-bulustu-nazan-tastan-yapicinin-coco-mamiel-seramik-atolyesi-acildi-XilbxRXq.jpg\"><\/p>\n<p>&#8220;Ad\u0131yaman&#8217;a \u00e7ok \u015fey katt\u0131&#8221;<\/p>\n<p>A\u00e7\u0131l\u0131\u015fta konu\u015fan Ad\u0131yaman Belediye Ba\u015fkan Yard\u0131mc\u0131s\u0131 Burak Binzet, Nazan Ta\u015ftan Yap\u0131c\u0131&#8217;n\u0131n sanata olan katk\u0131lar\u0131n\u0131 \u00f6verek \u015funlar\u0131 s\u00f6yledi:<\/p>\n<p>&#8220;Bug\u00fcn Ad\u0131yaman&#8217;da sanata ait \u00e7ok g\u00fczel bir yer daha a\u00e7\u0131ld\u0131. Nazan Hocam\u0131z\u0131n sanat\u00e7\u0131 ki\u015fili\u011fini uzun y\u0131llard\u0131r biliyorum. Kitaplardan televizyon programlar\u0131na kadar bir\u00e7ok alanda ba\u015far\u0131 g\u00f6sterdi. \u015eimdi de seramik alan\u0131nda g\u00f6z kama\u015ft\u0131r\u0131c\u0131 bir mek&acirc;n kazand\u0131rd\u0131. \u0130nsanlar\u0131n gelip g\u00f6rmesi, ilham almas\u0131 gereken bir yer. Ad\u0131yaman&#8217;a \u00e7ok \u015fey katt\u0131 ve katmaya devam ediyor. Kendisini y\u00fcrekten tebrik ediyorum.&#8221;<\/p>\n<p><img decoding=\"async\" alt=\"\" src=\"https:\/\/www.hbrkahta.com\/wp-content\/uploads\/2025\/10\/adiyamanda-sanat-ve-uretim-bulustu-nazan-tastan-yapicinin-coco-mamiel-seramik-atolyesi-acildi-eIsKXIPP.jpg\"><\/p>\n<p>&#8220;Toprakla \u00fcretim ruhu iyile\u015ftiriyor&#8221;<\/p>\n<p>Coco Mamiel&#8217;in yaln\u0131zca bir ma\u011faza de\u011fil ayn\u0131 zamanda bir \u00fcretim ve tasar\u0131m alan\u0131 oldu\u011funu vurgulayan Nazan Ta\u015ftan Yap\u0131c\u0131, \u00e7ini ve seramik sanat\u0131n\u0131n \u00f6nemine dikkat \u00e7ekti:<\/p>\n<p>&#8220;Ma\u011fazam\u0131z hem \u00fcretim hem sat\u0131\u015f hem de kafe konseptiyle hizmet veriyor. Hammaddeden ba\u015flayarak \u00e7amurun \u015fekillendirilmesi, f\u0131r\u0131nlanmas\u0131, boyanmas\u0131 ve dekorlanmas\u0131 gibi \u00e7ok a\u015famal\u0131 bir s\u00fcre\u00e7 y\u00fcr\u00fct\u00fcyoruz. Tasar\u0131mda s\u0131n\u0131r yok; hayal g\u00fcc\u00fcyle say\u0131s\u0131z eser ortaya \u00e7\u0131kabilir. Geleneksel fig\u00fcrlerden \u00e7a\u011fda\u015f tasar\u0131mlara kadar geni\u015f bir yelpazemiz var. Ayr\u0131ca seramik sanat\u0131, ruhsal rehabilitasyon a\u00e7\u0131s\u0131ndan da \u00e7ok de\u011ferli. Toprakla u\u011fra\u015fmak insan\u0131n enerjisini dengeliyor.&#8221;<\/p>\n<p><img decoding=\"async\" alt=\"\" src=\"https:\/\/www.hbrkahta.com\/wp-content\/uploads\/2025\/10\/adiyamanda-sanat-ve-uretim-bulustu-nazan-tastan-yapicinin-coco-mamiel-seramik-atolyesi-acildi-dBOyFjKc.jpg\"><\/p>\n<p>&#8220;\u015eiirden serami\u011fe uzanan bir sanat yolculu\u011fu&#8221;<\/p>\n<p>A\u00e7\u0131l\u0131\u015fta konu\u015fan \u0130l K\u00fclt\u00fcr ve Turizm M\u00fcd\u00fcr\u00fc Mehmet Yelken, Nazan Ta\u015ftan Yap\u0131c\u0131&#8217;n\u0131n k\u00fclt\u00fcrel hayata olan katk\u0131s\u0131na de\u011findi:<\/p>\n<p>&#8220;Bug\u00fcn \u00e7ok k\u0131ymetli bir a\u00e7\u0131l\u0131\u015fa \u015fahit oluyoruz. Nazan Han\u0131m&#8217;\u0131 y\u0131llard\u0131r \u015fiir ve edebiyat alan\u0131ndaki katk\u0131lar\u0131yla tan\u0131yoruz. Ancak seramik alan\u0131nda da \u00f6nemli i\u015fler yapt\u0131\u011f\u0131n\u0131 biliyoruz. Bu mek&acirc;n Ad\u0131yaman i\u00e7in bir de\u011fer olacak. Kendisine te\u015fekk\u00fcr ediyor, hay\u0131rl\u0131 olmas\u0131n\u0131 diliyorum.&#8221;<\/p>\n<p><img decoding=\"async\" alt=\"\" src=\"https:\/\/www.hbrkahta.com\/wp-content\/uploads\/2025\/10\/adiyamanda-sanat-ve-uretim-bulustu-nazan-tastan-yapicinin-coco-mamiel-seramik-atolyesi-acildi-2BKq1vTj.jpg\"><\/p>\n<p>&#8220;Hayalimin pe\u015finden gittim&#8221;<\/p>\n<p>8 y\u0131ld\u0131r seramik ve \u00e7ini sanat\u0131yla ilgilendi\u011fini ifade eden Nazan Ta\u015ftan Yap\u0131c\u0131, deprem sonras\u0131nda bu alanda profesyonel bir ad\u0131m atma karar\u0131 ald\u0131\u011f\u0131n\u0131 s\u00f6yledi:<\/p>\n<p>&#8220;Deprem s\u00fcrecinden sonra memleketime d\u00f6nd\u00fc\u011f\u00fcmde, uzun zamand\u0131r emek verdi\u011fim bu alan\u0131 mesle\u011fe d\u00f6n\u00fc\u015ft\u00fcrmeye karar verdim. Seramik ve \u00e7ini, s\u0131n\u0131rs\u0131z \u00fcretim ve tasar\u0131m imk&acirc;n\u0131 sunan bir alan. Hayal g\u00fcc\u00fcne hitap ediyor, g\u00f6rsel \u00e7e\u015fitlilik sa\u011fl\u0131yor. Bu nedenle Ad\u0131yaman&#8217;da b\u00f6yle bir yer a\u00e7may\u0131 istedim. Coco Mamiel&#8217;de hem \u00fcretim hem sat\u0131\u015f hem de sanatla i\u00e7 i\u00e7e vakit ge\u00e7irme imk&acirc;n\u0131 sunuyoruz. T\u00fcm dostlar\u0131m\u0131z\u0131 bu yeni mek&acirc;na davet ediyorum.&#8221;<\/p>\n<p><img decoding=\"async\" alt=\"\" src=\"https:\/\/www.hbrkahta.com\/wp-content\/uploads\/2025\/10\/adiyamanda-sanat-ve-uretim-bulustu-nazan-tastan-yapicinin-coco-mamiel-seramik-atolyesi-acildi-4Fte8tMB.jpg\"><\/p>\n<p>Geleneksel sanatla modern tasar\u0131m bulu\u015ftu<\/p>\n<p>&#8220;Coco Mamiel&#8221;, hem geleneksel Anadolu sanat\u0131n\u0131n k\u00f6klerine dayanan \u00e7ini ve seramik \u00fcretimini ya\u015fatmay\u0131 hem de modern tasar\u0131m anlay\u0131\u015f\u0131n\u0131 ziyaret\u00e7ilerle bulu\u015fturmay\u0131 ama\u00e7l\u0131yor. At\u00f6lye ayn\u0131 zamanda sanat merakl\u0131lar\u0131 i\u00e7in workshop ve e\u011fitimlerin d\u00fczenlenece\u011fi bir merkez olarak da faaliyet g\u00f6sterecek.<\/p>\n<p>Kaynak : PERRE<\/p>\n","protected":false},"excerpt":{"rendered":"<p>ADIYAMAN (PERRE) &#8211; Murat KAYI\u015e &#8211; Ad\u0131yaman Alt\u0131n\u015fehir Mahallesi&#8217;ndeki Aryon AVM&#8217;de, E\u011fitimci-Yazar, Televizyon Programc\u0131s\u0131 ve Seramik Sanat\u00e7\u0131s\u0131 Nazan Ta\u015ftan Yap\u0131c\u0131 taraf\u0131ndan hayata ge\u00e7irilen &#8220;Coco Mamiel&#8221; seramik kafe at\u00f6lyesi d\u00fczenlenen t\u00f6renle a\u00e7\u0131ld\u0131. Sanatseverlerin b\u00fcy\u00fck ilgi g\u00f6sterdi\u011fi a\u00e7\u0131l\u0131\u015fta, sanatla \u00fcretimi ve geleneksel k\u00fclt\u00fcr\u00fc bir araya getiren yeni mek\u00e2n\u0131n Ad\u0131yaman&#8217;\u0131n k\u00fclt\u00fcrel hayat\u0131na \u00f6nemli bir katk\u0131 sunmas\u0131 bekleniyor.<\/p>\n","protected":false},"author":1,"featured_media":18630,"comment_status":"open","ping_status":"open","sticky":false,"template":"","format":"standard","meta":{"om_disable_all_campaigns":false,"_monsterinsights_skip_tracking":false,"_monsterinsights_sitenote_active":false,"_monsterinsights_sitenote_note":"","_monsterinsights_sitenote_category":0,"footnotes":""},"categories":[1,11],"tags":[559,540,972,1009,2660],"aioseo_notices":[],"_links":{"self":[{"href":"https:\/\/www.hbrkahta.com\/index.php\/wp-json\/wp\/v2\/posts\/18629"}],"collection":[{"href":"https:\/\/www.hbrkahta.com\/index.php\/wp-json\/wp\/v2\/posts"}],"about":[{"href":"https:\/\/www.hbrkahta.com\/index.php\/wp-json\/wp\/v2\/types\/post"}],"author":[{"embeddable":true,"href":"https:\/\/www.hbrkahta.com\/index.php\/wp-json\/wp\/v2\/users\/1"}],"replies":[{"embeddable":true,"href":"https:\/\/www.hbrkahta.com\/index.php\/wp-json\/wp\/v2\/comments?post=18629"}],"version-history":[{"count":1,"href":"https:\/\/www.hbrkahta.com\/index.php\/wp-json\/wp\/v2\/posts\/18629\/revisions"}],"predecessor-version":[{"id":18636,"href":"https:\/\/www.hbrkahta.com\/index.php\/wp-json\/wp\/v2\/posts\/18629\/revisions\/18636"}],"wp:featuredmedia":[{"embeddable":true,"href":"https:\/\/www.hbrkahta.com\/index.php\/wp-json\/wp\/v2\/media\/18630"}],"wp:attachment":[{"href":"https:\/\/www.hbrkahta.com\/index.php\/wp-json\/wp\/v2\/media?parent=18629"}],"wp:term":[{"taxonomy":"category","embeddable":true,"href":"https:\/\/www.hbrkahta.com\/index.php\/wp-json\/wp\/v2\/categories?post=18629"},{"taxonomy":"post_tag","embeddable":true,"href":"https:\/\/www.hbrkahta.com\/index.php\/wp-json\/wp\/v2\/tags?post=18629"}],"curies":[{"name":"wp","href":"https:\/\/api.w.org\/{rel}","templated":true}]}}