{"id":18626,"date":"2025-10-06T15:24:04","date_gmt":"2025-10-06T12:24:04","guid":{"rendered":"https:\/\/www.hbrkahta.com\/?p=18626"},"modified":"2025-10-06T15:24:04","modified_gmt":"2025-10-06T12:24:04","slug":"adiyamanda-30-kisinin-yaralandigi-kavganin-taraflari-baristirildi","status":"publish","type":"post","link":"https:\/\/www.hbrkahta.com\/index.php\/2025\/10\/06\/adiyamanda-30-kisinin-yaralandigi-kavganin-taraflari-baristirildi\/","title":{"rendered":"Ad\u0131yaman\u2019da 30 ki\u015finin yaraland\u0131\u011f\u0131 kavgan\u0131n taraflar\u0131 bar\u0131\u015ft\u0131r\u0131ld\u0131"},"content":{"rendered":"<p>Tarlada ba\u015flayan kavga adliye \u00f6n\u00fcne ta\u015ft\u0131<\/p>\n<p>Ge\u00e7ti\u011fimiz hafta, G\u00fcm\u00fc\u015fkaya K\u00f6y\u00fc&#8217;nde muhtarl\u0131k se\u00e7imi nedeniyle uzun s\u00fcredir aralar\u0131nda husumet bulunan iki aile aras\u0131nda tarlada tart\u0131\u015fma \u00e7\u0131kt\u0131. K\u0131sa s\u00fcrede b\u00fcy\u00fcyen tart\u0131\u015fma ta\u015f, sopa ve b\u0131\u00e7aklar\u0131n kullan\u0131ld\u0131\u011f\u0131 kavgaya d\u00f6n\u00fc\u015ft\u00fc.<\/p>\n<p>\u0130lk olarak k\u00f6yde ba\u015flayan kavga, adliyeye g\u00f6t\u00fcr\u00fclmek \u00fczere sevk edilen ki\u015filerle birlikte Ad\u0131yaman Adalet Saray\u0131 \u00f6n\u00fcne ta\u015f\u0131nd\u0131. Burada da devam eden olaylarda taraflar birbirlerine sald\u0131rd\u0131. \u015eiddetli arbede sonucu 30 ki\u015fi yaralan\u0131rken, \u00e7ok say\u0131da ki\u015fi g\u00f6zalt\u0131na al\u0131nd\u0131. Yaral\u0131lar, sa\u011fl\u0131k ekiplerinin ilk m\u00fcdahalesinin ard\u0131ndan hastanelere kald\u0131r\u0131ld\u0131.<\/p>\n<p>Kanaat \u00f6nderleri devreye girdi, bar\u0131\u015f sa\u011fland\u0131<\/p>\n<p>Olaylar\u0131n ard\u0131ndan b\u00f6lgede tansiyonun y\u00fckselmemesi i\u00e7in kanaat \u00f6nderleri, k\u00f6y muhtarlar\u0131 ve aile b\u00fcy\u00fckleri devreye girdi. Yap\u0131lan g\u00f6r\u00fc\u015fmeler sonucunda taraflar bar\u0131\u015fmaya ikna edildi ve y\u0131llard\u0131r s\u00fcren husumetin sona erdirilmesi konusunda mutabakata var\u0131ld\u0131.<\/p>\n<p>G\u00fcm\u00fc\u015fkaya K\u00f6y\u00fc sakinleri, bar\u0131\u015f s\u00fcrecine katk\u0131 sa\u011flayan kanaat \u00f6nderleri ve muhtarlara te\u015fekk\u00fcr etti. K\u00f6yl\u00fcler, bundan sonra benzer olaylar\u0131n ya\u015fanmamas\u0131 i\u00e7in daha dikkatli olunaca\u011f\u0131n\u0131 belirtti.<\/p>\n<p>Se\u00e7im kaynakl\u0131 gerginlik toplumsal \u00e7at\u0131\u015fmaya d\u00f6n\u00fc\u015ft\u00fc<\/p>\n<p>Yetkililer, muhtarl\u0131k se\u00e7imlerinden sonra ya\u015fanan uzun s\u00fcreli gerginli\u011fin olaylara zemin haz\u0131rlad\u0131\u011f\u0131n\u0131 belirtti. Adliye \u00f6n\u00fcne ta\u015f\u0131nan olaylar nedeniyle b\u00f6lgede g\u00fcvenlik \u00f6nlemleri art\u0131r\u0131l\u0131rken, kavga ile ilgili soru\u015fturman\u0131n s\u00fcrd\u00fc\u011f\u00fc \u00f6\u011frenildi.<\/p>\n<p>Kaynak : PERRE<\/p>\n","protected":false},"excerpt":{"rendered":"<p>ADIYAMAN (PERRE) &#8211; \u0130brahim \u00d6TELE\u015e &#8211; Ad\u0131yaman&#8217;da G\u00fcm\u00fc\u015fkaya K\u00f6y\u00fc&#8217;nde muhtarl\u0131k se\u00e7iminden kaynaklanan husumet nedeniyle tarlada ba\u015flayan ve Ad\u0131yaman Adalet Saray\u0131 \u00f6n\u00fcne ta\u015f\u0131nan kavga, 30 ki\u015finin yaralanmas\u0131yla sonu\u00e7land\u0131. Olay sonras\u0131 g\u00f6zalt\u0131na al\u0131nan \u00e7ok say\u0131da ki\u015finin ard\u0131ndan taraflar, b\u00f6lgenin kanaat \u00f6nderleri ve muhtarlar\u0131n araya girmesiyle bar\u0131\u015ft\u0131r\u0131ld\u0131.<\/p>\n","protected":false},"author":1,"featured_media":18627,"comment_status":"open","ping_status":"open","sticky":false,"template":"","format":"standard","meta":{"om_disable_all_campaigns":false,"_monsterinsights_skip_tracking":false,"_monsterinsights_sitenote_active":false,"_monsterinsights_sitenote_note":"","_monsterinsights_sitenote_category":0,"footnotes":""},"categories":[1,11],"tags":[837],"aioseo_notices":[],"_links":{"self":[{"href":"https:\/\/www.hbrkahta.com\/index.php\/wp-json\/wp\/v2\/posts\/18626"}],"collection":[{"href":"https:\/\/www.hbrkahta.com\/index.php\/wp-json\/wp\/v2\/posts"}],"about":[{"href":"https:\/\/www.hbrkahta.com\/index.php\/wp-json\/wp\/v2\/types\/post"}],"author":[{"embeddable":true,"href":"https:\/\/www.hbrkahta.com\/index.php\/wp-json\/wp\/v2\/users\/1"}],"replies":[{"embeddable":true,"href":"https:\/\/www.hbrkahta.com\/index.php\/wp-json\/wp\/v2\/comments?post=18626"}],"version-history":[{"count":1,"href":"https:\/\/www.hbrkahta.com\/index.php\/wp-json\/wp\/v2\/posts\/18626\/revisions"}],"predecessor-version":[{"id":18628,"href":"https:\/\/www.hbrkahta.com\/index.php\/wp-json\/wp\/v2\/posts\/18626\/revisions\/18628"}],"wp:featuredmedia":[{"embeddable":true,"href":"https:\/\/www.hbrkahta.com\/index.php\/wp-json\/wp\/v2\/media\/18627"}],"wp:attachment":[{"href":"https:\/\/www.hbrkahta.com\/index.php\/wp-json\/wp\/v2\/media?parent=18626"}],"wp:term":[{"taxonomy":"category","embeddable":true,"href":"https:\/\/www.hbrkahta.com\/index.php\/wp-json\/wp\/v2\/categories?post=18626"},{"taxonomy":"post_tag","embeddable":true,"href":"https:\/\/www.hbrkahta.com\/index.php\/wp-json\/wp\/v2\/tags?post=18626"}],"curies":[{"name":"wp","href":"https:\/\/api.w.org\/{rel}","templated":true}]}}