{"id":18617,"date":"2025-10-06T14:36:04","date_gmt":"2025-10-06T11:36:04","guid":{"rendered":"https:\/\/www.hbrkahta.com\/?p=18617"},"modified":"2025-10-06T14:36:04","modified_gmt":"2025-10-06T11:36:04","slug":"gazze-icin-sessiz-ciglik-zinciri-kadinlar-meydanlarda-bulustu","status":"publish","type":"post","link":"https:\/\/www.hbrkahta.com\/index.php\/2025\/10\/06\/gazze-icin-sessiz-ciglik-zinciri-kadinlar-meydanlarda-bulustu\/","title":{"rendered":"Gazze i\u00e7in &#8216;Sessiz \u00c7\u0131\u011fl\u0131k&#8217; zinciri: Kad\u0131nlar meydanlarda bulu\u015ftu"},"content":{"rendered":"<p><span><span><span>\u015eeriban \u00d6Z\u00c7AKMAK &#8211; Ad\u0131yaman&#8217;da AK Parti Kad\u0131n Kollar\u0131 \u00f6nc\u00fcl\u00fc\u011f\u00fcnde d\u00fczenlenen etkinlikte, kad\u0131nlar el ele tutu\u015farak \u0130srail&#8217;in sald\u0131r\u0131lar\u0131na ve Filistin&#8217;de devam eden ablukan\u0131n yol a\u00e7t\u0131\u011f\u0131 trajediye dikkat \u00e7ekti.<\/span><\/span><\/span><\/p>\n<p><span><span><span>Kad\u0131nlardan D\u00fcnyaya Vicdan \u00c7a\u011fr\u0131s\u0131<\/span><\/span><\/span><\/p>\n<p><span><span><span>Ad\u0131yaman Eski Valilik Meydan\u0131&#8217;nda d\u00fczenlenen etkinlikte konu\u015fan AK Parti Kad\u0131n Kollar\u0131 temsilcileri, Gazze&#8217;de ya\u015fanan ac\u0131lar\u0131n insanl\u0131\u011f\u0131n ortak meselesi oldu\u011funu vurgulad\u0131. A\u00e7\u0131klamada, &#8220;Bir annenin, bir baban\u0131n yitik hayali, bir \u00e7ocu\u011fun hi\u00e7 g\u00f6remeyece\u011fi bahar ve bir bebe\u011fin hi\u00e7 ya\u015fayamayaca\u011f\u0131 \u00e7ocukluk&#8230; \u0130\u015fte bu ac\u0131n\u0131n ad\u0131 Gazze&#8221; ifadeleri kullan\u0131ld\u0131.<\/span><\/span><\/span><\/p>\n<p><span><span><span>Etkinlikte herkese hitaben konu\u015fan AK Parti Ad\u0131yaman \u0130l Kad\u0131n Kollar\u0131 Ba\u015fkan\u0131 Av. Saliha Diler, \u015funlar\u0131 s\u00f6yledi:<\/span><\/span><\/span><\/p>\n<p><span><span><span>&#8220;Gazze&#8217;de evlatlar\u0131n\u0131 kaybeden anne babalar\u0131n, \u00f6ks\u00fcz kalan \u00e7ocuklar\u0131n ve insanl\u0131k onurunu kaybetmeyenlerin sesi olmak i\u00e7in meydanlarday\u0131z. &#8220;Biz, &#8216;\u00e7ocuklar\u0131m\u0131n karn\u0131 doyacaksa \u00f6l\u00fcme raz\u0131y\u0131m&#8217; diyen Gazzeli annenin sesi olmak i\u00e7in buraday\u0131z. Bu zulm\u00fc g\u00f6rmezden gelen herkese soruyoruz: Kalbiniz nerede? Y\u00fcce Allah, &#8216;Bir insan\u0131 \u00f6ld\u00fcren, b\u00fct\u00fcn insanl\u0131\u011f\u0131 \u00f6ld\u00fcrm\u00fc\u015f gibidir&#8217; buyuruyor. Gazze bu ayetin en \u00e7arp\u0131c\u0131 s\u0131nav\u0131d\u0131r.&#8221;<\/span><\/span><\/span><\/p>\n<p><span><span><span>&#8220;Bar\u0131\u015f Kad\u0131nla M\u00fcmk\u00fcnd\u00fcr&#8221;<\/span><\/span><\/span><\/p>\n<p><span><span><span>&#8220;\u0130stanbul&#8217;dan Hakkari&#8217;ye, Trabzon&#8217;dan Erzurum&#8217;a kadar t\u00fcm kad\u0131nlara sesleniyoruz: Bar\u0131\u015f kad\u0131nla m\u00fcmk\u00fcnd\u00fcr. Bu mesele siyasi de\u011fil, insanl\u0131k meselesidir. Slogan atm\u0131yoruz, vicdanlar\u0131m\u0131zla hayk\u0131r\u0131yoruz. \u00c7\u00fcnk\u00fc baz\u0131 sessizlikler vard\u0131r ki, ar\u015f\u0131 yere indirir. Bizim sessizli\u011fimiz Gazze&#8217;nin en g\u00fcr \u00e7\u0131\u011fl\u0131\u011f\u0131 olacakt\u0131r.&#8221;<\/span><\/span><\/span><\/p>\n<p><span><span><span>Sumud Filosu&#8217;na Destek Vurgusu<\/span><\/span><\/span><\/p>\n<p><span><span><span>Bar\u0131\u015f\u00e7\u0131l bir \u015fekilde yola \u00e7\u0131kan ve uluslararas\u0131 sularda haydut \u0130srail&#8217;in hukuksuz m\u00fcdahalesine u\u011frayan K\u00fcresel Sumud Filosu&#8217;nu d\u00fcnya \u00f6ylece seyretti. Say\u0131n Cumhurba\u015fkan\u0131m\u0131z Recep Tayyip Erdo\u011fan&#8217;\u0131n kararl\u0131 tutumu, bu adaletsizlik kar\u015f\u0131s\u0131nda da sessiz kalmad\u0131. Sadece kendi \u00fclkesinin vatanda\u015flar\u0131n\u0131n de\u011fil, 13 farkl\u0131 \u00fclkeden 101 g\u00f6n\u00fcll\u00fcn\u00fcn de \u00fclkelerine g\u00fcvenle d\u00f6nebilmelerini sa\u011flad\u0131. &#8220;Bizler, ablukay\u0131 delmek ve insanl\u0131k onurunu korumak i\u00e7in m\u00fccadele eden kahramanlar\u0131n \u00fclkemize d\u00f6n\u00fc\u015flerinde yanlar\u0131ndayd\u0131k. Hepsinin dilinde ayn\u0131 temenni vard\u0131: &#8216;Umar\u0131z Gazze&#8217;ye bir umut \u0131\u015f\u0131\u011f\u0131 olabilmi\u015fizdir.&#8217; Bug\u00fcn o umut s\u00f6zleri bu meydanda yank\u0131lan\u0131yor.&#8221;<\/span><\/span><\/span><\/p>\n<p><span><span><span>&#8220;Sessiz \u00c7\u0131\u011fl\u0131k&#8221; Zinciri B\u00fcy\u00fcyor<\/span><\/span><\/span><\/p>\n<p><span><span><span>Ad\u0131yaman&#8217;da ba\u015flayan ve T\u00fcrkiye&#8217;nin d\u00f6rt bir yan\u0131nda e\u015f zamanl\u0131 olarak kurulan zincir, Gazze&#8217;de ya\u015fanan insanl\u0131k dram\u0131na dikkat \u00e7ekmeyi ama\u00e7l\u0131yor. Kad\u0131nlar, etkinlik boyunca ellerinde ta\u015f\u0131d\u0131klar\u0131 pankartlarla &#8220;Bar\u0131\u015f kad\u0131nla m\u00fcmk\u00fcnd\u00fcr&#8221; ve &#8220;Nehirden denize \u00f6zg\u00fcr Filistin&#8221; mesajlar\u0131n\u0131 payla\u015ft\u0131.<\/span><\/span><\/span><\/p>\n<p><span><span><span>&#8220;Umar\u0131m Bu Sosyal Duyarl\u0131l\u0131k, T\u00fcm T\u00fcrkiye&#8217;de ve T\u00fcm D\u00fcnyada Yank\u0131 Bulur&#8221;<\/span><\/span><\/span><\/p>\n<p><span><span><span>Bas\u0131n a\u00e7\u0131klamas\u0131n\u0131n ard\u0131ndan konu\u015fmaya devam eden AK Parti Ad\u0131yaman \u0130l Kad\u0131n Kollar\u0131 Ba\u015fkan\u0131 Av. Saliha Diler, Filistin&#8217;deki kad\u0131nlar\u0131n, \u00e7ocuklar\u0131n ve masum olan b\u00fct\u00fcn herkesin yan\u0131nda olduklar\u0131n\u0131 g\u00f6stermeye gayret ettiklerini dile getirerek \u015funlar\u0131 s\u00f6yledi:<\/span><\/span><\/span><\/p>\n<p><span><span><span>Bug\u00fcn, Filistin&#8217;deki masum din karde\u015flerimiz i\u00e7in buraday\u0131z. K\u00fcresel Sumud Filosu bize \u015funu g\u00f6sterdi ki; mazlumun halen umudu var ve o umuda direni\u015f g\u00f6steren kocaman bir \u00fcmmet var. Biz de Cumhurba\u015fkan\u0131m\u0131z Recep Tayyip Erdo\u011fan&#8217;\u0131n \u00f6nderli\u011finde, 81 ilde Kad\u0131n Kollar\u0131 olarak burada oldu\u011fumuzu g\u00f6stermek nam\u0131na &#8216;Sessiz \u00c7\u0131\u011fl\u0131k&#8217; diyerek yola \u00e7\u0131kt\u0131k ve hepimiz zincir halkas\u0131 olu\u015fturarak Filistin&#8217;deki kad\u0131nlar\u0131n, \u00e7ocuklar\u0131n ve masum olan herkesin yan\u0131nda oldu\u011fumuzu g\u00f6stermeye gayret ettik. Umar\u0131m bu sosyal duyarl\u0131l\u0131k, t\u00fcm T\u00fcrkiye&#8217;de ve t\u00fcm d\u00fcnyada yank\u0131 bulur, \u0130srail&#8217;in Filistin \u00fczerinde uygulam\u0131\u015f oldu\u011fu bu soyk\u0131r\u0131m bir an \u00f6nce sona erer ve Filistin&#8217;deki karde\u015flerimizle birlikte Kud\u00fcs&#8217;te Mescid-i Aksa&#8217;da namaz k\u0131lmak hepimize nasip olur in\u015fallah.&#8221;<\/span><\/span><\/span><\/p>\n<p><span><span><span>Etkinlik, &#8220;Sessizli\u011fimiz Gazze&#8217;nin \u00e7\u0131\u011fl\u0131\u011f\u0131 olacak&#8221; mesaj\u0131yla sona erdi. Kat\u0131l\u0131mc\u0131lar, zulm\u00fcn son bulmas\u0131 ve Filistin halk\u0131n\u0131n \u00f6zg\u00fcrl\u00fc\u011f\u00fcne kavu\u015fmas\u0131 i\u00e7in d\u00fcnyaya ortak bir vicdan \u00e7a\u011fr\u0131s\u0131nda bulundu.<\/span><\/span><\/span><\/p>\n<p>Kaynak : PERRE<\/p>\n","protected":false},"excerpt":{"rendered":"<p>ADIYAMAN (PERRE) &#8211; Gazze&#8217;de ya\u015fanan insani dram\u0131n y\u0131l d\u00f6n\u00fcm\u00fcnde T\u00fcrkiye&#8217;nin 81 ilinde kad\u0131nlar, anneler ve gen\u00e7ler, &#8220;Sessiz \u00c7\u0131\u011fl\u0131k&#8221; zinciriyle bir araya geldi.<\/p>\n","protected":false},"author":1,"featured_media":18618,"comment_status":"open","ping_status":"open","sticky":false,"template":"","format":"standard","meta":{"om_disable_all_campaigns":false,"_monsterinsights_skip_tracking":false,"_monsterinsights_sitenote_active":false,"_monsterinsights_sitenote_note":"","_monsterinsights_sitenote_category":0,"footnotes":""},"categories":[1,11],"tags":[540,574,649,466,2747],"aioseo_notices":[],"_links":{"self":[{"href":"https:\/\/www.hbrkahta.com\/index.php\/wp-json\/wp\/v2\/posts\/18617"}],"collection":[{"href":"https:\/\/www.hbrkahta.com\/index.php\/wp-json\/wp\/v2\/posts"}],"about":[{"href":"https:\/\/www.hbrkahta.com\/index.php\/wp-json\/wp\/v2\/types\/post"}],"author":[{"embeddable":true,"href":"https:\/\/www.hbrkahta.com\/index.php\/wp-json\/wp\/v2\/users\/1"}],"replies":[{"embeddable":true,"href":"https:\/\/www.hbrkahta.com\/index.php\/wp-json\/wp\/v2\/comments?post=18617"}],"version-history":[{"count":1,"href":"https:\/\/www.hbrkahta.com\/index.php\/wp-json\/wp\/v2\/posts\/18617\/revisions"}],"predecessor-version":[{"id":18619,"href":"https:\/\/www.hbrkahta.com\/index.php\/wp-json\/wp\/v2\/posts\/18617\/revisions\/18619"}],"wp:featuredmedia":[{"embeddable":true,"href":"https:\/\/www.hbrkahta.com\/index.php\/wp-json\/wp\/v2\/media\/18618"}],"wp:attachment":[{"href":"https:\/\/www.hbrkahta.com\/index.php\/wp-json\/wp\/v2\/media?parent=18617"}],"wp:term":[{"taxonomy":"category","embeddable":true,"href":"https:\/\/www.hbrkahta.com\/index.php\/wp-json\/wp\/v2\/categories?post=18617"},{"taxonomy":"post_tag","embeddable":true,"href":"https:\/\/www.hbrkahta.com\/index.php\/wp-json\/wp\/v2\/tags?post=18617"}],"curies":[{"name":"wp","href":"https:\/\/api.w.org\/{rel}","templated":true}]}}