{"id":18614,"date":"2025-10-06T14:24:04","date_gmt":"2025-10-06T11:24:04","guid":{"rendered":"https:\/\/www.hbrkahta.com\/?p=18614"},"modified":"2025-10-06T14:24:04","modified_gmt":"2025-10-06T11:24:04","slug":"il-baskani-emircan-ahmet-alsan-adiyamanin-gelecegi-icin-samimiyetle-calisiyoruz","status":"publish","type":"post","link":"https:\/\/www.hbrkahta.com\/index.php\/2025\/10\/06\/il-baskani-emircan-ahmet-alsan-adiyamanin-gelecegi-icin-samimiyetle-calisiyoruz\/","title":{"rendered":"\u0130l Ba\u015fkan\u0131 Emircan Ahmet Alsan: \u2018Ad\u0131yaman\u2019\u0131n gelece\u011fi i\u00e7in samimiyetle \u00e7al\u0131\u015f\u0131yoruz\u2019"},"content":{"rendered":"<p>&#8216;Siyaset birle\u015ftirmek demektir&#8217;<\/p>\n<p>Ziyaretin ard\u0131ndan a\u00e7\u0131klama yapan \u0130l Ba\u015fkan\u0131 Emircan Ahmet Alsan, Anahtar Parti&#8217;nin Ad\u0131yaman&#8217;daki siyaset anlay\u0131\u015f\u0131n\u0131 toplumsal birlik ve ortak ak\u0131l \u00fczerine in\u015fa ettiklerini vurgulad\u0131.<\/p>\n<p>Alsan, \u015funlar\u0131 kaydetti:<\/p>\n<p>&#8220;Bizim i\u00e7in siyaset ayr\u0131\u015ft\u0131rmak de\u011fil, birle\u015ftirmek demektir. \u015eehrimizin her sorununu \u00e7\u00f6zmek i\u00e7in devlet kurumlar\u0131yla diyalog kurmak ve halk\u0131m\u0131z\u0131n sesi olmak zorunday\u0131z. Anahtar Parti olarak kap\u0131m\u0131z Ad\u0131yaman&#8217;\u0131n her kesimine a\u00e7\u0131k. Hep birlikte, el ele vererek \u015fehrimizi gelece\u011fe haz\u0131rlayaca\u011f\u0131z.&#8221;<\/p>\n<p>Gen\u00e7lere siyasete kat\u0131l\u0131m \u00e7a\u011fr\u0131s\u0131<\/p>\n<p>Anahtar Parti&#8217;nin gen\u00e7lik yap\u0131lanmas\u0131na da de\u011finen Alsan, gen\u00e7lerin siyasete aktif kat\u0131l\u0131m\u0131n\u0131n \u00f6nemine dikkat \u00e7ekti.<\/p>\n<p>&#8220;Gen\u00e7lerimizin fikirlerine ihtiyac\u0131m\u0131z var. Onlar\u0131n enerjisi, heyecan\u0131 ve vizyonu bu \u00fclkenin gelece\u011fini \u015fekillendirecek. Gen\u00e7ler sadece ele\u015ftiren de\u011fil, \u00fcreten ve y\u00f6n veren bir siyasetin i\u00e7inde olmal\u0131. Biz gen\u00e7lere g\u00fcveniyoruz ve onlara alan a\u00e7\u0131yoruz.&#8221;<\/p>\n<p>&#8216;Samimiyet ve dayan\u0131\u015fmayla her zorlu\u011fu a\u015far\u0131z&#8217;<\/p>\n<p>Ad\u0131yaman&#8217;\u0131n gelece\u011fi i\u00e7in ortak akl\u0131n ve dayan\u0131\u015fman\u0131n \u00f6nemine de\u011finen Alsan, kentte kapsay\u0131c\u0131 bir siyasi anlay\u0131\u015f in\u015fa etmeyi hedeflediklerini belirterek \u015fu ifadeleri kulland\u0131:<\/p>\n<p>&#8220;Biz birlikte \u00e7al\u0131\u015f\u0131rsak her zorlu\u011fu a\u015far\u0131z. Bu \u015fehirde kimsenin d\u0131\u015flanmad\u0131\u011f\u0131, herkesin s\u00f6z hakk\u0131 oldu\u011fu bir siyaset anlay\u0131\u015f\u0131n\u0131 in\u015fa ediyoruz. Samimi olaca\u011f\u0131z, karde\u015f olaca\u011f\u0131z, birlikte T\u00fcrkiye olaca\u011f\u0131z. Bizim yolumuz hizmetin, adaletin ve ortak gelece\u011fin yolu.&#8221;<\/p>\n<p>Kaynak : PERRE<\/p>\n","protected":false},"excerpt":{"rendered":"<p>ADIYAMAN (PERRE) &#8211; \u015eeriban \u00d6Z\u00c7AKMAK &#8211; Anahtar Parti Ad\u0131yaman \u0130l Ba\u015fkan\u0131 Emircan Ahmet Alsan, il y\u00f6netimi, gen\u00e7lik kollar\u0131 ve y\u00fcr\u00fctme kurulu \u00fcyeleriyle birlikte Ad\u0131yaman \u0130l Emniyet M\u00fcd\u00fcr\u00fc Arzum Nazman&#8217;\u0131 ziyaret etti. Yeni g\u00f6revinde ba\u015far\u0131 dileklerini ileten Alsan, &#8220;Biz bu kente samimiyetle hizmet etmek i\u00e7in yola \u00e7\u0131kt\u0131k. Kamu kurumlar\u0131yla diyalog halinde olmak, sorunlara \u00e7\u00f6z\u00fcm \u00fcretmenin en \u00f6nemli ad\u0131m\u0131d\u0131r&#8221; dedi.<\/p>\n","protected":false},"author":1,"featured_media":18615,"comment_status":"open","ping_status":"open","sticky":false,"template":"","format":"standard","meta":{"om_disable_all_campaigns":false,"_monsterinsights_skip_tracking":false,"_monsterinsights_sitenote_active":false,"_monsterinsights_sitenote_note":"","_monsterinsights_sitenote_category":0,"footnotes":""},"categories":[1,11],"tags":[540,1747,732,1660],"aioseo_notices":[],"_links":{"self":[{"href":"https:\/\/www.hbrkahta.com\/index.php\/wp-json\/wp\/v2\/posts\/18614"}],"collection":[{"href":"https:\/\/www.hbrkahta.com\/index.php\/wp-json\/wp\/v2\/posts"}],"about":[{"href":"https:\/\/www.hbrkahta.com\/index.php\/wp-json\/wp\/v2\/types\/post"}],"author":[{"embeddable":true,"href":"https:\/\/www.hbrkahta.com\/index.php\/wp-json\/wp\/v2\/users\/1"}],"replies":[{"embeddable":true,"href":"https:\/\/www.hbrkahta.com\/index.php\/wp-json\/wp\/v2\/comments?post=18614"}],"version-history":[{"count":1,"href":"https:\/\/www.hbrkahta.com\/index.php\/wp-json\/wp\/v2\/posts\/18614\/revisions"}],"predecessor-version":[{"id":18616,"href":"https:\/\/www.hbrkahta.com\/index.php\/wp-json\/wp\/v2\/posts\/18614\/revisions\/18616"}],"wp:featuredmedia":[{"embeddable":true,"href":"https:\/\/www.hbrkahta.com\/index.php\/wp-json\/wp\/v2\/media\/18615"}],"wp:attachment":[{"href":"https:\/\/www.hbrkahta.com\/index.php\/wp-json\/wp\/v2\/media?parent=18614"}],"wp:term":[{"taxonomy":"category","embeddable":true,"href":"https:\/\/www.hbrkahta.com\/index.php\/wp-json\/wp\/v2\/categories?post=18614"},{"taxonomy":"post_tag","embeddable":true,"href":"https:\/\/www.hbrkahta.com\/index.php\/wp-json\/wp\/v2\/tags?post=18614"}],"curies":[{"name":"wp","href":"https:\/\/api.w.org\/{rel}","templated":true}]}}