{"id":18611,"date":"2025-10-06T14:12:05","date_gmt":"2025-10-06T11:12:05","guid":{"rendered":"https:\/\/www.hbrkahta.com\/?p=18611"},"modified":"2025-10-06T14:12:05","modified_gmt":"2025-10-06T11:12:05","slug":"turk-hukuk-enstitusu-adiyaman-subesi-kuruldu-avukat-mustafa-baskara-kurucu-il-baskani-oldu","status":"publish","type":"post","link":"https:\/\/www.hbrkahta.com\/index.php\/2025\/10\/06\/turk-hukuk-enstitusu-adiyaman-subesi-kuruldu-avukat-mustafa-baskara-kurucu-il-baskani-oldu\/","title":{"rendered":"T\u00fcrk Hukuk Enstit\u00fcs\u00fc Ad\u0131yaman \u015eubesi Kuruldu: Avukat Mustafa Ba\u015fkara Kurucu \u0130l Ba\u015fkan\u0131 Oldu"},"content":{"rendered":"<p>Hukukun \u00dcst\u00fcnl\u00fc\u011f\u00fc \u0130\u00e7in 1977&#8217;den Beri Faaliyet G\u00f6steriyor<\/p>\n<p>1977 y\u0131l\u0131nda kurulan T\u00fcrk Hukuk Enstit\u00fcs\u00fc, T\u00fcrkiye&#8217;de hukuk devleti ilkesini g\u00fc\u00e7lendirmek, hukukun \u00fcst\u00fcnl\u00fc\u011f\u00fcn\u00fc savunmak ve insan haklar\u0131 temelli demokratik bir d\u00fczenin geli\u015fimine katk\u0131da bulunmak amac\u0131yla \u00e7al\u0131\u015fmalar y\u00fcr\u00fct\u00fcyor. Kurulu\u015f, farkl\u0131 illerdeki \u015fubeleri arac\u0131l\u0131\u011f\u0131yla hukuk\u00e7ular, akademisyenler ve hukuk \u00f6\u011frencilerini bir araya getirerek hukuki sorunlara \u00e7\u00f6z\u00fcm \u00fcretmeyi ve toplumsal fark\u0131ndal\u0131k olu\u015fturmay\u0131 hedefliyor.<\/p>\n<p>Hukukun evrensel ilkeleri do\u011frultusunda \u00e7al\u0131\u015fmalar yapan enstit\u00fc, bug\u00fcne kadar d\u00fczenledi\u011fi konferanslar, seminerler, raporlar ve yay\u0131nlarla hukuk sisteminin geli\u015fimine katk\u0131 sundu. T\u00fcrkiye genelinde bir\u00e7ok ilde temsilcili\u011fi bulunan T\u00fcrk Hukuk Enstit\u00fcs\u00fc, yeni a\u00e7\u0131lan Ad\u0131yaman \u015eubesi ile birlikte etkinlik alan\u0131n\u0131 daha da geni\u015fletmi\u015f oldu.<\/p>\n<p>Ad\u0131yaman&#8217;da Yeni D\u00f6nem Ba\u015fl\u0131yor<\/p>\n<p>Ad\u0131yaman&#8217;da kurulan \u015fubenin ba\u015f\u0131na kurucu il ba\u015fkan\u0131 olarak atanan Avukat Mustafa Ba\u015fkara, g\u00f6revine resmen ba\u015flad\u0131. Yeni \u015fubenin, hukuk camias\u0131 ba\u015fta olmak \u00fczere sivil toplum alan\u0131nda da \u00f6nemli bir rol \u00fcstlenmesi bekleniyor.<\/p>\n<p>Ba\u015fkara&#8217;n\u0131n \u00f6nc\u00fcl\u00fc\u011f\u00fcnde y\u00fcr\u00fct\u00fclecek \u00e7al\u0131\u015fmalar kapsam\u0131nda, hukuk\u00e7ular\u0131n mesleki geli\u015fimine katk\u0131 sa\u011flayacak e\u011fitim programlar\u0131, paneller ve toplant\u0131lar d\u00fczenlenmesi; gen\u00e7 hukuk\u00e7ulara y\u00f6nelik fark\u0131ndal\u0131k projeleri geli\u015ftirilmesi ve hukukun \u00fcst\u00fcnl\u00fc\u011f\u00fc ilkesinin yerel d\u00fczeyde daha etkin \u015fekilde savunulmas\u0131 planlan\u0131yor.<\/p>\n<p>Yerelde G\u00fc\u00e7l\u00fc Hukuk Platformu Hedefi<\/p>\n<p>T\u00fcrk Hukuk Enstit\u00fcs\u00fc Ad\u0131yaman \u015eubesi&#8217;nin, \u015fehirdeki hukuk\u00e7ular, hukuk \u00f6\u011frencileri ve ilgili sivil toplum kurulu\u015flar\u0131 i\u00e7in \u00f6nemli bir bulu\u015fma noktas\u0131 olmas\u0131 bekleniyor. \u015eube, hem yerel hukuki meselelerde \u00e7\u00f6z\u00fcm odakl\u0131 \u00e7al\u0131\u015fmalar y\u00fcr\u00fctmeyi hem de ulusal d\u00fczeydeki hukuk politikalar\u0131na katk\u0131 sunmay\u0131 ama\u00e7l\u0131yor.<\/p>\n<p>Yeni a\u00e7\u0131lan \u015fube, ayn\u0131 zamanda Ad\u0131yaman&#8217;da hukuki fark\u0131ndal\u0131\u011f\u0131 art\u0131racak seminer ve etkinliklerle kamuoyunu bilgilendirmeyi de hedefliyor.<\/p>\n<p>T\u00fcrk Hukuk Enstit\u00fcs\u00fc&#8217;n\u00fcn Ad\u0131yaman&#8217;da faaliyete ba\u015flamas\u0131yla birlikte, kentte hukuk alan\u0131nda sivil inisiyatifin daha da g\u00fc\u00e7lenmesi ve hukukun \u00fcst\u00fcnl\u00fc\u011f\u00fc ilkesinin yerel d\u00fczeyde daha etkin \u015fekilde savunulmas\u0131 bekleniyor. Kurucu \u0130l Ba\u015fkan\u0131 Av. Mustafa Ba\u015fkara y\u00f6netimindeki yeni yap\u0131lanman\u0131n \u00f6n\u00fcm\u00fczdeki d\u00f6nemde \u00f6nemli \u00e7al\u0131\u015fmalara imza atmas\u0131 \u00f6ng\u00f6r\u00fcl\u00fcyor.<\/p>\n<p>Kaynak : PERRE<\/p>\n","protected":false},"excerpt":{"rendered":"<p>ADIYAMAN (PERRE) &#8211; Murat KAYI\u015e &#8211; T\u00fcrkiye&#8217;nin en k\u00f6kl\u00fc hukuk kurulu\u015flar\u0131ndan biri olan T\u00fcrk Hukuk Enstit\u00fcs\u00fc, Ad\u0131yaman&#8217;da \u015fube a\u00e7arak faaliyet alan\u0131n\u0131 geni\u015fletti. Yeni kurulan Ad\u0131yaman \u015eubesi&#8217;nin kurucu il ba\u015fkanl\u0131\u011f\u0131na Avukat Mustafa Ba\u015fkara atand\u0131.<\/p>\n","protected":false},"author":1,"featured_media":18612,"comment_status":"open","ping_status":"open","sticky":false,"template":"","format":"standard","meta":{"om_disable_all_campaigns":false,"_monsterinsights_skip_tracking":false,"_monsterinsights_sitenote_active":false,"_monsterinsights_sitenote_note":"","_monsterinsights_sitenote_category":0,"footnotes":""},"categories":[1,11],"tags":[540,292,305,535],"aioseo_notices":[],"_links":{"self":[{"href":"https:\/\/www.hbrkahta.com\/index.php\/wp-json\/wp\/v2\/posts\/18611"}],"collection":[{"href":"https:\/\/www.hbrkahta.com\/index.php\/wp-json\/wp\/v2\/posts"}],"about":[{"href":"https:\/\/www.hbrkahta.com\/index.php\/wp-json\/wp\/v2\/types\/post"}],"author":[{"embeddable":true,"href":"https:\/\/www.hbrkahta.com\/index.php\/wp-json\/wp\/v2\/users\/1"}],"replies":[{"embeddable":true,"href":"https:\/\/www.hbrkahta.com\/index.php\/wp-json\/wp\/v2\/comments?post=18611"}],"version-history":[{"count":1,"href":"https:\/\/www.hbrkahta.com\/index.php\/wp-json\/wp\/v2\/posts\/18611\/revisions"}],"predecessor-version":[{"id":18613,"href":"https:\/\/www.hbrkahta.com\/index.php\/wp-json\/wp\/v2\/posts\/18611\/revisions\/18613"}],"wp:featuredmedia":[{"embeddable":true,"href":"https:\/\/www.hbrkahta.com\/index.php\/wp-json\/wp\/v2\/media\/18612"}],"wp:attachment":[{"href":"https:\/\/www.hbrkahta.com\/index.php\/wp-json\/wp\/v2\/media?parent=18611"}],"wp:term":[{"taxonomy":"category","embeddable":true,"href":"https:\/\/www.hbrkahta.com\/index.php\/wp-json\/wp\/v2\/categories?post=18611"},{"taxonomy":"post_tag","embeddable":true,"href":"https:\/\/www.hbrkahta.com\/index.php\/wp-json\/wp\/v2\/tags?post=18611"}],"curies":[{"name":"wp","href":"https:\/\/api.w.org\/{rel}","templated":true}]}}