{"id":18603,"date":"2025-10-06T13:48:04","date_gmt":"2025-10-06T10:48:04","guid":{"rendered":"https:\/\/www.hbrkahta.com\/?p=18603"},"modified":"2025-10-06T13:48:04","modified_gmt":"2025-10-06T10:48:04","slug":"sumerevlerde-degisim-basladi-tutdereden-sozlu-taahhut-30-ekime-kadar-piril-piril-olacak","status":"publish","type":"post","link":"https:\/\/www.hbrkahta.com\/index.php\/2025\/10\/06\/sumerevlerde-degisim-basladi-tutdereden-sozlu-taahhut-30-ekime-kadar-piril-piril-olacak\/","title":{"rendered":"S\u00fcmerevler\u2019de de\u011fi\u015fim ba\u015flad\u0131: Tutdere\u2019den s\u00f6zl\u00fc taahh\u00fct \u201c30 Ekim\u2019e kadar p\u0131r\u0131l p\u0131r\u0131l olacak\u201d"},"content":{"rendered":"<p>Alt ve \u00fcstyap\u0131 tamamen yenileniyor<\/p>\n<p>Depremin en \u00e7ok etkiledi\u011fi mahallelerden biri olan S\u00fcmerevler&#8217;de i\u00e7me suyu, ya\u011fmur suyu ve kanalizasyon hatlar\u0131 ba\u015ftan sona yenilendi. Altyap\u0131 \u00e7al\u0131\u015fmas\u0131n\u0131n tamamlanmas\u0131n\u0131n ard\u0131ndan \u00fcstyap\u0131 ve asfaltlama \u00e7al\u0131\u015fmalar\u0131 da ba\u015flat\u0131ld\u0131. Fen \u0130\u015fleri M\u00fcd\u00fcrl\u00fc\u011f\u00fc ekiplerinin y\u00fcr\u00fctt\u00fc\u011f\u00fc \u00e7al\u0131\u015fmalar\u0131 sahada inceleyen Ba\u015fkan Tutdere&#8217;ye S\u00fcmerevler Mahalle Muhtar\u0131 Celal Ekinci de e\u015flik etti.<\/p>\n<p>\u00c7al\u0131\u015fmalar hakk\u0131nda bilgi veren Ba\u015fkan Tutdere, S\u00fcmerevler&#8217;in Ad\u0131yaman&#8217;\u0131n en b\u00fcy\u00fck ve en eski mahallelerinden biri oldu\u011funa dikkat \u00e7ekerek \u015funlar\u0131 s\u00f6yledi:<\/p>\n<p>&#8220;S\u00fcmerevler&#8217;de deprem nedeniyle altyap\u0131 ve \u00fcstyap\u0131 ciddi zarar g\u00f6rm\u00fc\u015ft\u00fc. T\u00fcm ekiplerimizle \u00f6nce altyap\u0131y\u0131 yeniledik, ard\u0131ndan i\u00e7me suyu, ya\u011fmur suyu ve kanalizasyon hatlar\u0131n\u0131 tamamlad\u0131k. \u015eimdi \u00fcstyap\u0131 ve asfaltlama \u00e7al\u0131\u015fmalar\u0131na ba\u015flad\u0131k. Daha \u00f6nce halk\u0131m\u0131za verdi\u011fimiz s\u00f6z\u00fcn arkas\u0131nday\u0131z; 30 Ekim&#8217;e kadar S\u00fcmerevler&#8217;in altyap\u0131 ve \u00fcstyap\u0131s\u0131n\u0131 tamamlay\u0131p yollar\u0131n\u0131 tertemiz yapaca\u011f\u0131z. K\u0131sa s\u00fcrede mahallemiz p\u0131r\u0131l p\u0131r\u0131l bir g\u00f6r\u00fcn\u00fcme kavu\u015facak. T\u00fcm mahallelerimizde oldu\u011fu gibi burada da depremin izlerini tamamen silece\u011fiz.&#8221;<\/p>\n<p><img decoding=\"async\" alt=\"\" src=\"https:\/\/www.hbrkahta.com\/wp-content\/uploads\/2025\/10\/sumerevlerde-degisim-basladi-tutdereden-sozlu-taahhut-30-ekime-kadar-piril-piril-olacak-0-QInIMjJ3.jpg\"><\/p>\n<p>Ba\u015fkan Tutdere, Ad\u0131yaman Belediyesi&#8217;nin t\u00fcm imk&acirc;nlar\u0131yla sahada oldu\u011funu belirterek, &#8220;Halk\u0131m\u0131z\u0131n konfor i\u00e7inde ya\u015fad\u0131\u011f\u0131 bir \u015fehir i\u00e7in gece g\u00fcnd\u00fcz \u00e7al\u0131\u015f\u0131yoruz. Halk\u0131m\u0131zdan ald\u0131\u011f\u0131m\u0131z g\u00fc\u00e7le Ad\u0131yaman&#8217;\u0131 yeniden aya\u011fa kald\u0131raca\u011f\u0131z. Birlikte ba\u015faraca\u011f\u0131z, Ad\u0131yaman&#8217;\u0131 karde\u015fli\u011fin ve mutlulu\u011fun \u015fehri haline getirece\u011fiz&#8221; dedi.<\/p>\n<p>Muhtar Ekinci: &#8220;Ba\u015fkan\u0131m\u0131z bir dedi\u011fimizi iki etmedi&#8221;<\/p>\n<p>\u00c7al\u0131\u015fmalardan duydu\u011fu memnuniyeti dile getiren S\u00fcmerevler Mahalle Muhtar\u0131 Celal Ekinci, Ba\u015fkan Tutdere&#8217;ye te\u015fekk\u00fcr ederek \u015fu ifadeleri kulland\u0131:<\/p>\n<p>&#8220;\u00c7al\u0131\u015fmalar caddelerimizde ba\u015flad\u0131 ve k\u0131sa s\u00fcrede ara sokaklara da ula\u015facak. Mahallemizin kanalizasyonu ba\u015flang\u0131\u00e7ta projede yoktu. Durumu ba\u015fkan\u0131m\u0131za ilettik, altyap\u0131n\u0131n tamamen yenilenece\u011fini s\u00f6yledi ve s\u00f6z\u00fcn\u00fc tuttu. \u015eimdi asfalt a\u015famas\u0131na ge\u00e7tik. Ba\u015fkan\u0131m\u0131z bir dedi\u011fimizi iki etmedi, mahallemize sahip \u00e7\u0131kt\u0131. Fen \u0130\u015fleri ve Su \u0130\u015fleri ekipleri ba\u015fta olmak \u00fczere eme\u011fi ge\u00e7en t\u00fcm belediye \u00e7al\u0131\u015fanlar\u0131na te\u015fekk\u00fcr ediyorum.&#8221;<\/p>\n<p>Hedef: 30 Ekim&#8217;de tamamlanm\u0131\u015f bir S\u00fcmerevler<\/p>\n<p>Ad\u0131yaman Belediyesi&#8217;nin hedefi, 30 Ekim 2025 tarihine kadar S\u00fcmerevler Mahallesi&#8217;nde altyap\u0131dan asfalta kadar t\u00fcm yenileme \u00e7al\u0131\u015fmalar\u0131n\u0131 tamamlamak. \u00c7al\u0131\u015fmalar\u0131n bitmesiyle birlikte mahallenin daha modern, g\u00fcvenli ve konforlu bir ya\u015fam alan\u0131na d\u00f6n\u00fc\u015ft\u00fcr\u00fclmesi ama\u00e7lan\u0131yor.<\/p>\n<p>Ba\u015fkan Tutdere, &#8220;\u015eartlar ne olursa olsun halk\u0131m\u0131z i\u00e7in sahaday\u0131z ve her zaman yanlar\u0131nda olaca\u011f\u0131z&#8221; s\u00f6zleriyle \u00e7al\u0131\u015fmalar\u0131n kararl\u0131l\u0131kla s\u00fcrd\u00fcr\u00fclece\u011fini vurgulad\u0131.<\/p>\n<p>Kaynak : PERRE<\/p>\n","protected":false},"excerpt":{"rendered":"<p>ADIYAMAN (PERRE) &#8211; Murat KAYI\u015e &#8211; 6 \u015eubat depremlerinde a\u011f\u0131r hasar g\u00f6ren Ad\u0131yaman&#8217;\u0131n S\u00fcmerevler Mahallesi&#8217;nde, alt ve \u00fcst yap\u0131 yenileme \u00e7al\u0131\u015fmalar\u0131 h\u0131z kazand\u0131. Ad\u0131yaman Belediye Ba\u015fkan\u0131 Abdurrahman Tutdere&#8217;nin talimat\u0131yla y\u00fcr\u00fct\u00fclen kapsaml\u0131 \u00e7al\u0131\u015fmalar kapsam\u0131nda altyap\u0131 tamamen yenilenirken, asfalt serimi de ba\u015flad\u0131. Ba\u015fkan Tutdere, &#8220;Halk\u0131m\u0131za s\u00f6z verdik, 30 Ekim&#8217;e kadar S\u00fcmerevler&#8217;i p\u0131r\u0131l p\u0131r\u0131l teslim edece\u011fiz&#8221; dedi.<\/p>\n","protected":false},"author":1,"featured_media":18604,"comment_status":"open","ping_status":"open","sticky":false,"template":"","format":"standard","meta":{"om_disable_all_campaigns":false,"_monsterinsights_skip_tracking":false,"_monsterinsights_sitenote_active":false,"_monsterinsights_sitenote_note":"","_monsterinsights_sitenote_category":0,"footnotes":""},"categories":[1,11],"tags":[798,545,540,547,2632],"aioseo_notices":[],"_links":{"self":[{"href":"https:\/\/www.hbrkahta.com\/index.php\/wp-json\/wp\/v2\/posts\/18603"}],"collection":[{"href":"https:\/\/www.hbrkahta.com\/index.php\/wp-json\/wp\/v2\/posts"}],"about":[{"href":"https:\/\/www.hbrkahta.com\/index.php\/wp-json\/wp\/v2\/types\/post"}],"author":[{"embeddable":true,"href":"https:\/\/www.hbrkahta.com\/index.php\/wp-json\/wp\/v2\/users\/1"}],"replies":[{"embeddable":true,"href":"https:\/\/www.hbrkahta.com\/index.php\/wp-json\/wp\/v2\/comments?post=18603"}],"version-history":[{"count":1,"href":"https:\/\/www.hbrkahta.com\/index.php\/wp-json\/wp\/v2\/posts\/18603\/revisions"}],"predecessor-version":[{"id":18606,"href":"https:\/\/www.hbrkahta.com\/index.php\/wp-json\/wp\/v2\/posts\/18603\/revisions\/18606"}],"wp:featuredmedia":[{"embeddable":true,"href":"https:\/\/www.hbrkahta.com\/index.php\/wp-json\/wp\/v2\/media\/18604"}],"wp:attachment":[{"href":"https:\/\/www.hbrkahta.com\/index.php\/wp-json\/wp\/v2\/media?parent=18603"}],"wp:term":[{"taxonomy":"category","embeddable":true,"href":"https:\/\/www.hbrkahta.com\/index.php\/wp-json\/wp\/v2\/categories?post=18603"},{"taxonomy":"post_tag","embeddable":true,"href":"https:\/\/www.hbrkahta.com\/index.php\/wp-json\/wp\/v2\/tags?post=18603"}],"curies":[{"name":"wp","href":"https:\/\/api.w.org\/{rel}","templated":true}]}}