{"id":18600,"date":"2025-10-06T13:36:03","date_gmt":"2025-10-06T10:36:03","guid":{"rendered":"https:\/\/www.hbrkahta.com\/?p=18600"},"modified":"2025-10-06T13:36:03","modified_gmt":"2025-10-06T10:36:03","slug":"anahtar-partide-il-baskanlari-kentin-yapisina-gore-belirleniyor","status":"publish","type":"post","link":"https:\/\/www.hbrkahta.com\/index.php\/2025\/10\/06\/anahtar-partide-il-baskanlari-kentin-yapisina-gore-belirleniyor\/","title":{"rendered":"Anahtar Parti\u2019de il ba\u015fkanlar\u0131 kentin yap\u0131s\u0131na g\u00f6re belirleniyor"},"content":{"rendered":"<p>\u0130l ba\u015fkanlar\u0131 ilin &#8220;iklimine ve yap\u0131s\u0131na&#8221; g\u00f6re se\u00e7iliyor<\/p>\n<p>Anahtar Parti Merkez Y\u00fcr\u00fctme Kurulu (MYK) \u00dcyesi Murat Tekin, Ad\u0131yaman \u0130l Ba\u015fkanl\u0131\u011f\u0131 ziyaretinde yapt\u0131\u011f\u0131 a\u00e7\u0131klamada, il ba\u015fkanlar\u0131n\u0131n belirlenmesinde klasik y\u00f6ntemlerin d\u0131\u015f\u0131na \u00e7\u0131kt\u0131klar\u0131n\u0131 vurgulad\u0131. Tekin, partinin k\u0131sa s\u00fcrede 81 ilde te\u015fkilatlanmas\u0131n\u0131n ard\u0131ndaki en \u00f6nemli nedenlerden birinin bu yakla\u015f\u0131m oldu\u011funu ifade ederek \u015funlar\u0131 s\u00f6yledi:<\/p>\n<p>&#8220;\u0130l ba\u015fkanlar\u0131m\u0131z\u0131 se\u00e7erken o ilin iklimine ve yap\u0131s\u0131na uygun isimleri tespit ettik. O nedenle Emircan Ba\u015fkan\u0131m\u0131z\u0131 Ad\u0131yamanl\u0131lara emanet ediyoruz. \u0130n\u015fallah Ad\u0131yamanl\u0131lar da Emircan Ba\u015fkan\u0131m\u0131za sahip \u00e7\u0131kar ve hep beraber hem Ad\u0131yaman hem \u00fclkemiz kalk\u0131n\u0131r. T\u00fcrkiye rahat bir nefes al\u0131r.&#8221;<\/p>\n<p>Tekin, 2023 depremlerinin ard\u0131ndan Ad\u0131yaman&#8217;\u0131n ya\u015fad\u0131\u011f\u0131 zorluklara dikkat \u00e7ekerek, &#8220;Bu travmay\u0131 atmak kolay de\u011fil ama biz Emircan Ba\u015fkan\u0131m\u0131z\u0131n te\u015fkilatlanma yap\u0131s\u0131na g\u00fcveniyoruz. Onun ba\u015fkanl\u0131\u011f\u0131nda Ad\u0131yaman&#8217;\u0131n makus kaderini de\u011fi\u015ftirece\u011fimize inan\u0131yoruz&#8221; diye konu\u015ftu.<\/p>\n<p>Emircan Ahmet Alsan: &#8220;Ad\u0131yaman&#8217;da g\u00fc\u00e7l\u00fc bir te\u015fkilat kurduk&#8221;<\/p>\n<p>Anahtar Parti Ad\u0131yaman \u0130l Ba\u015fkan\u0131 Emircan Ahmet Alsan, g\u00f6reve geldikleri g\u00fcnden bu yana partiyi ve Genel Ba\u015fkan Yavuz A\u011f\u0131ralio\u011flu&#8217;nu tan\u0131tmak i\u00e7in yo\u011fun bir \u00e7al\u0131\u015fma y\u00fcr\u00fctt\u00fcklerini belirtti. Alsan, 7 ayd\u0131r s\u00fcrd\u00fcrd\u00fckleri saha \u00e7al\u0131\u015fmalar\u0131 kapsam\u0131nda il ve il\u00e7e te\u015fkilatlar\u0131n\u0131 kurduklar\u0131n\u0131, Samsat, G\u00f6lba\u015f\u0131, Tut ve Besni&#8217;de yap\u0131lanmalar\u0131n devam etti\u011fini ifade etti.<\/p>\n<p>&#8220;Ad\u0131yaman&#8217;da \u00fcye \u00e7al\u0131\u015fmalar\u0131m\u0131za ba\u015flad\u0131k. T\u00fcm hem\u015fehrilerimizi bu davaya omuz vermeye davet ediyoruz. \u00c7ok yak\u0131n zamanda kent merkezinde stantlar\u0131m\u0131z\u0131 g\u00f6receksiniz. Partimize olan ilgiyi b\u00fcy\u00fctmek ve bu m\u00fccadeleyi omuz omuza y\u00fcr\u00fctmek i\u00e7in \u00e7al\u0131\u015fmalar\u0131m\u0131z s\u00fcrecek.&#8221;<\/p>\n<p>Anahtar Parti&#8217;nin bir y\u0131l gibi k\u0131sa s\u00fcrede anketlerde ilk 7 parti aras\u0131na girdi\u011fine dikkat \u00e7eken Alsan, bu ba\u015far\u0131n\u0131n temelinde Genel Ba\u015fkan A\u011f\u0131ralio\u011flu&#8217;nun 30 y\u0131la dayanan siyasi \u00e7izgisi ve ilkeli duru\u015funun bulundu\u011funu vurgulad\u0131.<\/p>\n<p>&#8220;30 y\u0131l \u00f6nce ne s\u00f6yl\u00fcyorsa bug\u00fcn de ayn\u0131 \u015feyleri s\u00f6yleyen bir genel ba\u015fkana sahibiz. Bu istikrarl\u0131 duru\u015f bizim en b\u00fcy\u00fck g\u00fcc\u00fcm\u00fcz. Hedefimiz, partimizi ve \u00fclkemizi hak etti\u011fi yere ta\u015f\u0131makt\u0131r.&#8221;<\/p>\n<p>&#8220;Ad\u0131yaman&#8217;\u0131n kaderi de\u011fi\u015fecek&#8221;<\/p>\n<p>Parti y\u00f6netimi, \u00f6n\u00fcm\u00fczdeki aylarda Genel Ba\u015fkan Yavuz A\u011f\u0131ralio\u011flu&#8217;nun da kat\u0131l\u0131m\u0131yla Ad\u0131yaman&#8217;da geni\u015f kat\u0131l\u0131ml\u0131 bir program d\u00fczenleyecek. Bu ziyaretle birlikte hem te\u015fkilatlanma s\u00fcrecinin h\u0131zlanmas\u0131 hem de yerel sorunlar\u0131n \u00e7\u00f6z\u00fcm\u00fcne dair yol haritas\u0131n\u0131n netle\u015fmesi bekleniyor.<\/p>\n<p>Anahtar Parti, kentlerin toplumsal ve siyasi dokusuna uygun liderlerle te\u015fkilatlanarak, yerelde g\u00fc\u00e7l\u00fc bir siyasi yap\u0131 olu\u015fturmay\u0131 hedefliyor.<\/p>\n<p>Kaynak : PERRE<\/p>\n","protected":false},"excerpt":{"rendered":"<p>ADIYAMAN (PERRE) &#8211; Murat KAYI\u015e &#8211; Anahtar Parti Merkez Y\u00fcr\u00fctme Kurulu (MYK) \u00dcyesi Murat Tekin Ad\u0131yaman ziyareti s\u0131ras\u0131nda \u0130l Ba\u015fkanlar\u0131n\u0131n nas\u0131l se\u00e7ildi\u011fine ili\u015fkin detaylar verdi. &#8220;T\u00fcrkiye genelinde te\u015fkilatlanma s\u00fcrecini h\u0131zla tamamlayan Anahtar Parti&#8217;de, il ba\u015fkanlar\u0131 yaln\u0131zca genel merkez karar\u0131yla de\u011fil, g\u00f6rev yapacaklar\u0131 ilin sosyolojik ve siyasi yap\u0131s\u0131 dikkate al\u0131narak belirleniyor. Parti y\u00f6netimi, bu y\u00f6ntemle yerelde etkili ve g\u00fc\u00e7l\u00fc bir te\u015fkilat a\u011f\u0131 olu\u015fturmay\u0131 hedeflerken, Ad\u0131yaman&#8217;da il ba\u015fkanl\u0131\u011f\u0131 g\u00f6revine getirilen Emircan Ahmet Alsan da bu anlay\u0131\u015f\u0131n bir yans\u0131mas\u0131 olarak \u00f6ne \u00e7\u0131k\u0131yor.&#8221;<\/p>\n","protected":false},"author":1,"featured_media":18601,"comment_status":"open","ping_status":"open","sticky":false,"template":"","format":"standard","meta":{"om_disable_all_campaigns":false,"_monsterinsights_skip_tracking":false,"_monsterinsights_sitenote_active":false,"_monsterinsights_sitenote_note":"","_monsterinsights_sitenote_category":0,"footnotes":""},"categories":[1,11],"tags":[559,545,540,535,129],"aioseo_notices":[],"_links":{"self":[{"href":"https:\/\/www.hbrkahta.com\/index.php\/wp-json\/wp\/v2\/posts\/18600"}],"collection":[{"href":"https:\/\/www.hbrkahta.com\/index.php\/wp-json\/wp\/v2\/posts"}],"about":[{"href":"https:\/\/www.hbrkahta.com\/index.php\/wp-json\/wp\/v2\/types\/post"}],"author":[{"embeddable":true,"href":"https:\/\/www.hbrkahta.com\/index.php\/wp-json\/wp\/v2\/users\/1"}],"replies":[{"embeddable":true,"href":"https:\/\/www.hbrkahta.com\/index.php\/wp-json\/wp\/v2\/comments?post=18600"}],"version-history":[{"count":1,"href":"https:\/\/www.hbrkahta.com\/index.php\/wp-json\/wp\/v2\/posts\/18600\/revisions"}],"predecessor-version":[{"id":18602,"href":"https:\/\/www.hbrkahta.com\/index.php\/wp-json\/wp\/v2\/posts\/18600\/revisions\/18602"}],"wp:featuredmedia":[{"embeddable":true,"href":"https:\/\/www.hbrkahta.com\/index.php\/wp-json\/wp\/v2\/media\/18601"}],"wp:attachment":[{"href":"https:\/\/www.hbrkahta.com\/index.php\/wp-json\/wp\/v2\/media?parent=18600"}],"wp:term":[{"taxonomy":"category","embeddable":true,"href":"https:\/\/www.hbrkahta.com\/index.php\/wp-json\/wp\/v2\/categories?post=18600"},{"taxonomy":"post_tag","embeddable":true,"href":"https:\/\/www.hbrkahta.com\/index.php\/wp-json\/wp\/v2\/tags?post=18600"}],"curies":[{"name":"wp","href":"https:\/\/api.w.org\/{rel}","templated":true}]}}