{"id":18588,"date":"2025-10-06T11:24:04","date_gmt":"2025-10-06T08:24:04","guid":{"rendered":"https:\/\/www.hbrkahta.com\/?p=18588"},"modified":"2025-10-06T11:24:04","modified_gmt":"2025-10-06T08:24:04","slug":"fatih-dede-kahtada-genclerin-onunu-kesmeye-calisan-zihniyet-tarih-onunde-hesap-verecek","status":"publish","type":"post","link":"https:\/\/www.hbrkahta.com\/index.php\/2025\/10\/06\/fatih-dede-kahtada-genclerin-onunu-kesmeye-calisan-zihniyet-tarih-onunde-hesap-verecek\/","title":{"rendered":"Fatih Dede: \u2018Kahta\u2019da gen\u00e7lerin \u00f6n\u00fcn\u00fc kesmeye \u00e7al\u0131\u015fan zihniyet tarih \u00f6n\u00fcnde hesap verecek\u2019"},"content":{"rendered":"<p>Mustafa KAMI\u015e &#8211; Kahta AKYOL Derne\u011fi Genel Ba\u015fkan Yard\u0131mc\u0131s\u0131 Fatih Dede, ki\u015fisel \u00e7\u0131kar ve hesaplar\u0131n siyasete y\u00f6n vermesine tepki g\u00f6stererek &#8220;Gen\u00e7lerin \u00f6n\u00fcn\u00fc kapatan her ad\u0131m, bu topraklarda bir kara leke olarak kalacakt\u0131r&#8221; dedi.<\/p>\n<p>&#8220;Baz\u0131 Siyaset\u00e7iler, \u00c7\u0131karlar\u0131 \u0130\u00e7in Gen\u00e7leri \u015eimdi Hat\u0131rlad\u0131&#8221;<\/p>\n<p>Kahta&#8217;da uzun s\u00fcredir gen\u00e7lerin hak etti\u011fi konumlara gelebilmesi i\u00e7in m\u00fccadele verdiklerini dile getiren Fatih Dede, ge\u00e7mi\u015fte gen\u00e7leri yok sayan siyaset\u00e7ilerin, bug\u00fcn menfaatlerine dokunan geli\u015fmeler sebebiyle gen\u00e7lerle ilgilenmeye ba\u015flad\u0131\u011f\u0131n\u0131 s\u00f6yledi. Dede, bu durumun samimiyet eksikli\u011fini a\u00e7\u0131k\u00e7a ortaya koydu\u011funu belirtti.<\/p>\n<p>Daha \u00f6nce gen\u00e7 siyaset\u00e7ileri yok sayanlar\u0131n bug\u00fcn \u00e7\u0131karlar\u0131 do\u011frultusunda gen\u00e7lerle ilgilenmeye ba\u015flad\u0131klar\u0131n\u0131n alt\u0131n\u0131 \u00e7izen Dede, &#8220;Kahta siyasetinde uzun zamand\u0131r gen\u00e7 karde\u015flerimizin hak etti\u011fi yerleri almas\u0131 i\u00e7in \u00e7aba g\u00f6steriyoruz. Ancak ne yaz\u0131k ki baz\u0131 siyaset\u00e7iler, gen\u00e7lerin \u00f6n\u00fcn\u00fc a\u00e7mak yerine onlar\u0131 g\u00f6rmezden gelmeyi, seslerini k\u0131smay\u0131 tercih ediyor. Daha d\u00fcne kadar gen\u00e7 siyaset\u00e7ileri yok sayanlar, bug\u00fcn menfaatlerine dokunan baz\u0131 geli\u015fmeler sebebiyle bir anda gen\u00e7lerle ilgilenmeye ba\u015flad\u0131lar. Bu tav\u0131r net bir \u015fekilde g\u00f6steriyor ki, baz\u0131lar\u0131 i\u00e7in do\u011frular de\u011fil, \u00e7\u0131karlar ve ki\u015fisel hesaplar \u00f6nceliklidir&#8221; dedi.<\/p>\n<p>&#8220;Kahta&#8217;n\u0131n Gelece\u011fi Gen\u00e7lerin Ellerindedir&#8221;<\/p>\n<p>Gen\u00e7lerin siyasette aktif rol almas\u0131n\u0131n il\u00e7enin gelece\u011fi i\u00e7in b\u00fcy\u00fck \u00f6nem ta\u015f\u0131d\u0131\u011f\u0131n\u0131 vurgulayan Dede, bu ger\u00e7e\u011fi g\u00f6rmezden gelen anlay\u0131\u015f\u0131n Kahta gen\u00e7li\u011fi taraf\u0131ndan asla unutulmayaca\u011f\u0131n\u0131 ifade ederek \u015funlar\u0131 s\u00f6yledi:<\/p>\n<p>&#8220;G\u00fczel il\u00e7emiz Kahta&#8217;n\u0131n gelece\u011fi gen\u00e7lerin elinde \u015fekillenecektir. Bu ger\u00e7e\u011fi kabul etmeyen, gen\u00e7lerin \u00f6n\u00fcn\u00fc kapat\u0131p sadece belli \u015fah\u0131slarla siyaset yapmay\u0131 se\u00e7en zihniyet bilmelidir ki; bu tutumlar\u0131 Kahta gen\u00e7li\u011fi taraf\u0131ndan asla unutulmayacak. Siyasi \u00e7\u0131karlar\u0131 u\u011fruna \u015fekilden \u015fekle girenler, g\u00fcn\u00fc kurtarmak i\u00e7in hareket edenler, bir g\u00fcn tarih kar\u015f\u0131s\u0131nda hesap vereceklerdir.&#8221;<\/p>\n<p>&#8220;Gen\u00e7lik Art\u0131k Her \u015eeyin Fark\u0131nda&#8221;<\/p>\n<p>Kahta gen\u00e7li\u011fi, art\u0131k siyasette olup bitenleri dikkatle takip edip kimin samimi, kimin ki\u015fisel menfaat pe\u015finde oldu\u011funu ay\u0131rt edebilecek bilin\u00e7 d\u00fczeyine ula\u015ft\u0131. Kahta gen\u00e7li\u011fi art\u0131k uyanm\u0131\u015f, olan\u0131 biteni \u00e7ok iyi g\u00f6rmektedir. Kimin samimi, kimin \u00e7\u0131kar pe\u015finde oldu\u011funu ay\u0131rt edecek bilince sahiptir. Ve unutulmas\u0131n ki, gen\u00e7lerin \u00f6n\u00fcn\u00fc kapatan her ad\u0131m, bu topraklarda bir kara leke olarak kalacakt\u0131r.&#8221;<\/p>\n<p>Kaynak : PERRE<\/p>\n","protected":false},"excerpt":{"rendered":"<p>ADIYAMAN (PERRE) &#8211; Kahta AKYOL Derne\u011fi Genel Ba\u015fkan Yard\u0131mc\u0131s\u0131 Fatih Dede, Kahta siyasetinde gen\u00e7lerin daha fazla s\u00f6z sahibi olmas\u0131 gerekti\u011fini vurgulayarak, baz\u0131 siyasi akt\u00f6rlerin gen\u00e7lerin \u00f6n\u00fcn\u00fc a\u00e7mak yerine onlar\u0131 g\u00f6rmezden geldi\u011fini belirterek sert a\u00e7\u0131klamalarda bulundu.<\/p>\n","protected":false},"author":1,"featured_media":18589,"comment_status":"open","ping_status":"open","sticky":false,"template":"","format":"standard","meta":{"om_disable_all_campaigns":false,"_monsterinsights_skip_tracking":false,"_monsterinsights_sitenote_active":false,"_monsterinsights_sitenote_note":"","_monsterinsights_sitenote_category":0,"footnotes":""},"categories":[1,11],"tags":[1025,1885,533,614,1660],"aioseo_notices":[],"_links":{"self":[{"href":"https:\/\/www.hbrkahta.com\/index.php\/wp-json\/wp\/v2\/posts\/18588"}],"collection":[{"href":"https:\/\/www.hbrkahta.com\/index.php\/wp-json\/wp\/v2\/posts"}],"about":[{"href":"https:\/\/www.hbrkahta.com\/index.php\/wp-json\/wp\/v2\/types\/post"}],"author":[{"embeddable":true,"href":"https:\/\/www.hbrkahta.com\/index.php\/wp-json\/wp\/v2\/users\/1"}],"replies":[{"embeddable":true,"href":"https:\/\/www.hbrkahta.com\/index.php\/wp-json\/wp\/v2\/comments?post=18588"}],"version-history":[{"count":1,"href":"https:\/\/www.hbrkahta.com\/index.php\/wp-json\/wp\/v2\/posts\/18588\/revisions"}],"predecessor-version":[{"id":18590,"href":"https:\/\/www.hbrkahta.com\/index.php\/wp-json\/wp\/v2\/posts\/18588\/revisions\/18590"}],"wp:featuredmedia":[{"embeddable":true,"href":"https:\/\/www.hbrkahta.com\/index.php\/wp-json\/wp\/v2\/media\/18589"}],"wp:attachment":[{"href":"https:\/\/www.hbrkahta.com\/index.php\/wp-json\/wp\/v2\/media?parent=18588"}],"wp:term":[{"taxonomy":"category","embeddable":true,"href":"https:\/\/www.hbrkahta.com\/index.php\/wp-json\/wp\/v2\/categories?post=18588"},{"taxonomy":"post_tag","embeddable":true,"href":"https:\/\/www.hbrkahta.com\/index.php\/wp-json\/wp\/v2\/tags?post=18588"}],"curies":[{"name":"wp","href":"https:\/\/api.w.org\/{rel}","templated":true}]}}