{"id":18585,"date":"2025-10-06T11:12:03","date_gmt":"2025-10-06T08:12:03","guid":{"rendered":"https:\/\/www.hbrkahta.com\/?p=18585"},"modified":"2025-10-06T11:12:03","modified_gmt":"2025-10-06T08:12:03","slug":"basin-karti-sahipleri-dernegi-genel-kurulu-tamamlandi-murat-celiker-yeniden-baskanliga-secildi","status":"publish","type":"post","link":"https:\/\/www.hbrkahta.com\/index.php\/2025\/10\/06\/basin-karti-sahipleri-dernegi-genel-kurulu-tamamlandi-murat-celiker-yeniden-baskanliga-secildi\/","title":{"rendered":"Bas\u0131n Kart\u0131 Sahipleri Derne\u011fi Genel Kurulu tamamland\u0131: Murat \u00c7eliker yeniden ba\u015fkanl\u0131\u011fa se\u00e7ildi"},"content":{"rendered":"<p>\u015eeriban \u00d6Z\u00c7AKMAK &#8211; Bas\u0131n Kart\u0131 Sahipleri Derne\u011fi Genel Kurulu&#8217;nda yeni y\u00f6netim oy birli\u011fi ile belirlendi. Tek liste halinde gidilen Genel Kurul&#8217;da Murat \u00c7eliker yeniden ba\u015fkanl\u0131\u011fa se\u00e7ildi. Genel Kurul&#8217;da a\u00e7\u0131klamalarda bulunan Bas\u0131n Kart\u0131 Sahipleri Dernek Ba\u015fkan\u0131 Murat \u00c7eliker, &#8220;Bilindi\u011fi \u00fczere cemiyetimiz ge\u00e7en ay kuruldu, bug\u00fcn ise Genel Kurulumuzu yaparak bir an \u00f6nce resmi i\u015fleminizi bitirmek ve yava\u015f yava\u015f faaliyetlerimizi yapmak \u00fczere harekete ge\u00e7tik. K\u0131sa s\u00fcrede Genel Kurulumuzu yap\u0131p, y\u00f6netimimizi de olu\u015fturmak i\u00e7in sizlerle beraberiz, tekrar ho\u015f geldiniz. Konu\u015fmam\u0131n ba\u015f\u0131nda, alt\u0131n\u0131 gururla \u00e7izerek belirteyim ki, Bas\u0131n Kart\u0131 Sahipleri Cemiyeti&#8217;miz T\u00fcrkiye&#8217;de ilktir&#8221; ifadelerini kulland\u0131.<\/p>\n<p>&#8220;Bas\u0131n Derneklerine Rekabet Olu\u015fturmak Gibi Bir D\u00fc\u015f\u00fcnceye Sahip Olmad\u0131k&#8221;<\/p>\n<p>Birlik ve beraberli\u011fi peki\u015ftirmek i\u00e7in yola \u00e7\u0131kt\u0131klar\u0131n\u0131 vurgulayan \u00c7eliker, &#8220;T\u00fcrkiye medyas\u0131 i\u00e7in olduk\u00e7a \u00f6nemli olan ve b\u00fcy\u00fck bir eksi\u011fi dolduracak olan Cemiyetimizin merkezinin, yani do\u011fum yerinin de g\u00fcne\u015fin en g\u00fczel do\u011fdu\u011fu ve en g\u00fczel batt\u0131\u011f\u0131 kadim \u015fehrimizde, Ad\u0131yaman&#8217;\u0131m\u0131zda olmas\u0131 bizim i\u00e7in de ayr\u0131 bir gurur kayna\u011f\u0131d\u0131r. Bizler bu Cemiyeti kurarken mevcuttaki di\u011fer mesleki kurulu\u015flar\u0131m\u0131z, yani Bas\u0131n Derneklerine rekabet olu\u015fturmak, ayr\u0131\u015ft\u0131rmak gibi bir d\u00fc\u015f\u00fcncede olmad\u0131k. \u00d6ncelikle bunun bilinmesini isterim. Zaten \u00fcyelerimizin \u00e7o\u011funun di\u011fer Cemiyetlerde de \u00fcyelikleri devam etmektedir. Biz asl\u0131nda birlik ve beraberli\u011fimizi peki\u015ftirmek, birle\u015ftirmek i\u00e7in yola \u00e7\u0131kt\u0131k. Bilindi\u011fi gibi bizler mesle\u011fimiz gere\u011fi hep memleketin sorununu \u00e7\u00f6zerken veya \u00e7\u00f6z\u00fcm \u00f6nerileri sunarken kendi sorunlar\u0131m\u0131z\u0131 g\u00f6rmezden geldik, erteledik&#8221; dedi.<\/p>\n<p>&#8220;Gazeteci Halk \u0130le Devlet Aras\u0131nda K\u00f6pr\u00fcd\u00fcr&#8221;<\/p>\n<p>Bas\u0131n kart\u0131 sahiplerinin sorunlar\u0131na da de\u011finen \u00c7eliker, &#8220;Bizler, yani Bas\u0131n Kanunun 212&#8217;inci maddesi ba\u015fta olmak \u00fczere ilgili t\u00fcm yasalarda belirtilen \u015fartlar\u0131 yerine getiren, Devletimizin denetimine tabi, Sosyal G\u00fcvenlik Kurumu b\u00fcnyesindeki Ba\u011f-Kur veya SSK primlerini, Vergilerini, k\u0131sacas\u0131 mesleki zorunluluklar\u0131n\u0131 yerine getiren Gazetecileriz, medya kurulu\u015fu sahibi veya \u00e7al\u0131\u015fanlar\u0131y\u0131z. Bilindi\u011fi gibi Gazeteci halk ile devlet aras\u0131nda k\u00f6pr\u00fcd\u00fcr; Bizler hem vatanda\u015f\u0131m\u0131z\u0131n derdiyle dertlenece\u011fiz hem de bu dertlerin \u00e7\u00f6z\u00fcm\u00fc i\u00e7in devletimizin y\u00f6neticilerine \u0131\u015f\u0131k tutaca\u011f\u0131z&#8221; dedi.<\/p>\n<p>&#8220;\u0130stisnalar Hari\u00e7 Hepimiz Darac\u0131k Konteynerlerde \u0130\u015fimizi Yapmaya \u00c7al\u0131\u015f\u0131yoruz&#8221;<\/p>\n<p>\u00c7eliker, a\u00e7\u0131klamas\u0131n\u0131n devam\u0131nda \u015fu ifadelere yer verdi:<\/p>\n<p>&#8220;Biz ayn\u0131 zamanda bu dernek \u00e7at\u0131s\u0131nda bir araya gelen meslekta\u015flar\u0131m\u0131z\u0131n da maddi ve manevi dertlerinin \u00e7\u00f6z\u00fcm\u00fc i\u00e7in el ele olaca\u011f\u0131z. T\u00fcm hem\u015ferilerimiz gibi bir yandan ekonomik krizler, bir yandan pandemi ve bir yandan da 6 \u015eubat depremleri nedeniyle maddi ve manevi zor g\u00fcnler ya\u015fad\u0131k, ya\u015famaya devam ediyoruz. Pandemide ve depremde \u00e7ok say\u0131da meslekta\u015f\u0131m\u0131z \u015fehit oldu, ya\u015fayanlar\u0131m\u0131zdan aile fertlerini, akrabalar\u0131n\u0131 kaybeden oldu, mek&acirc;nlar\u0131 cennet olsun, baz\u0131 karde\u015flerimiz sa\u011fl\u0131k sorunu ya\u015f\u0131yor, Allah \u015fifa versin. Ve maalesef ekonomik kay\u0131plar\u0131m\u0131z oldu. Gazetesini kapatmak zorunda olan var, bor\u00e7-har\u00e7 ya\u015fatmaya \u00e7al\u0131\u015fan var, \u00e7o\u011fumuz mesle\u011fimizi icra edebilmemiz i\u00e7in gerekli cihaz, makine ve ekipman eksikli\u011fiyle bo\u011fu\u015fuyoruz, istisnalar hari\u00e7 hepimiz darac\u0131k konteynerlerde i\u015fimizi yapmaya \u00e7al\u0131\u015f\u0131yoruz. Bu nedenle birlik, beraberlik i\u00e7erisinde yard\u0131mla\u015fmaya, kenetlenmeye \u00e7ok ihtiyac\u0131m\u0131z var.<\/p>\n<p>Bu k\u00f6t\u00fc g\u00fcnlerin bir an \u00f6nce bitmesini y\u00fcce Rabbimizden dilerken hep beraber \u00fcretece\u011fimiz projelerle ve g\u00fc\u00e7 birli\u011fiyle, bir an \u00f6nce kal\u0131c\u0131 ofislerimize kavu\u015fmak, eksik ara\u00e7, gere\u00e7 ve ofis malzemelerimizi temin etmek \u00fczere gayret etmek amac\u0131yla bu derne\u011fimizi kurduk. Derne\u011fimizin t\u00fcm \u00fcyeleri eski ad\u0131yla sar\u0131 bas\u0131n kart\u0131, \u015fimdiki ad\u0131yla turkuaz kart sahibi olan ki\u015filerden olu\u015fmakta. Bu da t\u00fcm \u00fcyelerimizin mesleki kurallar\u0131 bildi\u011fini, belirli bir tecr\u00fcbe edindi\u011fini, yani bas\u0131n mensubu olarak topluma hizmet \u00fcretme noktas\u0131nda kendisini ispat etti\u011fini g\u00f6stermektedir. Merhum babam dan ald\u0131\u011f\u0131m (S\u00fcrekli Bas\u0131n Kart\u0131 Sahibi) Yakla\u015f\u0131k mesle\u011fin 40 y\u0131ld\u0131r i\u00e7erisindeyim. Kendimi bildim bileli, gazetenin t\u00fcm a\u015famalar\u0131nda ve t\u00fcm kademelerinde \u00e7al\u0131\u015fm\u0131\u015f biri olarak, sizlerden ald\u0131\u011f\u0131m g\u00fc\u00e7le, birlikte faaliyetler yapaca\u011f\u0131z. Bu faaliyetlerimizi yaparken yap\u0131c\u0131 \u00f6neri ve ele\u015ftirilerle halk\u0131m\u0131z\u0131n faydas\u0131na hizmetlere vesile olaca\u011f\u0131m\u0131za inan\u0131yorum. Hepinize derne\u011fimizin kurulmas\u0131nda g\u00f6stermi\u015f oldu\u011funuz yo\u011fun \u00e7abadan dolay\u0131 te\u015fekk\u00fcr ediyorum.&#8221;<\/p>\n<p>Konu\u015fmalar\u0131n ard\u0131ndan genel kurulun maddelerine ge\u00e7ildi. Murat \u00c7eliker, Zeynal Selahattin Alptekin, Osman G\u00fcl, Mehmet Emin Dan\u0131\u015f ve Y\u0131lmaz \u00c7oban&#8217;dan olu\u015fan tek liste halinde gidilen kongrede, Murat \u00c7eliker yeniden ba\u015fkanl\u0131\u011fa se\u00e7ilerek g\u00fcven tazeledi.<\/p>\n<p>Kaynak : PERRE<\/p>\n","protected":false},"excerpt":{"rendered":"<p>ADIYAMAN (PERRE) &#8211; Ge\u00e7ti\u011fimiz ay Gazeteci Murat \u00c7eliker&#8217;in ba\u015fkanl\u0131\u011f\u0131nda kurulan Bas\u0131n kart\u0131 Sahipleri Derne\u011fi Genel Kurulu tamamlad\u0131. Murat \u00c7eliker yeniden ba\u015fkanl\u0131\u011fa se\u00e7ildi.<\/p>\n","protected":false},"author":1,"featured_media":18586,"comment_status":"open","ping_status":"open","sticky":false,"template":"","format":"standard","meta":{"om_disable_all_campaigns":false,"_monsterinsights_skip_tracking":false,"_monsterinsights_sitenote_active":false,"_monsterinsights_sitenote_note":"","_monsterinsights_sitenote_category":0,"footnotes":""},"categories":[1,11],"tags":[540,574,2745,533,685],"aioseo_notices":[],"_links":{"self":[{"href":"https:\/\/www.hbrkahta.com\/index.php\/wp-json\/wp\/v2\/posts\/18585"}],"collection":[{"href":"https:\/\/www.hbrkahta.com\/index.php\/wp-json\/wp\/v2\/posts"}],"about":[{"href":"https:\/\/www.hbrkahta.com\/index.php\/wp-json\/wp\/v2\/types\/post"}],"author":[{"embeddable":true,"href":"https:\/\/www.hbrkahta.com\/index.php\/wp-json\/wp\/v2\/users\/1"}],"replies":[{"embeddable":true,"href":"https:\/\/www.hbrkahta.com\/index.php\/wp-json\/wp\/v2\/comments?post=18585"}],"version-history":[{"count":1,"href":"https:\/\/www.hbrkahta.com\/index.php\/wp-json\/wp\/v2\/posts\/18585\/revisions"}],"predecessor-version":[{"id":18587,"href":"https:\/\/www.hbrkahta.com\/index.php\/wp-json\/wp\/v2\/posts\/18585\/revisions\/18587"}],"wp:featuredmedia":[{"embeddable":true,"href":"https:\/\/www.hbrkahta.com\/index.php\/wp-json\/wp\/v2\/media\/18586"}],"wp:attachment":[{"href":"https:\/\/www.hbrkahta.com\/index.php\/wp-json\/wp\/v2\/media?parent=18585"}],"wp:term":[{"taxonomy":"category","embeddable":true,"href":"https:\/\/www.hbrkahta.com\/index.php\/wp-json\/wp\/v2\/categories?post=18585"},{"taxonomy":"post_tag","embeddable":true,"href":"https:\/\/www.hbrkahta.com\/index.php\/wp-json\/wp\/v2\/tags?post=18585"}],"curies":[{"name":"wp","href":"https:\/\/api.w.org\/{rel}","templated":true}]}}