{"id":18551,"date":"2025-10-03T19:36:04","date_gmt":"2025-10-03T16:36:04","guid":{"rendered":"https:\/\/www.hbrkahta.com\/?p=18551"},"modified":"2025-10-03T19:36:04","modified_gmt":"2025-10-03T16:36:04","slug":"adiyaman-universitesinde-gazze-icin-kermes-duzenlendi","status":"publish","type":"post","link":"https:\/\/www.hbrkahta.com\/index.php\/2025\/10\/03\/adiyaman-universitesinde-gazze-icin-kermes-duzenlendi\/","title":{"rendered":"Ad\u0131yaman \u00dcniversitesi\u2019nde Gazze i\u00e7in kermes d\u00fczenlendi"},"content":{"rendered":"<p>\u015eeriban \u00d6Z\u00c7AKMAK &#8211; Gazze&#8217;de ya\u015fanan insanl\u0131k dram\u0131na dikkat \u00e7ekmek amac\u0131yla ADY\u00dc Gen\u00e7lik Meydan\u0131&#8217;nda kermes ger\u00e7ekle\u015ftirildi. Kermese, Ad\u0131yaman Valisi Dr. Osman Varol, Ad\u0131yaman \u00dcniversitesi Rekt\u00f6r\u00fc Prof. Dr. Mehmet Kele\u015f, \u00fcniversitemizin akademik ve idari \u00e7al\u0131\u015fanlar\u0131, \u00f6\u011frenciler ile \u00e7ok say\u0131da vatanda\u015f kat\u0131ld\u0131.<\/p>\n<p>Kermesin a\u00e7\u0131l\u0131\u015f\u0131, mazlum Filistin halk\u0131 i\u00e7in yap\u0131lan dualarla yap\u0131ld\u0131. &#8220;Bir \u015fehrin sessizli\u011fi, t\u00fcm d\u00fcnyan\u0131n \u00e7\u0131\u011fl\u0131\u011f\u0131d\u0131r&#8221; slogan\u0131yla haz\u0131rlanan kermes, geni\u015f bir kat\u0131l\u0131ma sahne oldu. Kermeste sat\u0131\u015fa sunulan g\u0131dalar \u00fcniversite \u00e7al\u0131\u015fanlar\u0131 taraf\u0131ndan haz\u0131rlanarak dayan\u0131\u015fman\u0131n en g\u00fczel \u00f6rneklerinden biri sergilendi.<\/p>\n<p>Kat\u0131l\u0131mc\u0131lar, Gazze&#8217;de ya\u015fanan insanl\u0131k dram\u0131na dikkat \u00e7ekmek ve Filistin halk\u0131na destek olmak amac\u0131yla d\u00fczenlenen etkinlikte birlik ve beraberlik mesaj\u0131 verdi. Kermesten elde edilecek t\u00fcm gelirin Filistin&#8217;e ba\u011f\u0131\u015flanaca\u011f\u0131 bildirildi.<\/p>\n<p>Kaynak : PERRE<\/p>\n","protected":false},"excerpt":{"rendered":"<p>ADIYAMAN (PERRE) &#8211; Ad\u0131yaman \u00dcniversitesi (ADY\u00dc) taraf\u0131ndan &#8220;YANKI Etkinlikleri&#8221; kapsam\u0131nda, gelirinin Filistin&#8217;e ba\u011f\u0131\u015flanaca\u011f\u0131 kermes d\u00fczenlendi.<\/p>\n","protected":false},"author":1,"featured_media":18552,"comment_status":"open","ping_status":"open","sticky":false,"template":"","format":"standard","meta":{"om_disable_all_campaigns":false,"_monsterinsights_skip_tracking":false,"_monsterinsights_sitenote_active":false,"_monsterinsights_sitenote_note":"","_monsterinsights_sitenote_category":0,"footnotes":""},"categories":[1,11],"tags":[1329],"aioseo_notices":[],"_links":{"self":[{"href":"https:\/\/www.hbrkahta.com\/index.php\/wp-json\/wp\/v2\/posts\/18551"}],"collection":[{"href":"https:\/\/www.hbrkahta.com\/index.php\/wp-json\/wp\/v2\/posts"}],"about":[{"href":"https:\/\/www.hbrkahta.com\/index.php\/wp-json\/wp\/v2\/types\/post"}],"author":[{"embeddable":true,"href":"https:\/\/www.hbrkahta.com\/index.php\/wp-json\/wp\/v2\/users\/1"}],"replies":[{"embeddable":true,"href":"https:\/\/www.hbrkahta.com\/index.php\/wp-json\/wp\/v2\/comments?post=18551"}],"version-history":[{"count":1,"href":"https:\/\/www.hbrkahta.com\/index.php\/wp-json\/wp\/v2\/posts\/18551\/revisions"}],"predecessor-version":[{"id":18553,"href":"https:\/\/www.hbrkahta.com\/index.php\/wp-json\/wp\/v2\/posts\/18551\/revisions\/18553"}],"wp:featuredmedia":[{"embeddable":true,"href":"https:\/\/www.hbrkahta.com\/index.php\/wp-json\/wp\/v2\/media\/18552"}],"wp:attachment":[{"href":"https:\/\/www.hbrkahta.com\/index.php\/wp-json\/wp\/v2\/media?parent=18551"}],"wp:term":[{"taxonomy":"category","embeddable":true,"href":"https:\/\/www.hbrkahta.com\/index.php\/wp-json\/wp\/v2\/categories?post=18551"},{"taxonomy":"post_tag","embeddable":true,"href":"https:\/\/www.hbrkahta.com\/index.php\/wp-json\/wp\/v2\/tags?post=18551"}],"curies":[{"name":"wp","href":"https:\/\/api.w.org\/{rel}","templated":true}]}}