{"id":18545,"date":"2025-10-03T19:12:05","date_gmt":"2025-10-03T16:12:05","guid":{"rendered":"https:\/\/www.hbrkahta.com\/?p=18545"},"modified":"2025-10-03T19:12:05","modified_gmt":"2025-10-03T16:12:05","slug":"milletvekili-resul-kurttan-mujde-sgk-il-mudurlugu-hizmet-binamizin-temel-kazi-calismalarina-basladik","status":"publish","type":"post","link":"https:\/\/www.hbrkahta.com\/index.php\/2025\/10\/03\/milletvekili-resul-kurttan-mujde-sgk-il-mudurlugu-hizmet-binamizin-temel-kazi-calismalarina-basladik\/","title":{"rendered":"Milletvekili Resul Kurt\u2019tan M\u00fcjde: \u2018SGK \u0130l M\u00fcd\u00fcrl\u00fc\u011f\u00fc Hizmet Binam\u0131z\u0131n temel kaz\u0131 \u00e7al\u0131\u015fmalar\u0131na ba\u015flad\u0131k\u2019"},"content":{"rendered":"<p>\u015eeriban \u00d6Z\u00c7AKMAK &#8211; Ad\u0131yaman, 6 \u015eubat depremlerinin yaralar\u0131n\u0131 h\u0131zla sararken, \u015fehri yeniden aya\u011fa kald\u0131racak yat\u0131r\u0131mlar bir bir hayata ge\u00e7iriliyor. Bu kapsamda, vatanda\u015flar\u0131n sosyal g\u00fcvenlik hizmetlerine \u00e7ok daha h\u0131zl\u0131, modern ve konforlu ko\u015fullarda ula\u015fabilmesi amac\u0131yla SGK \u0130l M\u00fcd\u00fcrl\u00fc\u011f\u00fc Hizmet Binas\u0131&#8217;n\u0131n temel kaz\u0131 \u00e7al\u0131\u015fmalar\u0131na ba\u015fland\u0131. AK Parti Ad\u0131yaman Milletvekili Resul Kurt, &#8220;Ba\u015flatt\u0131\u011f\u0131m\u0131z SGK \u0130l Hizmet Binas\u0131 projesi, \u015fehrimize uzun y\u0131llar hizmet edecek \u00f6nemli bir eser olacak&#8221; dedi.<\/p>\n<p>Modern ve G\u00fc\u00e7l\u00fc Altyap\u0131ya Sahip Olacak<\/p>\n<p>Proje, 224,9 milyon TL s\u00f6zle\u015fme bedeli \u00fczerinden hayata ge\u00e7iriliyor. Toplam 9.312,49 m&sup2; kapal\u0131 alana sahip olacak bina; 2 bodrum kat, zemin kat, 4 normal kat ve \u00e7at\u0131 kat\u0131ndan olu\u015facak. Yeni SGK hizmet binas\u0131n\u0131n g\u00fc\u00e7l\u00fc altyap\u0131s\u0131, \u00e7a\u011fda\u015f donan\u0131m\u0131 ve eri\u015filebilir yap\u0131s\u0131yla Ad\u0131yaman&#8217;a uzun y\u0131llar hizmet edecek kal\u0131c\u0131 bir eser olaca\u011f\u0131 belirtildi.<\/p>\n<p>&#8220;Yeni Hizmet Binam\u0131z, Hem\u015fehrilerimize Hay\u0131rl\u0131 Olsun&#8221;<\/p>\n<p>Milletvekili Resul Kurt, yapt\u0131\u011f\u0131 a\u00e7\u0131klamada projenin Ad\u0131yaman&#8217;a uzun y\u0131llar hizmet edecek \u00f6nemli bir eser olaca\u011f\u0131n\u0131n alt\u0131n\u0131 \u00e7izerek \u015funlar\u0131 s\u00f6yledi:<\/p>\n<p>&#8220;6 \u015eubat Asr\u0131n Felaketi sonras\u0131 Ad\u0131yaman&#8217;\u0131m\u0131z\u0131 her alanda yeniden aya\u011fa kald\u0131rmak, g\u00fc\u00e7l\u00fc yar\u0131nlara haz\u0131rlamak i\u00e7in milletimizle el ele, g\u00f6n\u00fcl g\u00f6n\u00fcle gece g\u00fcnd\u00fcz \u00e7al\u0131\u015f\u0131yoruz. Ba\u015flatt\u0131\u011f\u0131m\u0131z SGK \u0130l Hizmet Binas\u0131 projesi, \u015fehrimize uzun y\u0131llar hizmet edecek \u00f6nemli bir eser olacak. Bu k\u0131ymetli yat\u0131r\u0131m\u0131n kazand\u0131r\u0131lmas\u0131nda desteklerini esirgemeyen Cumhurba\u015fkan\u0131m\u0131z Say\u0131n Recep Tayyip Erdo\u011fan&#8217;a, \u00c7al\u0131\u015fma ve Sosyal G\u00fcvenlik Bakan\u0131m\u0131z Prof. Dr. Vedat I\u015f\u0131khan&#8217;a ve eme\u011fi ge\u00e7en t\u00fcm b\u00fcrokratlar\u0131m\u0131za te\u015fekk\u00fcr ediyorum. Yeni hizmet binam\u0131z\u0131n hem\u015fehrilerimize hay\u0131rl\u0131 olmas\u0131n\u0131 diliyorum.&#8221;<\/p>\n<p>S\u00f6z konusu projeye ili\u015fkin s\u00f6zle\u015fme 26 Eyl\u00fcl 2025 tarihinde imzalan\u0131rken, temel kaz\u0131 \u00e7al\u0131\u015fmalar\u0131n\u0131n Ekim ay\u0131 sonu itibar\u0131yla tamamlanmas\u0131 planlan\u0131yor. Yeni SGK \u0130l Hizmet Binas\u0131&#8217;n\u0131n iki y\u0131l i\u00e7inde hizmete girmesiyle birlikte, Ad\u0131yamanl\u0131 vatanda\u015flar sosyal g\u00fcvenlik i\u015flemlerini \u00e7ok daha h\u0131zl\u0131, modern ve konforlu ko\u015fullarda ger\u00e7ekle\u015ftirme imk&acirc;n\u0131na kavu\u015facak.<\/p>\n<p>Kaynak : PERRE<\/p>\n","protected":false},"excerpt":{"rendered":"<p>ADIYAMAN (PERRE) &#8211; AK Parti Genel Merkez Sivil Toplum ve Halkla \u0130li\u015fkiler Ba\u015fkan Yard\u0131mc\u0131s\u0131, Ad\u0131yaman Milletvekili ve TBMM Plan ve B\u00fct\u00e7e Komisyonu \u00dcyesi Do\u00e7. Dr. Resul Kurt, Ad\u0131yaman SGK \u0130l M\u00fcd\u00fcrl\u00fc\u011f\u00fc Hizmet Binas\u0131&#8217;n\u0131n temel kaz\u0131 \u00e7al\u0131\u015fmalar\u0131na ba\u015fland\u0131\u011f\u0131n\u0131 duyurdu.<\/p>\n","protected":false},"author":1,"featured_media":18546,"comment_status":"open","ping_status":"open","sticky":false,"template":"","format":"standard","meta":{"om_disable_all_campaigns":false,"_monsterinsights_skip_tracking":false,"_monsterinsights_sitenote_active":false,"_monsterinsights_sitenote_note":"","_monsterinsights_sitenote_category":0,"footnotes":""},"categories":[1,11],"tags":[559,540,233,674,708],"aioseo_notices":[],"_links":{"self":[{"href":"https:\/\/www.hbrkahta.com\/index.php\/wp-json\/wp\/v2\/posts\/18545"}],"collection":[{"href":"https:\/\/www.hbrkahta.com\/index.php\/wp-json\/wp\/v2\/posts"}],"about":[{"href":"https:\/\/www.hbrkahta.com\/index.php\/wp-json\/wp\/v2\/types\/post"}],"author":[{"embeddable":true,"href":"https:\/\/www.hbrkahta.com\/index.php\/wp-json\/wp\/v2\/users\/1"}],"replies":[{"embeddable":true,"href":"https:\/\/www.hbrkahta.com\/index.php\/wp-json\/wp\/v2\/comments?post=18545"}],"version-history":[{"count":1,"href":"https:\/\/www.hbrkahta.com\/index.php\/wp-json\/wp\/v2\/posts\/18545\/revisions"}],"predecessor-version":[{"id":18547,"href":"https:\/\/www.hbrkahta.com\/index.php\/wp-json\/wp\/v2\/posts\/18545\/revisions\/18547"}],"wp:featuredmedia":[{"embeddable":true,"href":"https:\/\/www.hbrkahta.com\/index.php\/wp-json\/wp\/v2\/media\/18546"}],"wp:attachment":[{"href":"https:\/\/www.hbrkahta.com\/index.php\/wp-json\/wp\/v2\/media?parent=18545"}],"wp:term":[{"taxonomy":"category","embeddable":true,"href":"https:\/\/www.hbrkahta.com\/index.php\/wp-json\/wp\/v2\/categories?post=18545"},{"taxonomy":"post_tag","embeddable":true,"href":"https:\/\/www.hbrkahta.com\/index.php\/wp-json\/wp\/v2\/tags?post=18545"}],"curies":[{"name":"wp","href":"https:\/\/api.w.org\/{rel}","templated":true}]}}