{"id":18509,"date":"2025-10-03T04:48:04","date_gmt":"2025-10-03T01:48:04","guid":{"rendered":"https:\/\/www.hbrkahta.com\/?p=18509"},"modified":"2025-10-03T04:48:04","modified_gmt":"2025-10-03T01:48:04","slug":"myk-uyesi-murat-tekinden-anahtar-parti-adiyaman-il-baskani-alsana-ziyaret","status":"publish","type":"post","link":"https:\/\/www.hbrkahta.com\/index.php\/2025\/10\/03\/myk-uyesi-murat-tekinden-anahtar-parti-adiyaman-il-baskani-alsana-ziyaret\/","title":{"rendered":"MYK \u00dcyesi Murat Tekin\u2019den Anahtar Parti Ad\u0131yaman \u0130l Ba\u015fkan\u0131 Alsan\u2019a ziyaret"},"content":{"rendered":"<p>\u015eeriban \u00d6Z\u00c7AKMAK &#8211; Anahtar Parti Merkez Y\u00fcr\u00fctme Kurulu (MYK) \u00dcyesi Murat Tekin, Anahtar Parti Ad\u0131yaman \u0130l Ba\u015fkanl\u0131\u011f\u0131&#8217;n\u0131 ziyaret etti. Burada a\u00e7\u0131klamalarda bulunan Tekin, Anahtar Parti&#8217;nin k\u0131sa s\u00fcrede kuruldu\u011funu vurgulayarak, &#8220;Hemen hemen 81 ilde te\u015fkilat\u0131m\u0131z\u0131 kurduk. Bu k\u0131sa s\u00fcre zarf\u0131nda kurulan partimizin T\u00fcrkiye&#8217;de herhalde ba\u015fka bir \u00f6rne\u011fi yoktur&#8221; dedi.<\/p>\n<p>&#8220;T\u00fcrkiye&#8217;de, Partimizin Ba\u015fka Bir \u00d6rne\u011fi Yoktur&#8221;<\/p>\n<p>Partisinin \u00fcye say\u0131s\u0131 hakk\u0131nda bilgi veren Tekin, &#8220;\u015eu anda 60 bin civar\u0131nda sisteme girmi\u015f \u00fcyemiz var san\u0131r\u0131m ama sisteme girilmemi\u015f \u00fcyelerimiz de var. 20 Nisan&#8217;da b\u00fcy\u00fck kongremizi yapt\u0131k ve 28 Ekim&#8217;de partimizi kurduk. Partimiz, 20 Ekim&#8217;den sonra olabilecek b\u00fct\u00fcn se\u00e7imlere girebilme hakk\u0131n\u0131 elde etti. Bu k\u0131sa s\u00fcre zarf\u0131nda kurulan partimizin T\u00fcrkiye&#8217;de herhalde ba\u015fka bir \u00f6rne\u011fi yoktur. Birka\u00e7 ilimiz d\u0131\u015f\u0131nda hemen hemen 81 ilde te\u015fkilat\u0131m\u0131z\u0131 kurduk&#8221; dedi.<\/p>\n<p>&#8220;Her \u0130lin Yap\u0131s\u0131na Uygun \u0130l Ba\u015fkanlar\u0131 Se\u00e7tik&#8221;<\/p>\n<p>Anahtar Parti&#8217;nin k\u0131sa s\u00fcrede ba\u015far\u0131 yakalama nedeninden bahseden Tekin, &#8220;Biz \u0130l Ba\u015fkanlar\u0131m\u0131z\u0131 se\u00e7erken o ilin iklimine ve o ilin yap\u0131s\u0131na uygun \u0130l Ba\u015fkanlar\u0131 tespit ettik. O nedenle, Emircan Ba\u015fkan\u0131m\u0131z\u0131 Ad\u0131yamanl\u0131lar\u0131m\u0131za emanet ediyoruz. \u0130n\u015fallah Ad\u0131yamanl\u0131lar da Emircan Ba\u015fkan\u0131m\u0131za sahip \u00e7\u0131kar ve hep beraber hem Ad\u0131yaman hem \u00fclkemiz kalk\u0131n\u0131r. T\u00fcrkiye rahat bir nefes al\u0131r in\u015fallah&#8221; dedi.<\/p>\n<p>&#8220;Ad\u0131yaman&#8217;\u0131n Makus Kaderini De\u011fi\u015ftirece\u011fiz&#8221;<\/p>\n<p>&#8220;Bu tramvay\u0131 atmak zordur ama biz Emircan Ba\u015fkan\u0131m\u0131z\u0131n te\u015fkilatlanma yap\u0131s\u0131na g\u00fcveniyoruz&#8221; diyen Tekin, &#8220;2023 y\u0131l\u0131nda ya\u015fanan depremlerden dolay\u0131 Ad\u0131yaman \u00e7ok b\u00fcy\u00fck bir travma ya\u015fad\u0131. Emircan ba\u015fkan\u0131m\u0131za \u00e7ok g\u00fcveniyoruz ve in\u015fallah onun ba\u015fkanl\u0131\u011f\u0131nda Ad\u0131yaman&#8217;\u0131n makul kaderini de\u011fi\u015ftirece\u011fiz. Say\u0131n Genel Ba\u015fkan\u0131m\u0131zla da Aral\u0131k ay\u0131nda Ad\u0131yaman&#8217;a gelmeyi planl\u0131yoruz. Say\u0131n Genel Ba\u015fkan\u0131m\u0131z Ad\u0131yaman&#8217;a geldi\u011finde de bu co\u015fkuyu hep beraber ya\u015fayaca\u011f\u0131z. Ad\u0131yamanl\u0131lar\u0131n derdini yerinde dinleyece\u011fiz. Biz Ad\u0131yaman&#8217;\u0131n derdini biliyoruz, o g\u00fcn geldi\u011fimizde tekrar dinlemi\u015f olaca\u011f\u0131z&#8221; ifadelerine yer verdi.<\/p>\n<p>&#8220;Partimizi Tan\u0131tmak \u0130\u00e7in M\u00fccadele Ediyoruz&#8221;<\/p>\n<p>Anahtar Parti Ad\u0131yaman \u0130l Ba\u015fkan\u0131 Emircan Ahmet Alsan ise yapt\u0131\u011f\u0131 a\u00e7\u0131klamada, Anahtar Parti&#8217;yi tan\u0131tmak i\u00e7in aylard\u0131r \u00e7al\u0131\u015ft\u0131klar\u0131n\u0131 ifade ederek, &#8220;Ad\u0131yaman&#8217;da, Anahtar Parti&#8217;yi ve Anahtar Parti Genel Ba\u015fkan\u0131m\u0131z Say\u0131n Yavuz A\u011f\u0131ralio\u011flu&#8217;yu tan\u0131tmak i\u00e7in 7 ayl\u0131k bir s\u00fcrede m\u00fccadele veriyoruz. Te\u015fkilatlar\u0131m\u0131z\u0131 kurduk, Merkez \u0130l\u00e7e Te\u015fkilatlar\u0131m\u0131z olan Samsat, G\u00f6lba\u015f\u0131 Tut ve Besni il\u00e7elerimizde \u00e7al\u0131\u015fmalar\u0131m\u0131z devam ediyor. Bildi\u011finiz \u00fczere ge\u00e7en haftalarda b\u00fcy\u00fck bir co\u015fkuyla Samsat \u0130l\u00e7e Ba\u015fkanl\u0131\u011f\u0131 binam\u0131z\u0131n a\u00e7\u0131l\u0131\u015f\u0131n\u0131 yapt\u0131k. Mustafa \u00c7i\u00e7ek Ba\u015fkan\u0131m\u0131za da \u00e7al\u0131\u015fmalar\u0131 i\u00e7in tekrar te\u015fekk\u00fcr ediyoruz. Samsat\u0131m\u0131za tekrar hay\u0131rl\u0131 olsun diyoruz&#8221; dedi.<\/p>\n<p>&#8220;Ad\u0131yamanl\u0131 Hem\u015fehrilerimizi, Bu Davaya Omuz Vermeye Davet Ediyoruz&#8221;<\/p>\n<p>T\u00fcrkiye&#8217;nin gelece\u011fi i\u00e7in Ad\u0131yamanl\u0131lar\u0131 partiye \u00fcye olmaya davet eden Ba\u015fkan Alsan, &#8220;Ad\u0131yaman&#8217;da \u00fcye \u00e7al\u0131\u015fmalar\u0131m\u0131za ba\u015flad\u0131k. Ad\u0131yamanl\u0131 hem\u015fehrilerimizi, bu davaya omuz vermeye ve bu m\u00fccadelede birlikte hareket etmek i\u00e7in partimize \u00fcye olmaya bekliyoruz. \u00c7ok yak\u0131n zamanda Ad\u0131yaman \u00e7ar\u015f\u0131 ve Alt\u0131n\u015fehir&#8217;de stantlar\u0131m\u0131z\u0131 g\u00f6recekler. Stantlar \u00f6ncesi de partimize \u00fcye kay\u0131rlar\u0131m\u0131z devam etmektedir. T\u00fcm Ad\u0131yamanl\u0131 hem\u015fehrilerimizi, \u00e7ocuklar\u0131m\u0131z\u0131n umuduna y\u00f6nelik y\u00fcr\u00fctt\u00fc\u011f\u00fcm\u00fcz bu davaya ve bu sorumlulu\u011fu beraber ta\u015f\u0131maya davet ediyoruz&#8221; dedi.<\/p>\n<p>&#8220;En B\u00fcy\u00fck Art\u0131m\u0131z, Genel Ba\u015fkan\u0131m\u0131z\u0131n 30 Y\u0131ll\u0131k Siyasi Duru\u015fudur&#8221;<\/p>\n<p>Anahtar Parti&#8217;nin bir y\u0131l gibi k\u0131sa bir s\u00fcrede, anketlerde ilk 7 parti aras\u0131nda yer ald\u0131\u011f\u0131n\u0131n alt\u0131n\u0131 \u00e7izen Alsan, &#8220;Anahtar Parti ve Genel Ba\u015fkan\u0131m\u0131z art\u0131k \u00e7ok s\u0131k konu\u015fuluyor. Bizim en b\u00fcy\u00fck art\u0131m\u0131z Genel Ba\u015fkan\u0131m\u0131z\u0131n 30 y\u0131ll\u0131k siyasi duru\u015fudur. 30 y\u0131l \u00f6nce s\u00f6yledi\u011fini bug\u00fcn de s\u00f6yleyebilen istisnai Genel Ba\u015fkanlardan biridir. T\u00fcrkiye siyasi tarihinde, bir y\u0131l gibi k\u0131sa bir s\u00fcrede bu kadar ilde \u0130l Ba\u015fkanl\u0131\u011f\u0131 olu\u015fturup 700 il\u00e7ede te\u015fkilatlanmak \u00e7ok azd\u0131r, hatta belki de \u00f6rne\u011fi yoktur. Tahmin ediyorum, 170 partiden bir partiyiz. Fakat daha bir y\u0131l dolmadan ilk 7 parti aras\u0131nda anketlerde kendimize yer bulabiliyoruz. Bu tabi ki bizim i\u00e7in bir ba\u015flang\u0131\u00e7. Allah nasip ederse ve milletimiz destek verirse \u00f6nce partimizi sonra \u00fclkemizi hak etti\u011fi yere ula\u015ft\u0131rmak i\u00e7in elimizden geleni yapaca\u011f\u0131z. Milletimizin ekonomik zorluklarla bo\u011fu\u015ftu\u011fu bu g\u00fcnlerden refah g\u00fcnlere \u00e7\u0131karabilmek i\u00e7in m\u00fccadelelerimize devam ediyoruz&#8221; dedi.<\/p>\n<\/p>\n<p>Kaynak : PERRE<\/p>\n","protected":false},"excerpt":{"rendered":"<p>ADIYAMAN (PERRE) &#8211; Anahtar Parti MYK \u00dcyesi Murat Tekin, Anahtar Parti Ad\u0131yaman \u0130l Ba\u015fkan\u0131 Emircan Ahmet Alsan ile bir araya geldi. Tekin, partisinin kurulu\u015fu ve se\u00e7imlere kat\u0131lma hakk\u0131 kazanma s\u00fcrecine dair \u00f6nemli a\u00e7\u0131klamalarda bulundu. Tekin, kentin sorunlar\u0131n\u0131 yerinde bir kez daha dinlemek \u00fczere Anahtar Parti Genel Ba\u015fkan\u0131 Yavuz A\u011f\u0131ralio\u011flu&#8217;nun Aral\u0131k ay\u0131nda Ad\u0131yaman&#8217;a gelece\u011fini s\u00f6yledi.<\/p>\n","protected":false},"author":1,"featured_media":18510,"comment_status":"open","ping_status":"open","sticky":false,"template":"","format":"standard","meta":{"om_disable_all_campaigns":false,"_monsterinsights_skip_tracking":false,"_monsterinsights_sitenote_active":false,"_monsterinsights_sitenote_note":"","_monsterinsights_sitenote_category":0,"footnotes":""},"categories":[1,11],"tags":[559,1962,540,535,129],"aioseo_notices":[],"_links":{"self":[{"href":"https:\/\/www.hbrkahta.com\/index.php\/wp-json\/wp\/v2\/posts\/18509"}],"collection":[{"href":"https:\/\/www.hbrkahta.com\/index.php\/wp-json\/wp\/v2\/posts"}],"about":[{"href":"https:\/\/www.hbrkahta.com\/index.php\/wp-json\/wp\/v2\/types\/post"}],"author":[{"embeddable":true,"href":"https:\/\/www.hbrkahta.com\/index.php\/wp-json\/wp\/v2\/users\/1"}],"replies":[{"embeddable":true,"href":"https:\/\/www.hbrkahta.com\/index.php\/wp-json\/wp\/v2\/comments?post=18509"}],"version-history":[{"count":1,"href":"https:\/\/www.hbrkahta.com\/index.php\/wp-json\/wp\/v2\/posts\/18509\/revisions"}],"predecessor-version":[{"id":18511,"href":"https:\/\/www.hbrkahta.com\/index.php\/wp-json\/wp\/v2\/posts\/18509\/revisions\/18511"}],"wp:featuredmedia":[{"embeddable":true,"href":"https:\/\/www.hbrkahta.com\/index.php\/wp-json\/wp\/v2\/media\/18510"}],"wp:attachment":[{"href":"https:\/\/www.hbrkahta.com\/index.php\/wp-json\/wp\/v2\/media?parent=18509"}],"wp:term":[{"taxonomy":"category","embeddable":true,"href":"https:\/\/www.hbrkahta.com\/index.php\/wp-json\/wp\/v2\/categories?post=18509"},{"taxonomy":"post_tag","embeddable":true,"href":"https:\/\/www.hbrkahta.com\/index.php\/wp-json\/wp\/v2\/tags?post=18509"}],"curies":[{"name":"wp","href":"https:\/\/api.w.org\/{rel}","templated":true}]}}