{"id":18505,"date":"2025-10-03T04:36:04","date_gmt":"2025-10-03T01:36:04","guid":{"rendered":"https:\/\/www.hbrkahta.com\/?p=18505"},"modified":"2025-10-03T04:36:04","modified_gmt":"2025-10-03T01:36:04","slug":"besnili-sair-serdar-mesenin-ilk-siir-kitabi-raflarda-yerini-aldi","status":"publish","type":"post","link":"https:\/\/www.hbrkahta.com\/index.php\/2025\/10\/03\/besnili-sair-serdar-mesenin-ilk-siir-kitabi-raflarda-yerini-aldi\/","title":{"rendered":"Besnili \u015fair Serdar Me\u015fen\u2019in ilk \u015fiir kitab\u0131 raflarda yerini ald\u0131"},"content":{"rendered":"<p>&#8220;\u015eiirler duygular\u0131n \u00f6z\u00fcd\u00fcr&#8221;<\/p>\n<p>1968 y\u0131l\u0131nda Ad\u0131yaman&#8217;\u0131n Besni il\u00e7esinde d\u00fcnyaya gelen Serdar Me\u015fen, \u015fiirle ilk kez 1983 y\u0131l\u0131nda tan\u0131\u015ft\u0131. Ancak bir s\u00fcre ara verdi\u011fi edebiyat yolculu\u011funa 2019 y\u0131l\u0131nda yeniden ba\u015flayan Me\u015fen, bug\u00fcne kadar yakla\u015f\u0131k 2 bin 500 \u015fiir kaleme ald\u0131.<\/p>\n<p>\u0130lk kitab\u0131nda yer alan \u015fiirlerin b\u00fcy\u00fck \u00e7o\u011funlu\u011funu toplumsal ger\u00e7eklerden ve insani de\u011ferlerden yola \u00e7\u0131karak yazd\u0131\u011f\u0131n\u0131 belirten Me\u015fen, \u015fiire bak\u0131\u015f\u0131n\u0131 \u015fu s\u00f6zlerle ifade ediyor:<\/p>\n<p>&#8220;\u015eiirler duygular\u0131n \u00f6z\u00fcd\u00fcr. \u015eiirlerin evrenselli\u011fi inanc\u0131yla din, dil, \u0131rk, mezhep, renk, co\u011frafya ve b\u00f6lge ayr\u0131m\u0131 yapmadan ge\u00e7mi\u015ften bug\u00fcne kadar ya\u015fanm\u0131\u015f olan ger\u00e7ekleri dikkate alarak ve gelece\u011fe \u0131\u015f\u0131k tutabilece\u011fi inanc\u0131yla yaz\u0131yorum. A\u015fk, sayg\u0131, sevgi, sab\u0131r, ibret, ac\u0131, \u00fcz\u00fcnt\u00fc, hasret, gurbet ve yoksulluk gibi temalarla herkesin duygu ve d\u00fc\u015f\u00fcncelerine terc\u00fcman olaca\u011f\u0131na inan\u0131yorum.&#8221;<\/p>\n<p>Me\u015fen, bug\u00fcne kadar yazd\u0131\u011f\u0131 \u015fiirlerden 15&#8217;inin bir m\u00fczik \u00f6\u011fretmeni taraf\u0131ndan bestelenerek seslendirildi\u011fini de belirtti.<\/p>\n<p><img decoding=\"async\" alt=\"\" src=\"https:\/\/www.hbrkahta.com\/wp-content\/uploads\/2025\/10\/besnili-sair-serdar-mesenin-ilk-siir-kitabi-raflarda-yerini-aldi-0-kYXslFP4.jpg\"><\/p>\n<p>&#8220;De\u011fermi&#8221; \u015fiiri: \u0130nsanl\u0131\u011fa bir vicdan \u00e7a\u011fr\u0131s\u0131<\/p>\n<p>\u015eairin yeni kitab\u0131nda \u00f6ne \u00e7\u0131kan \u015fiirlerden biri olan &#8220;De\u011fermi&#8221;, d\u00fcnyaya ve insana dair g\u00fc\u00e7l\u00fc bir sorgulamay\u0131 yans\u0131t\u0131yor. \u0130nsan\u0131n \u00f6mr\u00fc boyunca yapt\u0131\u011f\u0131 k\u00f6t\u00fcl\u00fcklerin, adaletsizliklerin ve haks\u0131zl\u0131klar\u0131n sonunda anlam\u0131n\u0131 yitirdi\u011fini anlatan \u015fiir, hem bireysel hem toplumsal bir vicdan muhasebesi niteli\u011fi ta\u015f\u0131yor:<\/p>\n<p>&#8220;De\u011fermi hi\u00e7 \u00fc\u00e7 g\u00fcnl\u00fck d\u00fcnyada<\/p>\n<p>Vurup k\u0131rmaya \u00e7al\u0131p \u00e7\u0131rpmaya<\/p>\n<p>Nefse k\u00f6le kullara kul olmaya<\/p>\n<p>Hakk\u0131n huzuruna su\u00e7lu varmaya&#8230;&#8221;<\/p>\n<p>\u015eiir, insan\u0131n \u00f6l\u00fcml\u00fc hayat\u0131 i\u00e7inde zul\u00fcm ve haks\u0131zl\u0131k yerine adalet ve merhameti tercih etmesi gerekti\u011fini hat\u0131rlat\u0131rken, hayat\u0131n fanili\u011fini \u00e7arp\u0131c\u0131 dizelerle dile getiriyor.<\/p>\n<p>Evrensel temalarla insan ruhuna dokunuyor<\/p>\n<p>Serdar Me\u015fen&#8217;in \u015fiirleri yaln\u0131zca ki\u015fisel duygulara de\u011fil, toplumun ortak vicdan\u0131na da sesleniyor. \u015eair, eserlerinde ge\u00e7mi\u015ften bug\u00fcne uzanan insani hik&acirc;yeleri, toplumsal yaralar\u0131 ve bireysel k\u0131r\u0131lmalar\u0131 i\u015fleyerek evrensel bir duygu dili kuruyor.<\/p>\n<p>Kitab\u0131n, \u00f6zellikle Anadolu \u015fiir gelene\u011fi ile \u00e7a\u011fda\u015f \u015fiir anlay\u0131\u015f\u0131n\u0131 birle\u015ftiren tarz\u0131yla dikkat \u00e7ekti\u011fini belirten edebiyat \u00e7evreleri, Me\u015fen&#8217;in eserinin &#8220;yerel de\u011ferlerden evrensele uzanan bir k\u00f6pr\u00fc&#8221; kurdu\u011funu ifade ediyor.<\/p>\n<p>Serdar Me\u015fen&#8217;in ilk \u015fiir kitab\u0131, T\u00fcrkiye&#8217;nin farkl\u0131 \u015fehirlerindeki se\u00e7kin kitap\u00e7\u0131larda ve \u00e7evrim i\u00e7i sat\u0131\u015f platformlar\u0131nda okurlarla bulu\u015ftu.<\/p>\n<p>Kaynak : PERRE<\/p>\n","protected":false},"excerpt":{"rendered":"<p>ADIYAMAN (PERRE) &#8211; Murat KAYI\u015e &#8211; Ad\u0131yaman&#8217;\u0131n Besni il\u00e7esinde do\u011fan ve uzun y\u0131llard\u0131r \u015fiirle u\u011fra\u015fan MESAM \u00fcyesi \u015fair Serdar Me\u015fen, y\u0131llar s\u00fcren birikimini ilk kitab\u0131nda toplad\u0131. Me\u015fen&#8217;in 68 sayfa ve 68 \u015fiirden olu\u015fan ilk \u015fiir kitab\u0131, okurlarla bulu\u015ftu. \u0130nsan ruhunun derinliklerine seslenen, adalet, sevgi, sab\u0131r, hasret, gurbet ve yoksulluk gibi temalar\u0131 i\u015fleyen eser, k\u0131sa s\u00fcrede edebiyatseverlerin ilgisini \u00e7ekti.<\/p>\n","protected":false},"author":1,"featured_media":18506,"comment_status":"open","ping_status":"open","sticky":false,"template":"","format":"standard","meta":{"om_disable_all_campaigns":false,"_monsterinsights_skip_tracking":false,"_monsterinsights_sitenote_active":false,"_monsterinsights_sitenote_note":"","_monsterinsights_sitenote_category":0,"footnotes":""},"categories":[1,11],"tags":[540,552,921,876,2739],"aioseo_notices":[],"_links":{"self":[{"href":"https:\/\/www.hbrkahta.com\/index.php\/wp-json\/wp\/v2\/posts\/18505"}],"collection":[{"href":"https:\/\/www.hbrkahta.com\/index.php\/wp-json\/wp\/v2\/posts"}],"about":[{"href":"https:\/\/www.hbrkahta.com\/index.php\/wp-json\/wp\/v2\/types\/post"}],"author":[{"embeddable":true,"href":"https:\/\/www.hbrkahta.com\/index.php\/wp-json\/wp\/v2\/users\/1"}],"replies":[{"embeddable":true,"href":"https:\/\/www.hbrkahta.com\/index.php\/wp-json\/wp\/v2\/comments?post=18505"}],"version-history":[{"count":1,"href":"https:\/\/www.hbrkahta.com\/index.php\/wp-json\/wp\/v2\/posts\/18505\/revisions"}],"predecessor-version":[{"id":18508,"href":"https:\/\/www.hbrkahta.com\/index.php\/wp-json\/wp\/v2\/posts\/18505\/revisions\/18508"}],"wp:featuredmedia":[{"embeddable":true,"href":"https:\/\/www.hbrkahta.com\/index.php\/wp-json\/wp\/v2\/media\/18506"}],"wp:attachment":[{"href":"https:\/\/www.hbrkahta.com\/index.php\/wp-json\/wp\/v2\/media?parent=18505"}],"wp:term":[{"taxonomy":"category","embeddable":true,"href":"https:\/\/www.hbrkahta.com\/index.php\/wp-json\/wp\/v2\/categories?post=18505"},{"taxonomy":"post_tag","embeddable":true,"href":"https:\/\/www.hbrkahta.com\/index.php\/wp-json\/wp\/v2\/tags?post=18505"}],"curies":[{"name":"wp","href":"https:\/\/api.w.org\/{rel}","templated":true}]}}