{"id":18493,"date":"2025-10-02T12:36:04","date_gmt":"2025-10-02T09:36:04","guid":{"rendered":"https:\/\/www.hbrkahta.com\/?p=18493"},"modified":"2025-10-02T12:36:04","modified_gmt":"2025-10-02T09:36:04","slug":"milletvekili-resul-kurttan-sumud-filosu-baskinina-sert-tepki-insanligin-ortak-vicdanina-vurulmus-agir-bir-darbedir","status":"publish","type":"post","link":"https:\/\/www.hbrkahta.com\/index.php\/2025\/10\/02\/milletvekili-resul-kurttan-sumud-filosu-baskinina-sert-tepki-insanligin-ortak-vicdanina-vurulmus-agir-bir-darbedir\/","title":{"rendered":"Milletvekili Resul Kurt\u2019tan Sumud Filosu bask\u0131n\u0131na sert tepki: \u2018\u0130nsanl\u0131\u011f\u0131n ortak vicdan\u0131na vurulmu\u015f a\u011f\u0131r bir darbedir\u2019"},"content":{"rendered":"<p>\u015eeriban \u00d6Z\u00c7AKMAK &#8211; AK Parti Ad\u0131yaman Milletvekili Do\u00e7. Dr. Resul Kurt, Gazze&#8217;ye insani yard\u0131m ula\u015ft\u0131rmak i\u00e7in yola \u00e7\u0131kan Sumud Filosuna uluslararas\u0131 sularda yap\u0131lan bask\u0131n ve sald\u0131r\u0131ya sert s\u00f6zlerle tepki g\u00f6sterdi.<\/p>\n<p>Kurt, yapt\u0131\u011f\u0131 a\u00e7\u0131klamada \u015fu ifadeleri kulland\u0131:<\/p>\n<p>&#8220;Tek amac\u0131 Gazze&#8217;ye insani yard\u0131m ula\u015ft\u0131rmak, Filistin halk\u0131n\u0131n ya\u015fad\u0131\u011f\u0131 a\u00e7l\u0131k ve soyk\u0131r\u0131ma dikkat \u00e7ekerek ambargoyu a\u015fmak olan Sumud Filosunu bekleyen masum Filistin Halk\u0131n\u0131n ve Sumud Filosunun yan\u0131nday\u0131z.<\/p>\n<p>&#8220;Bu Sald\u0131r\u0131, Devletlerin Kuvvet Kullanma S\u0131n\u0131rlar\u0131n\u0131 Al\u00e7ak\u00e7a A\u015fan Bir Sald\u0131r\u0131d\u0131r&#8221;<\/p>\n<p>Silahs\u0131z ve yaln\u0131zca insani yard\u0131m ta\u015f\u0131yan bu filoya uluslararas\u0131 sularda yap\u0131lan zorbal\u0131k, \u015fiddet ve sald\u0131r\u0131 hi\u00e7bir gerek\u00e7eyle a\u00e7\u0131klanamaz. Bu al\u00e7ak sald\u0131r\u0131; insan hayat\u0131n\u0131 hi\u00e7e sayan, hukuku ayaklar alt\u0131na alan ve devletlerin kuvvet kullanma s\u0131n\u0131rlar\u0131n\u0131 al\u00e7ak\u00e7a a\u015fan bir sald\u0131r\u0131d\u0131r.<\/p>\n<p>&#8220;\u0130nsanl\u0131\u011f\u0131n De\u011ferlerine ve Vicdan\u0131na Yap\u0131lm\u0131\u015f Bir Sald\u0131r\u0131d\u0131r&#8221;<\/p>\n<p>\u0130nsani yard\u0131ma dahi tahamm\u00fcl g\u00f6steremeyen bu anlay\u0131\u015f, insanl\u0131\u011f\u0131n ortak vicdan\u0131na vurulmu\u015f a\u011f\u0131r bir darbedir. Uluslararas\u0131 hukukun, insanc\u0131l hukukun ve temel insan haklar\u0131n\u0131n bu denli a\u00e7\u0131k ihlali, sald\u0131r\u0131y\u0131 ger\u00e7ekle\u015ftiren katil siyonist \u0130srail&#8217;in \u00e7ok ciddi bir \u015fekilde uluslararas\u0131 hukuk \u00e7er\u00e7evesinde cezaland\u0131r\u0131lmas\u0131n\u0131 gerektirmektedir. Tarih ve hukuk \u00f6n\u00fcnde bu al\u00e7ak sald\u0131r\u0131, yaln\u0131zca Sumud Filosuna de\u011fil, insanl\u0131\u011f\u0131n de\u011ferlerine ve vicdan\u0131na yap\u0131lm\u0131\u015f bir sald\u0131r\u0131d\u0131r.<\/p>\n<p>T\u00fcm d\u00fcnyan\u0131n canl\u0131 yay\u0131nda \u015fahit oldu\u011fu bu vah\u015feti en a\u011f\u0131r \u015fekilde k\u0131n\u0131yor, masumlar\u0131n yan\u0131nda oldu\u011fumuzu ve bu hukuk tan\u0131mazl\u0131\u011f\u0131n asla cezas\u0131z kalmayaca\u011f\u0131n\u0131 hayk\u0131r\u0131yoruz.&#8221;<\/p>\n<p>Kaynak : PERRE<\/p>\n","protected":false},"excerpt":{"rendered":"<p>ADIYAMAN (PERRE) &#8211; AK Parti Genel Merkez Sivil Toplum ve Halkla \u0130li\u015fkiler Ba\u015fkan Yard\u0131mc\u0131s\u0131, Ad\u0131yaman Milletvekili Do\u00e7. Dr. Resul Kurt, \u0130srail&#8217;in Gazze halk\u0131na insani yard\u0131m ula\u015ft\u0131rmak amac\u0131yla yola \u00e7\u0131kan ve Gazze a\u00e7\u0131klar\u0131na yakla\u015fan K\u00fcresel Sumud Filosu&#8217;na y\u00f6nelik sald\u0131r\u0131s\u0131n\u0131 sert bir \u015fekilde k\u0131nad\u0131.<\/p>\n","protected":false},"author":1,"featured_media":18494,"comment_status":"open","ping_status":"open","sticky":false,"template":"","format":"standard","meta":{"om_disable_all_campaigns":false,"_monsterinsights_skip_tracking":false,"_monsterinsights_sitenote_active":false,"_monsterinsights_sitenote_note":"","_monsterinsights_sitenote_category":0,"footnotes":""},"categories":[1,11],"tags":[540,305,921,165],"aioseo_notices":[],"_links":{"self":[{"href":"https:\/\/www.hbrkahta.com\/index.php\/wp-json\/wp\/v2\/posts\/18493"}],"collection":[{"href":"https:\/\/www.hbrkahta.com\/index.php\/wp-json\/wp\/v2\/posts"}],"about":[{"href":"https:\/\/www.hbrkahta.com\/index.php\/wp-json\/wp\/v2\/types\/post"}],"author":[{"embeddable":true,"href":"https:\/\/www.hbrkahta.com\/index.php\/wp-json\/wp\/v2\/users\/1"}],"replies":[{"embeddable":true,"href":"https:\/\/www.hbrkahta.com\/index.php\/wp-json\/wp\/v2\/comments?post=18493"}],"version-history":[{"count":1,"href":"https:\/\/www.hbrkahta.com\/index.php\/wp-json\/wp\/v2\/posts\/18493\/revisions"}],"predecessor-version":[{"id":18495,"href":"https:\/\/www.hbrkahta.com\/index.php\/wp-json\/wp\/v2\/posts\/18493\/revisions\/18495"}],"wp:featuredmedia":[{"embeddable":true,"href":"https:\/\/www.hbrkahta.com\/index.php\/wp-json\/wp\/v2\/media\/18494"}],"wp:attachment":[{"href":"https:\/\/www.hbrkahta.com\/index.php\/wp-json\/wp\/v2\/media?parent=18493"}],"wp:term":[{"taxonomy":"category","embeddable":true,"href":"https:\/\/www.hbrkahta.com\/index.php\/wp-json\/wp\/v2\/categories?post=18493"},{"taxonomy":"post_tag","embeddable":true,"href":"https:\/\/www.hbrkahta.com\/index.php\/wp-json\/wp\/v2\/tags?post=18493"}],"curies":[{"name":"wp","href":"https:\/\/api.w.org\/{rel}","templated":true}]}}