{"id":18462,"date":"2025-10-01T17:12:04","date_gmt":"2025-10-01T14:12:04","guid":{"rendered":"https:\/\/www.hbrkahta.com\/?p=18462"},"modified":"2025-10-01T17:12:04","modified_gmt":"2025-10-01T14:12:04","slug":"adiyaman-ili-tasra-birimleri-eylul-ayi-koordinasyon-ve-degerlendirme-toplantisi-duzenlendi","status":"publish","type":"post","link":"https:\/\/www.hbrkahta.com\/index.php\/2025\/10\/01\/adiyaman-ili-tasra-birimleri-eylul-ayi-koordinasyon-ve-degerlendirme-toplantisi-duzenlendi\/","title":{"rendered":"Ad\u0131yaman \u0130li Ta\u015fra Birimleri Eyl\u00fcl Ay\u0131 Koordinasyon ve De\u011ferlendirme Toplant\u0131s\u0131 d\u00fczenlendi"},"content":{"rendered":"<p>\u015eeriban \u00d6Z\u00c7AKMAK &#8211; Ad\u0131yaman \u0130li Ta\u015fra Birimleri Koordinasyon ve De\u011ferlendirme Toplant\u0131s\u0131, Ad\u0131yaman \u0130l Tar\u0131m ve Orman M\u00fcd\u00fcr\u00fc Abdulkadir Akkan&#8217;\u0131n koordinat\u00f6rl\u00fc\u011f\u00fcnde yap\u0131ld\u0131. Toplant\u0131da, Tar\u0131m Kredi Kooperatifi taraf\u0131ndan badem al\u0131mlar\u0131n\u0131n yap\u0131lmakta oldu\u011fu, \u00e7ift\u00e7ilerin bu konuda bilgilendirilmesi i\u00e7in ortak \u00e7al\u0131\u015fma yap\u0131lmas\u0131 ve orman yang\u0131nlar\u0131n\u0131n \u00f6nlenmesi konusunda ta\u015fra birimleri taraf\u0131ndan hakeza ortak \u00e7al\u0131\u015fma yap\u0131lmas\u0131 kararla\u015ft\u0131r\u0131ld\u0131.<\/p>\n<p>TMO, Tar\u0131m Kredi Kooperatifi, Sert Kabuklu Meyveler Ara\u015ft\u0131rma Enstit\u00fcs\u00fc M\u00fcd\u00fcrl\u00fc\u011f\u00fc, Tohum Test Merkezi M\u00fcd\u00fcrl\u00fc\u011f\u00fc, Do\u011fa Koruma ve Milli Parklar M\u00fcd\u00fcrl\u00fc\u011f\u00fc, DS\u0130 203. \u015eube M\u00fcd\u00fcrl\u00fc\u011f\u00fc, Orman \u0130\u015fletme M\u00fcd\u00fcrl\u00fc\u011f\u00fc ve Orman Fidanl\u0131k M\u00fcd\u00fcrl\u00fc\u011f\u00fc yetkilileri de kat\u0131ld\u0131.<\/p>\n<p>Kaynak : PERRE<\/p>\n","protected":false},"excerpt":{"rendered":"<p>ADIYAMAN (PERRE) &#8211; Tar\u0131m ve Orman Bakanl\u0131\u011f\u0131&#8217;na ba\u011fl\u0131, ilgili kurum ve kurulu\u015flar aras\u0131nda d\u00fczenlenen &#8216;Ad\u0131yaman \u0130li Ta\u015fra Birimleri Eyl\u00fcl Ay\u0131 Koordinasyon ve De\u011ferlendirme Toplant\u0131s\u0131&#8217; Ad\u0131yaman \u0130l Tar\u0131m ve Orman M\u00fcd\u00fcrl\u00fc\u011f\u00fc&#8217;n\u00fcn ev sahipli\u011finde ger\u00e7ekle\u015ftirildi.<\/p>\n","protected":false},"author":1,"featured_media":18463,"comment_status":"open","ping_status":"open","sticky":false,"template":"","format":"standard","meta":{"om_disable_all_campaigns":false,"_monsterinsights_skip_tracking":false,"_monsterinsights_sitenote_active":false,"_monsterinsights_sitenote_note":"","_monsterinsights_sitenote_category":0,"footnotes":""},"categories":[1,11],"tags":[1537],"aioseo_notices":[],"_links":{"self":[{"href":"https:\/\/www.hbrkahta.com\/index.php\/wp-json\/wp\/v2\/posts\/18462"}],"collection":[{"href":"https:\/\/www.hbrkahta.com\/index.php\/wp-json\/wp\/v2\/posts"}],"about":[{"href":"https:\/\/www.hbrkahta.com\/index.php\/wp-json\/wp\/v2\/types\/post"}],"author":[{"embeddable":true,"href":"https:\/\/www.hbrkahta.com\/index.php\/wp-json\/wp\/v2\/users\/1"}],"replies":[{"embeddable":true,"href":"https:\/\/www.hbrkahta.com\/index.php\/wp-json\/wp\/v2\/comments?post=18462"}],"version-history":[{"count":1,"href":"https:\/\/www.hbrkahta.com\/index.php\/wp-json\/wp\/v2\/posts\/18462\/revisions"}],"predecessor-version":[{"id":18464,"href":"https:\/\/www.hbrkahta.com\/index.php\/wp-json\/wp\/v2\/posts\/18462\/revisions\/18464"}],"wp:featuredmedia":[{"embeddable":true,"href":"https:\/\/www.hbrkahta.com\/index.php\/wp-json\/wp\/v2\/media\/18463"}],"wp:attachment":[{"href":"https:\/\/www.hbrkahta.com\/index.php\/wp-json\/wp\/v2\/media?parent=18462"}],"wp:term":[{"taxonomy":"category","embeddable":true,"href":"https:\/\/www.hbrkahta.com\/index.php\/wp-json\/wp\/v2\/categories?post=18462"},{"taxonomy":"post_tag","embeddable":true,"href":"https:\/\/www.hbrkahta.com\/index.php\/wp-json\/wp\/v2\/tags?post=18462"}],"curies":[{"name":"wp","href":"https:\/\/api.w.org\/{rel}","templated":true}]}}